{"id":63747,"date":"2024-11-04T13:34:59","date_gmt":"2024-11-04T16:34:59","guid":{"rendered":"https:\/\/www.portalalerta.com.br\/?p=63747"},"modified":"2024-11-04T13:35:00","modified_gmt":"2024-11-04T16:35:00","slug":"morre-o-cantor-agnaldo-rayol-aos-86-anos","status":"publish","type":"post","link":"https:\/\/www.portalalerta.com.br\/index.php\/2024\/11\/04\/morre-o-cantor-agnaldo-rayol-aos-86-anos\/","title":{"rendered":"Morre o cantor Agnaldo Rayol, aos 86 anos"},"content":{"rendered":"\n<p>Ele faleceu ap\u00f3s cair em sua casa em Santana, na zona Norte de S\u00e3o Paulo<\/p>\n\n\n\n<!--more-->\n\n\n\n<p>O cantor Agnaldo Rayol morreu, aos 86 anos, na madrugada desta segunda-feira (4). Ele faleceu ap\u00f3s sofrer uma queda em sua casa em Santana, na zona norte de S\u00e3o Paulo.<\/p>\n\n\n<div class=\"wp-block-image\">\n<figure class=\"alignleft size-large is-resized\"><img fetchpriority=\"high\" decoding=\"async\" src=\"https:\/\/www.portalalerta.com.br\/wp-content\/uploads\/2024\/04\/Sabino-Tijolo-576x1024.jpg\" alt=\"\" class=\"wp-image-56164\" width=\"403\" height=\"716\" srcset=\"https:\/\/www.portalalerta.com.br\/wp-content\/uploads\/2024\/04\/Sabino-Tijolo-576x1024.jpg 576w, https:\/\/www.portalalerta.com.br\/wp-content\/uploads\/2024\/04\/Sabino-Tijolo-135x240.jpg 135w, https:\/\/www.portalalerta.com.br\/wp-content\/uploads\/2024\/04\/Sabino-Tijolo.jpg 591w\" sizes=\"(max-width: 403px) 100vw, 403px\" \/><\/figure><\/div>\n\n\n<p>O artista estava acompanhado de um cuidador da fam\u00edlia. Ele estava l\u00facido quando o Servi\u00e7o de Atendimento M\u00f3vel de Urg\u00eancia (SAMU) foi acionado.<\/p>\n\n\n\n<p>Segundo a assessoria de imprensa do artista, a ambul\u00e2ncia demorou a chegar.<\/p>\n\n\n\n<p><a href=\"https:\/\/www.cnnbrasil.com.br\/nacional\/a-gente-achava-que-ele-nunca-iria-morrer-diz-amigo-de-agnaldo-rayol\/\">\u201cAch\u00e1vamos que nunca morreria\u201d, diz amigo sobre Agnaldo Rayol<\/a><\/p>\n\n\n\n<p><a href=\"https:\/\/www.cnnbrasil.com.br\/nacional\/cantor-agnaldo-rayol-morreu-apos-queda-em-casa-saiba-como-foi\/\">Rayol foi levado ao Hospital HSanp, tamb\u00e9m no bairro de Santana<\/a>. Ele tinha um corte na cabe\u00e7a.<\/p>\n\n\n\n<p>Em nota, a prefeitura de S\u00e3o Paulo lamentou a morte do artista e disse que ir\u00e1 apurar os detalhes do atendimento prestado pelo SAMU.<\/p>\n\n\n\n<p><strong>Agnaldo Rayol<\/strong><\/p>\n\n\n\n<p><a href=\"https:\/\/www.cnnbrasil.com.br\/entretenimento\/quem-foi-agnaldo-rayol-cantor-que-morreu-aos-86-anos-apos-cair-em-casa\/\">Agnaldo Rayol ficou conhecido pela voz de bar\u00edtono<\/a>&nbsp;e sua participa\u00e7\u00e3o como cantor e apresentador em diversas atra\u00e7\u00f5es da televis\u00e3o brasileira.<\/p>\n\n\n\n<p>Entre os maiores&nbsp;<a href=\"https:\/\/www.cnnbrasil.com.br\/entretenimento\/agnaldo-rayol-relembre-os-maiores-sucessos-do-cantor-brasileiro\/\">sucessos do artista<\/a>, est\u00e3o suas interpreta\u00e7\u00f5es de can\u00e7\u00f5es italianas, tais como \u201cMia Gioconda\u201d e \u201cTormento D\u2019Amore\u201d.<\/p>\n\n\n\n<p>Em nota, a assessoria de imprensa do cantor destacou a trajet\u00f3ria de Rayol:<\/p>\n\n\n\n<p>\u201cAgnaldo Rayol deixa um legado inestim\u00e1vel para a m\u00fasica brasileira, com uma carreira que atravessou d\u00e9cadas e tocou os cora\u00e7\u00f5es de milh\u00f5es de f\u00e3s. A fam\u00edlia agradece as manifesta\u00e7\u00f5es de carinho e apoio. Informa\u00e7\u00f5es sobre o vel\u00f3rio e cerim\u00f4nia de despedida ser\u00e3o divulgadas em breve\u201d, diz o comunicado.<\/p>\n\n\n\n<p><em>Fonte: CNN<\/em><\/p>\n","protected":false},"excerpt":{"rendered":"<p>Ele faleceu ap\u00f3s cair em sua casa em Santana, na zona Norte de S\u00e3o Paulo<\/p>\n","protected":false},"author":2,"featured_media":63741,"comment_status":"open","ping_status":"open","sticky":false,"template":"","format":"standard","meta":{"om_disable_all_campaigns":false,"_monsterinsights_skip_tracking":false,"_monsterinsights_sitenote_active":false,"_monsterinsights_sitenote_note":"","_monsterinsights_sitenote_category":0,"footnotes":""},"categories":[70,69],"tags":[],"class_list":["post-63747","post","type-post","status-publish","format-standard","has-post-thumbnail","hentry","category-destaques","category-noticias2"],"aioseo_notices":[],"_links":{"self":[{"href":"https:\/\/www.portalalerta.com.br\/index.php\/wp-json\/wp\/v2\/posts\/63747","targetHints":{"allow":["GET"]}}],"collection":[{"href":"https:\/\/www.portalalerta.com.br\/index.php\/wp-json\/wp\/v2\/posts"}],"about":[{"href":"https:\/\/www.portalalerta.com.br\/index.php\/wp-json\/wp\/v2\/types\/post"}],"author":[{"embeddable":true,"href":"https:\/\/www.portalalerta.com.br\/index.php\/wp-json\/wp\/v2\/users\/2"}],"replies":[{"embeddable":true,"href":"https:\/\/www.portalalerta.com.br\/index.php\/wp-json\/wp\/v2\/comments?post=63747"}],"version-history":[{"count":1,"href":"https:\/\/www.portalalerta.com.br\/index.php\/wp-json\/wp\/v2\/posts\/63747\/revisions"}],"predecessor-version":[{"id":63748,"href":"https:\/\/www.portalalerta.com.br\/index.php\/wp-json\/wp\/v2\/posts\/63747\/revisions\/63748"}],"wp:featuredmedia":[{"embeddable":true,"href":"https:\/\/www.portalalerta.com.br\/index.php\/wp-json\/wp\/v2\/media\/63741"}],"wp:attachment":[{"href":"https:\/\/www.portalalerta.com.br\/index.php\/wp-json\/wp\/v2\/media?parent=63747"}],"wp:term":[{"taxonomy":"category","embeddable":true,"href":"https:\/\/www.portalalerta.com.br\/index.php\/wp-json\/wp\/v2\/categories?post=63747"},{"taxonomy":"post_tag","embeddable":true,"href":"https:\/\/www.portalalerta.com.br\/index.php\/wp-json\/wp\/v2\/tags?post=63747"}],"curies":[{"name":"wp","href":"https:\/\/api.w.org\/{rel}","templated":true}]}}