{"id":63806,"date":"2024-11-05T01:28:36","date_gmt":"2024-11-05T04:28:36","guid":{"rendered":"https:\/\/www.portalalerta.com.br\/?p=63806"},"modified":"2024-11-05T01:38:26","modified_gmt":"2024-11-05T04:38:26","slug":"ribeira-do-pombal-ba-volta-a-registrar-homicidio-apos-seis-meses-jovem-foi-assassinado-no-centro-da-cidade","status":"publish","type":"post","link":"https:\/\/www.portalalerta.com.br\/index.php\/2024\/11\/05\/ribeira-do-pombal-ba-volta-a-registrar-homicidio-apos-seis-meses-jovem-foi-assassinado-no-centro-da-cidade\/","title":{"rendered":"Ribeira do Pombal-BA volta a registrar homic\u00eddio ap\u00f3s seis meses. Jovem foi assassinado no centro da cidade!"},"content":{"rendered":"\n<p>Este \u00e9 o quinto homic\u00eddio do ano na cidade.<\/p>\n\n\n\n<!--more-->\n\n\n\n<p>Na noite desta segunda-feira (04), um jovem de apenas 22 anos foi assassinado a tiros quando se encontrava na Rua Miguel Calmon, centro da cidade.<\/p>\n\n\n\n<p>De acordo com informa\u00e7\u00f5es preliminares, os criminosos chegaram ao local a bordo de uma moto de dados n\u00e3o informados, e portando armas de fogo, efetuaram diversos disparos que alvejaram o jovem, identificado como Ruan Pablo Santos da Silva.<\/p>\n\n\n\n<p>O caso foi informado aos policiais militares da cidade, que foram at\u00e9 o local, por\u00e9m n\u00e3o restou mais nada a ser feito, a n\u00e3o ser preservar o local do crime, tendo em vista que Ruan j\u00e1 n\u00e3o apresentava sinais vitais. O caso foi informado ao Departamento de Pol\u00edcia T\u00e9cnica (DPT \u2013 Euclides da Cunha), para a realiza\u00e7\u00e3o da per\u00edcia, bem como a remo\u00e7\u00e3o do corpo para ser autopsiado.<\/p>\n\n\n\n<p>Este \u00e9 quinto homic\u00eddio do ano na cidade. O \u00faltimo crime desta natureza no munic\u00edpio foi registrado h\u00e1 mais de seis meses.<\/p>\n\n\n\n<p>A autoria e motiva\u00e7\u00e3o do crime dever\u00e3o ser investigadas pela Pol\u00edcia Civil local.<\/p>\n\n\n\n<figure class=\"wp-block-embed is-type-video is-provider-youtube wp-block-embed-youtube wp-embed-aspect-4-3 wp-has-aspect-ratio\"><div class=\"wp-block-embed__wrapper\">\n<iframe title=\"Ribeira do Pombal-BA volta a registrar homic\u00eddio ap\u00f3s seis meses\" width=\"500\" height=\"375\" src=\"https:\/\/www.youtube.com\/embed\/FPQxy0F34i8?feature=oembed\" frameborder=\"0\" allow=\"accelerometer; autoplay; clipboard-write; encrypted-media; gyroscope; picture-in-picture; web-share\" referrerpolicy=\"strict-origin-when-cross-origin\" allowfullscreen><\/iframe>\n<\/div><\/figure>\n\n\n\n<p><em>Reda\u00e7\u00e3o: Portal Alerta<\/em><\/p>\n","protected":false},"excerpt":{"rendered":"<p>Este \u00e9 o quinto homic\u00eddio do ano na cidade.<\/p>\n","protected":false},"author":2,"featured_media":63807,"comment_status":"open","ping_status":"open","sticky":false,"template":"","format":"standard","meta":{"om_disable_all_campaigns":false,"_monsterinsights_skip_tracking":false,"_monsterinsights_sitenote_active":false,"_monsterinsights_sitenote_note":"","_monsterinsights_sitenote_category":0,"footnotes":""},"categories":[70,69,32,3,22],"tags":[100,71,48,75,4178,4180,375,129,107,4181,206,132,230,169,106,203,120,51,109,88,47,111,190],"class_list":["post-63806","post","type-post","status-publish","format-standard","has-post-thumbnail","hentry","category-destaques","category-noticias2","category-regiao","category-ribeira-do-pombal","category-seguranca","tag-adustina","tag-antas","tag-araci","tag-cicero-dantas","tag-cipo-2","tag-crisopolis-2","tag-disparos-de-arma-de-fogo","tag-euclides-da-cunha","tag-fatima","tag-heliopolis-2","tag-homicidio","tag-itapicuru","tag-jeremoabo","tag-morte","tag-nova-soure","tag-novo-triunfo","tag-olindina","tag-paripiranga","tag-quijingue","tag-ribeira-do-amparo","tag-ribeira-do-pombal","tag-sitio-do-quinto","tag-tucano"],"aioseo_notices":[],"_links":{"self":[{"href":"https:\/\/www.portalalerta.com.br\/index.php\/wp-json\/wp\/v2\/posts\/63806","targetHints":{"allow":["GET"]}}],"collection":[{"href":"https:\/\/www.portalalerta.com.br\/index.php\/wp-json\/wp\/v2\/posts"}],"about":[{"href":"https:\/\/www.portalalerta.com.br\/index.php\/wp-json\/wp\/v2\/types\/post"}],"author":[{"embeddable":true,"href":"https:\/\/www.portalalerta.com.br\/index.php\/wp-json\/wp\/v2\/users\/2"}],"replies":[{"embeddable":true,"href":"https:\/\/www.portalalerta.com.br\/index.php\/wp-json\/wp\/v2\/comments?post=63806"}],"version-history":[{"count":2,"href":"https:\/\/www.portalalerta.com.br\/index.php\/wp-json\/wp\/v2\/posts\/63806\/revisions"}],"predecessor-version":[{"id":63814,"href":"https:\/\/www.portalalerta.com.br\/index.php\/wp-json\/wp\/v2\/posts\/63806\/revisions\/63814"}],"wp:featuredmedia":[{"embeddable":true,"href":"https:\/\/www.portalalerta.com.br\/index.php\/wp-json\/wp\/v2\/media\/63807"}],"wp:attachment":[{"href":"https:\/\/www.portalalerta.com.br\/index.php\/wp-json\/wp\/v2\/media?parent=63806"}],"wp:term":[{"taxonomy":"category","embeddable":true,"href":"https:\/\/www.portalalerta.com.br\/index.php\/wp-json\/wp\/v2\/categories?post=63806"},{"taxonomy":"post_tag","embeddable":true,"href":"https:\/\/www.portalalerta.com.br\/index.php\/wp-json\/wp\/v2\/tags?post=63806"}],"curies":[{"name":"wp","href":"https:\/\/api.w.org\/{rel}","templated":true}]}}