{"id":63881,"date":"2024-11-05T23:51:09","date_gmt":"2024-11-06T02:51:09","guid":{"rendered":"https:\/\/www.portalalerta.com.br\/?p=63881"},"modified":"2024-11-05T23:51:11","modified_gmt":"2024-11-06T02:51:11","slug":"lupi-nega-cortes-na-previdencia-social-mas-indica-revisao-de-criterios-do-bpc","status":"publish","type":"post","link":"https:\/\/www.portalalerta.com.br\/index.php\/2024\/11\/05\/lupi-nega-cortes-na-previdencia-social-mas-indica-revisao-de-criterios-do-bpc\/","title":{"rendered":"Lupi nega cortes na Previd\u00eancia Social, mas indica revis\u00e3o de crit\u00e9rios do BPC"},"content":{"rendered":"\n<p>Ministro disse que governo estuda uma revis\u00e3o nos crit\u00e9rios de concess\u00e3o do BPC, que atende idosos e pessoas com defici\u00eancia<\/p>\n\n\n\n<!--more-->\n\n\n\n<p>O ministro da Previd\u00eancia Social, Carlos Lupi, negou nesta ter\u00e7a-feira (5) que o pacote de corte de gastos anunciado pelo governo v\u00e1 atingir a pasta. No entanto, ele indicou que deve acontecer uma revis\u00e3o no BPC (Benef\u00edcio de Presta\u00e7\u00e3o Continuada) para eliminar as irregularidades. O benef\u00edcio, pago a idosos e pessoas com defici\u00eancia de baixa renda, atualmente atende mais de 6 milh\u00f5es de benefici\u00e1rios.<\/p>\n\n\n<div class=\"wp-block-image\">\n<figure class=\"alignleft size-large is-resized\"><img fetchpriority=\"high\" decoding=\"async\" src=\"https:\/\/www.portalalerta.com.br\/wp-content\/uploads\/2024\/04\/autoescola-emprego-1024x1024.jpg\" alt=\"\" class=\"wp-image-55693\" width=\"362\" height=\"362\" srcset=\"https:\/\/www.portalalerta.com.br\/wp-content\/uploads\/2024\/04\/autoescola-emprego-1024x1024.jpg 1024w, https:\/\/www.portalalerta.com.br\/wp-content\/uploads\/2024\/04\/autoescola-emprego-240x240.jpg 240w, https:\/\/www.portalalerta.com.br\/wp-content\/uploads\/2024\/04\/autoescola-emprego-768x768.jpg 768w, https:\/\/www.portalalerta.com.br\/wp-content\/uploads\/2024\/04\/autoescola-emprego.jpg 1080w\" sizes=\"(max-width: 362px) 100vw, 362px\" \/><\/figure><\/div>\n\n\n<p>Lupi afirmou que <strong><em>\u201cn\u00e3o h\u00e1 nenhum corte previsto na Previd\u00eancia Social, pois s\u00e3o despesas obrigat\u00f3rias constitucionais e n\u00e3o t\u00eam como ser cortadas\u201d<\/em><\/strong>. Segundo o ministro, o foco das discuss\u00f5es no minist\u00e9rio \u00e9 ajustar as regras do BPC para eliminar concess\u00f5es irregulares, garantindo que apenas quem realmente tem direito ao benef\u00edcio seja atendido.<\/p>\n\n\n\n<p><strong><em>\u201cDurante a pandemia, houve um afrouxamento nas regras, pois as necessidades da popula\u00e7\u00e3o eram urgentes naquele momento. Com isso, o n\u00famero de pessoas que passaram a receber aumentou sem um crit\u00e9rio mais justo. Agora vamos revisar esse crit\u00e9rio para separar o joio do trigo. Quem tem direito vai receber, e quem n\u00e3o tem, n\u00e3o receber\u00e1\u201d,<\/em><\/strong> afirmou o ministro.<\/p>\n\n\n\n<p><strong><em>\u201cA discuss\u00e3o \u00e9 buscar efic\u00e1cia na administra\u00e7\u00e3o p\u00fablica, garantir o direito a quem tem direito, mas n\u00e3o deixar que quem n\u00e3o tem direito permane\u00e7a com ele. Estamos trabalhando com muita tranquilidade nesse sentido.\u201d<\/em><\/strong><\/p>\n\n\n\n<p>Mais cedo, Lupi esteve na C\u00e2mara dos Deputados para uma reuni\u00e3o com a bancada do PDT, partido do qual \u00e9 presidente nacional. Entre outros temas, os deputados decidiram formalizar o apoio a Hugo Motta na disputa pela presid\u00eancia da C\u00e2mara.<\/p>\n\n\n\n<p><strong>Reuni\u00e3o com a equipe econ\u00f4mica<\/strong><\/p>\n\n\n\n<p>A\u00a0equipe econ\u00f4mica do governo federal\u00a0chamou nesta ter\u00e7a-feira (5) novas \u00e1reas do Executivo para discutir o\u00a0corte de gastos p\u00fablicos\u00a0que ser\u00e1 feito. Al\u00e9m de Lupi, tamb\u00e9m participou da reuni\u00e3o o ministro Wellington Dias, chefe da pasta do Desenvolvimento e Assist\u00eancia Social, Fam\u00edlia e Combate \u00e0 Fome.<\/p>\n\n\n\n<p>Segundo o ministro da Fazenda, Fernando Haddad, o governo federal deve anunciar o pacote com as medidas ainda nesta semana. <strong><em>\u201cEstamos na reta final.\u201d<\/em><\/strong><\/p>\n\n\n\n<p><em>Fonte: R7<\/em><\/p>\n","protected":false},"excerpt":{"rendered":"<p>Ministro disse que governo estuda uma revis\u00e3o nos crit\u00e9rios de concess\u00e3o do BPC, que atende idosos e pessoas com defici\u00eancia<\/p>\n","protected":false},"author":2,"featured_media":63882,"comment_status":"open","ping_status":"open","sticky":false,"template":"","format":"standard","meta":{"om_disable_all_campaigns":false,"_monsterinsights_skip_tracking":false,"_monsterinsights_sitenote_active":false,"_monsterinsights_sitenote_note":"","_monsterinsights_sitenote_category":0,"footnotes":""},"categories":[34,70,69,21],"tags":[100,71,48,93,1695,75,4178,4180,129,107,249,4181,132,230,106,203,120,51,707,109,88,47,111,190],"class_list":["post-63881","post","type-post","status-publish","format-standard","has-post-thumbnail","hentry","category-brasil","category-destaques","category-noticias2","category-politica","tag-adustina","tag-antas","tag-araci","tag-brasil","tag-carlos-lupi","tag-cicero-dantas","tag-cipo-2","tag-crisopolis-2","tag-euclides-da-cunha","tag-fatima","tag-governo-federal","tag-heliopolis-2","tag-itapicuru","tag-jeremoabo","tag-nova-soure","tag-novo-triunfo","tag-olindina","tag-paripiranga","tag-previdencia-social","tag-quijingue","tag-ribeira-do-amparo","tag-ribeira-do-pombal","tag-sitio-do-quinto","tag-tucano"],"aioseo_notices":[],"_links":{"self":[{"href":"https:\/\/www.portalalerta.com.br\/index.php\/wp-json\/wp\/v2\/posts\/63881","targetHints":{"allow":["GET"]}}],"collection":[{"href":"https:\/\/www.portalalerta.com.br\/index.php\/wp-json\/wp\/v2\/posts"}],"about":[{"href":"https:\/\/www.portalalerta.com.br\/index.php\/wp-json\/wp\/v2\/types\/post"}],"author":[{"embeddable":true,"href":"https:\/\/www.portalalerta.com.br\/index.php\/wp-json\/wp\/v2\/users\/2"}],"replies":[{"embeddable":true,"href":"https:\/\/www.portalalerta.com.br\/index.php\/wp-json\/wp\/v2\/comments?post=63881"}],"version-history":[{"count":1,"href":"https:\/\/www.portalalerta.com.br\/index.php\/wp-json\/wp\/v2\/posts\/63881\/revisions"}],"predecessor-version":[{"id":63883,"href":"https:\/\/www.portalalerta.com.br\/index.php\/wp-json\/wp\/v2\/posts\/63881\/revisions\/63883"}],"wp:featuredmedia":[{"embeddable":true,"href":"https:\/\/www.portalalerta.com.br\/index.php\/wp-json\/wp\/v2\/media\/63882"}],"wp:attachment":[{"href":"https:\/\/www.portalalerta.com.br\/index.php\/wp-json\/wp\/v2\/media?parent=63881"}],"wp:term":[{"taxonomy":"category","embeddable":true,"href":"https:\/\/www.portalalerta.com.br\/index.php\/wp-json\/wp\/v2\/categories?post=63881"},{"taxonomy":"post_tag","embeddable":true,"href":"https:\/\/www.portalalerta.com.br\/index.php\/wp-json\/wp\/v2\/tags?post=63881"}],"curies":[{"name":"wp","href":"https:\/\/api.w.org\/{rel}","templated":true}]}}