{"id":63886,"date":"2024-11-06T00:22:49","date_gmt":"2024-11-06T03:22:49","guid":{"rendered":"https:\/\/www.portalalerta.com.br\/?p=63886"},"modified":"2024-11-06T00:22:51","modified_gmt":"2024-11-06T03:22:51","slug":"lider-do-pdt-diz-que-elmar-desistiu-de-candidatura-ao-comando-da-camara","status":"publish","type":"post","link":"https:\/\/www.portalalerta.com.br\/index.php\/2024\/11\/06\/lider-do-pdt-diz-que-elmar-desistiu-de-candidatura-ao-comando-da-camara\/","title":{"rendered":"L\u00edder do PDT diz que Elmar desistiu de candidatura ao comando da C\u00e2mara"},"content":{"rendered":"\n<p>Inicialmente favorito na disputa, Elmar teria oficializado desist\u00eancia aos pedetistas<\/p>\n\n\n\n<!--more-->\n\n\n\n<p>O l\u00edder do PDT na C\u00e2mara dos Deputados, Afonso Motta (RS), disse, nesta ter\u00e7a-feira (5), que o l\u00edder do Uni\u00e3o Brasil, Elmar Nascimento (BA), comunicou \u00e0 bancada pedetista a desist\u00eancia da candidatura \u00e0 presid\u00eancia da Casa. At\u00e9 o momento, oficialmente, Elmar n\u00e3o havia desistido do posto. Procurada pelo&nbsp;<strong>R7<\/strong>, a equipe do deputado baiano informou que <strong><em>\u201cquando ele desistir\u201d<\/em><\/strong>, vai <strong><em>\u201ccomunicar oficialmente\u201d.<\/em><\/strong><\/p>\n\n\n<div class=\"wp-block-image\">\n<figure class=\"alignleft size-large is-resized\"><img fetchpriority=\"high\" decoding=\"async\" src=\"https:\/\/www.portalalerta.com.br\/wp-content\/uploads\/2024\/04\/Sabino-Tijolo-576x1024.jpg\" alt=\"\" class=\"wp-image-56164\" width=\"446\" height=\"793\" srcset=\"https:\/\/www.portalalerta.com.br\/wp-content\/uploads\/2024\/04\/Sabino-Tijolo-576x1024.jpg 576w, https:\/\/www.portalalerta.com.br\/wp-content\/uploads\/2024\/04\/Sabino-Tijolo-135x240.jpg 135w, https:\/\/www.portalalerta.com.br\/wp-content\/uploads\/2024\/04\/Sabino-Tijolo.jpg 591w\" sizes=\"(max-width: 446px) 100vw, 446px\" \/><\/figure><\/div>\n\n\n<p>Inicialmente favorito na disputa, Elmar viu sua candidatura desidratar \u00e0 medida que o presidente da C\u00e2mara, Arthur Lira (PP-AL), n\u00e3o oficializou apoio ao seu nome. Na semana passada, o deputado alagoano informou que seu candidato \u00e9 o l\u00edder do Republicanos, Hugo Motta (PB).<\/p>\n\n\n\n<p><strong><em>\u201cT\u00ednhamos prometido um indicativo que alcan\u00e7ava o deputado Elmar Nascimento. Com a desist\u00eancia do candidato Elmar, manifestada a n\u00f3s, com reconhecimento, reunimos a bancada que j\u00e1 tinha o sentimento de apoiar o candidato do presidente Arthur Lira e decidimos por unanimidade o apoio ao deputado Hugo Motta\u201d<\/em><\/strong>, relatou Afonso.<\/p>\n\n\n\n<p>Nos \u00faltimos dias, Elmar chegou a chamar Lira de <strong><em>\u201ccabo eleitoral\u201d<\/em><\/strong> de Motta e disse que <strong><em>\u201cperdeu um amigo\u201d,<\/em><\/strong> em refer\u00eancia ao apoio do alagoano ao paraibano. Motta, contudo, permanece com o discurso de que manter\u00e1 o <strong><em>\u201cdi\u00e1logo\u201d<\/em><\/strong> at\u00e9 a <strong><em>\u201cexaust\u00e3o\u201d<\/em><\/strong> com todas as bancadas na busca pelo maior apoio poss\u00edvel.<\/p>\n\n\n\n<p>H\u00e1 pouco, o PDT se juntou aos outros 11 partidos que apoiam Motta \u00e0 presid\u00eancia. Ao todo, s\u00e3o 373 deputados em prol do candidato do Republicanos. Al\u00e9m de Elmar, o l\u00edder do PSD, Ant\u00f4nio Brito (PSD-BA), concorre ao posto.<\/p>\n\n\n\n<p><em>Fonte: R7<\/em><\/p>\n","protected":false},"excerpt":{"rendered":"<p>Inicialmente favorito na disputa, Elmar teria oficializado desist\u00eancia aos pedetistas<\/p>\n","protected":false},"author":2,"featured_media":63887,"comment_status":"open","ping_status":"open","sticky":false,"template":"","format":"standard","meta":{"om_disable_all_campaigns":false,"_monsterinsights_skip_tracking":false,"_monsterinsights_sitenote_active":false,"_monsterinsights_sitenote_note":"","_monsterinsights_sitenote_category":0,"footnotes":""},"categories":[34,70,69,21],"tags":[100,71,48,93,186,75,4178,4180,7584,129,107,4181,132,230,106,203,120,51,109,88,47,111,190],"class_list":["post-63886","post","type-post","status-publish","format-standard","has-post-thumbnail","hentry","category-brasil","category-destaques","category-noticias2","category-politica","tag-adustina","tag-antas","tag-araci","tag-brasil","tag-camara-dos-deputados","tag-cicero-dantas","tag-cipo-2","tag-crisopolis-2","tag-elmar-nascimento","tag-euclides-da-cunha","tag-fatima","tag-heliopolis-2","tag-itapicuru","tag-jeremoabo","tag-nova-soure","tag-novo-triunfo","tag-olindina","tag-paripiranga","tag-quijingue","tag-ribeira-do-amparo","tag-ribeira-do-pombal","tag-sitio-do-quinto","tag-tucano"],"aioseo_notices":[],"_links":{"self":[{"href":"https:\/\/www.portalalerta.com.br\/index.php\/wp-json\/wp\/v2\/posts\/63886","targetHints":{"allow":["GET"]}}],"collection":[{"href":"https:\/\/www.portalalerta.com.br\/index.php\/wp-json\/wp\/v2\/posts"}],"about":[{"href":"https:\/\/www.portalalerta.com.br\/index.php\/wp-json\/wp\/v2\/types\/post"}],"author":[{"embeddable":true,"href":"https:\/\/www.portalalerta.com.br\/index.php\/wp-json\/wp\/v2\/users\/2"}],"replies":[{"embeddable":true,"href":"https:\/\/www.portalalerta.com.br\/index.php\/wp-json\/wp\/v2\/comments?post=63886"}],"version-history":[{"count":2,"href":"https:\/\/www.portalalerta.com.br\/index.php\/wp-json\/wp\/v2\/posts\/63886\/revisions"}],"predecessor-version":[{"id":63897,"href":"https:\/\/www.portalalerta.com.br\/index.php\/wp-json\/wp\/v2\/posts\/63886\/revisions\/63897"}],"wp:featuredmedia":[{"embeddable":true,"href":"https:\/\/www.portalalerta.com.br\/index.php\/wp-json\/wp\/v2\/media\/63887"}],"wp:attachment":[{"href":"https:\/\/www.portalalerta.com.br\/index.php\/wp-json\/wp\/v2\/media?parent=63886"}],"wp:term":[{"taxonomy":"category","embeddable":true,"href":"https:\/\/www.portalalerta.com.br\/index.php\/wp-json\/wp\/v2\/categories?post=63886"},{"taxonomy":"post_tag","embeddable":true,"href":"https:\/\/www.portalalerta.com.br\/index.php\/wp-json\/wp\/v2\/tags?post=63886"}],"curies":[{"name":"wp","href":"https:\/\/api.w.org\/{rel}","templated":true}]}}