{"id":63933,"date":"2024-11-06T13:40:31","date_gmt":"2024-11-06T16:40:31","guid":{"rendered":"https:\/\/www.portalalerta.com.br\/?p=63933"},"modified":"2024-11-06T13:40:32","modified_gmt":"2024-11-06T16:40:32","slug":"deputado-ricardo-maia-afirma-que-apoia-o-prefeito-eriksson-silva-em-relacao-a-presidencia-da-camara-de-vereadores-de-ribeira-do-pombal-ba","status":"publish","type":"post","link":"https:\/\/www.portalalerta.com.br\/index.php\/2024\/11\/06\/deputado-ricardo-maia-afirma-que-apoia-o-prefeito-eriksson-silva-em-relacao-a-presidencia-da-camara-de-vereadores-de-ribeira-do-pombal-ba\/","title":{"rendered":"Deputado Ricardo Maia afirma que apoia o prefeito Eriksson Silva em rela\u00e7\u00e3o \u00e0 presid\u00eancia da C\u00e2mara de Vereadores de Ribeira do Pombal-BA"},"content":{"rendered":"\n<p>Passadas as elei\u00e7\u00f5es municipais, as especula\u00e7\u00f5es agora ficam a cargo da disputa da Presid\u00eancia da C\u00e2mara Municipal, em Ribeira do Pombal-BA.<\/p>\n\n\n\n<!--more-->\n\n\n<div class=\"wp-block-image\">\n<figure class=\"alignleft size-large is-resized\"><img fetchpriority=\"high\" decoding=\"async\" src=\"https:\/\/www.portalalerta.com.br\/wp-content\/uploads\/2024\/04\/Sabino-Tijolo-576x1024.jpg\" alt=\"\" class=\"wp-image-56164\" width=\"390\" height=\"693\" srcset=\"https:\/\/www.portalalerta.com.br\/wp-content\/uploads\/2024\/04\/Sabino-Tijolo-576x1024.jpg 576w, https:\/\/www.portalalerta.com.br\/wp-content\/uploads\/2024\/04\/Sabino-Tijolo-135x240.jpg 135w, https:\/\/www.portalalerta.com.br\/wp-content\/uploads\/2024\/04\/Sabino-Tijolo.jpg 591w\" sizes=\"(max-width: 390px) 100vw, 390px\" \/><\/figure><\/div>\n\n\n<p>As especula\u00e7\u00f5es apontam para o favoritismo de dois candidatos, Roni de Z\u00e9 Careca que tenta reelei\u00e7\u00e3o, e S\u00e9rgio da Oficina, que busca a primeira presid\u00eancia de sua hist\u00f3ria pol\u00edtica no legislativo pombalense. Partindo da ideia, que os dois principais l\u00edderes pol\u00edticos da cidade, Eriksson Silva (prefeito), e Ricardo Maia (deputado), tenha o seu preferido, as apostas \u00e9 que tenhamos um empate entre os membros da situa\u00e7\u00e3o. Vale lembrar que a C\u00e2mara de Ribeira do Pombal \u00e9 composta por 15 vereadores, sendo a base de sustenta\u00e7\u00e3o elegeu 14, e a oposi\u00e7\u00e3o apenas 01, justamente o que poderia ser o fiel da balan\u00e7a para a defini\u00e7\u00e3o do pr\u00f3ximo presidente da casa.<\/p>\n\n\n\n<p>De acordo com o radialista e blogueiro Joilson Costa, em contato com o Deputado Federal sobre a interfer\u00eancia dele na disputa entre os vereadores, o mesmo teria negado. Segundo Ricardo, <strong><em>\u201cquem decide o Presidente da C\u00e2mara \u00e9 o prefeito Eriksson Silva\u201d<\/em><\/strong> e que ele ir\u00e1 apoiar qualquer decis\u00e3o do gestor, e que qualquer an\u00e1lise diferente dessa n\u00e3o passa de <strong><em>\u201cespecula\u00e7\u00f5es sem cogita\u00e7\u00e3o\u201d<\/em><\/strong>.<\/p>\n\n\n\n<p><em>Reda\u00e7\u00e3o: Portal Alerta<\/em><\/p>\n","protected":false},"excerpt":{"rendered":"<p>Passadas as elei\u00e7\u00f5es municipais, as especula\u00e7\u00f5es agora ficam a cargo da disputa da Presid\u00eancia da C\u00e2mara Municipal, em Ribeira do Pombal-BA.<\/p>\n","protected":false},"author":2,"featured_media":63934,"comment_status":"open","ping_status":"open","sticky":false,"template":"","format":"standard","meta":{"om_disable_all_campaigns":false,"_monsterinsights_skip_tracking":false,"_monsterinsights_sitenote_active":false,"_monsterinsights_sitenote_note":"","_monsterinsights_sitenote_category":0,"footnotes":""},"categories":[70,69],"tags":[],"class_list":["post-63933","post","type-post","status-publish","format-standard","has-post-thumbnail","hentry","category-destaques","category-noticias2"],"aioseo_notices":[],"_links":{"self":[{"href":"https:\/\/www.portalalerta.com.br\/index.php\/wp-json\/wp\/v2\/posts\/63933","targetHints":{"allow":["GET"]}}],"collection":[{"href":"https:\/\/www.portalalerta.com.br\/index.php\/wp-json\/wp\/v2\/posts"}],"about":[{"href":"https:\/\/www.portalalerta.com.br\/index.php\/wp-json\/wp\/v2\/types\/post"}],"author":[{"embeddable":true,"href":"https:\/\/www.portalalerta.com.br\/index.php\/wp-json\/wp\/v2\/users\/2"}],"replies":[{"embeddable":true,"href":"https:\/\/www.portalalerta.com.br\/index.php\/wp-json\/wp\/v2\/comments?post=63933"}],"version-history":[{"count":1,"href":"https:\/\/www.portalalerta.com.br\/index.php\/wp-json\/wp\/v2\/posts\/63933\/revisions"}],"predecessor-version":[{"id":63936,"href":"https:\/\/www.portalalerta.com.br\/index.php\/wp-json\/wp\/v2\/posts\/63933\/revisions\/63936"}],"wp:featuredmedia":[{"embeddable":true,"href":"https:\/\/www.portalalerta.com.br\/index.php\/wp-json\/wp\/v2\/media\/63934"}],"wp:attachment":[{"href":"https:\/\/www.portalalerta.com.br\/index.php\/wp-json\/wp\/v2\/media?parent=63933"}],"wp:term":[{"taxonomy":"category","embeddable":true,"href":"https:\/\/www.portalalerta.com.br\/index.php\/wp-json\/wp\/v2\/categories?post=63933"},{"taxonomy":"post_tag","embeddable":true,"href":"https:\/\/www.portalalerta.com.br\/index.php\/wp-json\/wp\/v2\/tags?post=63933"}],"curies":[{"name":"wp","href":"https:\/\/api.w.org\/{rel}","templated":true}]}}