{"id":63937,"date":"2024-11-06T13:47:24","date_gmt":"2024-11-06T16:47:24","guid":{"rendered":"https:\/\/www.portalalerta.com.br\/?p=63937"},"modified":"2024-11-06T13:47:25","modified_gmt":"2024-11-06T16:47:25","slug":"donald-trump-e-eleito-presidente-dos-estados-unidos","status":"publish","type":"post","link":"https:\/\/www.portalalerta.com.br\/index.php\/2024\/11\/06\/donald-trump-e-eleito-presidente-dos-estados-unidos\/","title":{"rendered":"Donald Trump \u00e9 eleito presidente dos Estados Unidos"},"content":{"rendered":"\n<p>Republicano volta \u00e0 Casa Branca ap\u00f3s quatro anos; ele derrotou a vice-presidente Kamala Harris<\/p>\n\n\n\n<!--more-->\n\n\n\n<p>Donald Trump \u00e9 eleito presidente dos Estados Unidos, segundo proje\u00e7\u00e3o da&nbsp;CNN. Ele voltar\u00e1 \u00e0 Casa Branca ap\u00f3s quatro anos para um segundo mandato.<\/p>\n\n\n\n<p>O empres\u00e1rio derrotou a vice-presidente Kamala Harris, candidata do Partido Democrata, que tinha apoio do atual presidente americano Joe Biden \u2013 que havia vencido Trump em 2020.<\/p>\n\n\n\n<p>Ele conseguiu o n\u00famero necess\u00e1rio de delegados \u2013 figura do sistema eleitoral americano \u2013 para ser eleito no Col\u00e9gio Eleitoral.&nbsp;<a href=\"https:\/\/www.cnnbrasil.com.br\/internacional\/eleicoes-nos-eua-2024\/o-que-e-o-colegio-eleitoral-das-eleicoes-dos-eua\/\">Saiba mais sobre como funciona a vota\u00e7\u00e3o nos EUA.<\/a><\/p>\n\n\n\n<p>A&nbsp;CNN&nbsp;pode projetar esse resultado com base nos votos que j\u00e1 foram contados em diversos estados e estimativas de quantas c\u00e9dulas ainda precisam ser contabilizadas.<\/p>\n\n\n\n<p><strong>Quem \u00e9 Donald Trump?<\/strong><\/p>\n\n\n\n<p>Filho de Fred e Mary Anne Trump, o republicano nasceu em uma fam\u00edlia que fez fortuna no ramo da constru\u00e7\u00e3o civil.<\/p>\n\n\n\n<p>Play Video<\/p>\n\n\n\n<p>Formado na Universidade da Pensilv\u00e2nia, assumiu os neg\u00f3cios em 1971 e passou a comandar a empresa que, mais tarde, ficaria conhecida como a Organiza\u00e7\u00e3o Trump.<\/p>\n\n\n\n<p>A disputa pela Presid\u00eancia dos Estados Unidos em 2016 marcou a primeira vez que o empres\u00e1rio se candidatou para qualquer cargo p\u00fablico \u2014 e venceu.<\/p>\n\n\n\n<p>O mandato de Trump \u00e9 lembrado por grande parte da popula\u00e7\u00e3o americana como um per\u00edodo de crescimento econ\u00f4mico, sendo essa uma das pautas que o republicano tem maior n\u00edvel de confian\u00e7a entre os eleitores.<\/p>\n\n\n\n<p>Saiba mais sobre&nbsp;<a href=\"https:\/\/www.cnnbrasil.com.br\/internacional\/donald-trump-relembre-a-trajetoria-do-bilionario-que-virou-presidente-dos-eua\/\">o pr\u00f3ximo presidente dos Estados Unidos nesta mat\u00e9ria.<\/a><\/p>\n\n\n\n<p>A&nbsp;CNN, junto a outros ve\u00edculos de imprensa, trabalha com a Edison Research para coletar resultados de votos de autoridades eleitorais e para realizar pesquisas de boca de urna entre os eleitores.<\/p>\n\n\n\n<p>Em alguns casos, a Mesa de Decis\u00e3o da&nbsp;CNN&nbsp;pode projetar um resultado com base nos resultados das bocas de urnas, quando um candidato det\u00e9m uma vantagem muito ampla.<\/p>\n\n\n\n<p>Em outros, quando a disputa \u00e9 muito acirrada, a Mesa de Decis\u00e3o da&nbsp;CNN&nbsp;procura padr\u00f5es nos dados, como os resultados e a participa\u00e7\u00e3o se comparam com os resultados anteriores para cada local e se h\u00e1 alguma anomalia no que foi relatado at\u00e9 agora.<\/p>\n\n\n\n<p>E, nas elei\u00e7\u00f5es mais pr\u00f3ximas, a Mesa de Decis\u00e3o da&nbsp;CNN&nbsp;analisar\u00e1 atentamente as estimativas de quantos votos ainda faltam para serem contabilizados, levando em considera\u00e7\u00e3o a quantidade total, de que tipo s\u00e3o e de onde poder\u00e3o vir.<\/p>\n\n\n\n<p>Em conex\u00e3o direta com a matriz americana da&nbsp;CNN, e int\u00e9rpretes a postos para tradu\u00e7\u00e3o 24 horas, o conte\u00fado produzido nos EUA est\u00e1 contemplado pela multiplataforma que comp\u00f5e o ecossistema da&nbsp;CNN&nbsp;Brasil.<\/p>\n\n\n\n<p>Al\u00e9m da base oferecida pela matriz, os \u00e2ncoras da&nbsp;CNN Brasil&nbsp;M\u00e1rcio Gomes e Carol Nogueira, os rep\u00f3rteres Muriel Porfiro e Pedro Teixeira e a analista de Internacional, Fernanda Magnotta se juntaram \u00e0 correspondente Mariana Janj\u00e1como nos Estados Unidos.<\/p>\n\n\n\n<p><em>Fonte: CNN Brasil<\/em><\/p>\n","protected":false},"excerpt":{"rendered":"<p>Republicano volta \u00e0 Casa Branca ap\u00f3s quatro anos; ele derrotou a vice-presidente Kamala Harris<\/p>\n","protected":false},"author":2,"featured_media":63935,"comment_status":"open","ping_status":"open","sticky":false,"template":"","format":"standard","meta":{"om_disable_all_campaigns":false,"_monsterinsights_skip_tracking":false,"_monsterinsights_sitenote_active":false,"_monsterinsights_sitenote_note":"","_monsterinsights_sitenote_category":0,"footnotes":""},"categories":[70,69],"tags":[],"class_list":["post-63937","post","type-post","status-publish","format-standard","has-post-thumbnail","hentry","category-destaques","category-noticias2"],"aioseo_notices":[],"_links":{"self":[{"href":"https:\/\/www.portalalerta.com.br\/index.php\/wp-json\/wp\/v2\/posts\/63937","targetHints":{"allow":["GET"]}}],"collection":[{"href":"https:\/\/www.portalalerta.com.br\/index.php\/wp-json\/wp\/v2\/posts"}],"about":[{"href":"https:\/\/www.portalalerta.com.br\/index.php\/wp-json\/wp\/v2\/types\/post"}],"author":[{"embeddable":true,"href":"https:\/\/www.portalalerta.com.br\/index.php\/wp-json\/wp\/v2\/users\/2"}],"replies":[{"embeddable":true,"href":"https:\/\/www.portalalerta.com.br\/index.php\/wp-json\/wp\/v2\/comments?post=63937"}],"version-history":[{"count":1,"href":"https:\/\/www.portalalerta.com.br\/index.php\/wp-json\/wp\/v2\/posts\/63937\/revisions"}],"predecessor-version":[{"id":63939,"href":"https:\/\/www.portalalerta.com.br\/index.php\/wp-json\/wp\/v2\/posts\/63937\/revisions\/63939"}],"wp:featuredmedia":[{"embeddable":true,"href":"https:\/\/www.portalalerta.com.br\/index.php\/wp-json\/wp\/v2\/media\/63935"}],"wp:attachment":[{"href":"https:\/\/www.portalalerta.com.br\/index.php\/wp-json\/wp\/v2\/media?parent=63937"}],"wp:term":[{"taxonomy":"category","embeddable":true,"href":"https:\/\/www.portalalerta.com.br\/index.php\/wp-json\/wp\/v2\/categories?post=63937"},{"taxonomy":"post_tag","embeddable":true,"href":"https:\/\/www.portalalerta.com.br\/index.php\/wp-json\/wp\/v2\/tags?post=63937"}],"curies":[{"name":"wp","href":"https:\/\/api.w.org\/{rel}","templated":true}]}}