{"id":63943,"date":"2024-11-06T19:44:07","date_gmt":"2024-11-06T22:44:07","guid":{"rendered":"https:\/\/www.portalalerta.com.br\/?p=63943"},"modified":"2024-11-06T19:44:08","modified_gmt":"2024-11-06T22:44:08","slug":"brasil-retorna-a-f1-gabriel-bortoleto-assina-contrato-com-a-sauber-para-2025","status":"publish","type":"post","link":"https:\/\/www.portalalerta.com.br\/index.php\/2024\/11\/06\/brasil-retorna-a-f1-gabriel-bortoleto-assina-contrato-com-a-sauber-para-2025\/","title":{"rendered":"Brasil retorna \u00e0 F1: Gabriel Bortoleto assina contrato com a Sauber para 2025"},"content":{"rendered":"\n<p>Trajet\u00f3ria de Bortoleto no esporte come\u00e7ou em 2012 no kart, onde competiu at\u00e9 2019<\/p>\n\n\n\n<!--more-->\n\n\n<div class=\"wp-block-image\">\n<figure class=\"alignleft size-large is-resized\"><img fetchpriority=\"high\" decoding=\"async\" src=\"https:\/\/www.portalalerta.com.br\/wp-content\/uploads\/2024\/04\/autoescola-emprego-1024x1024.jpg\" alt=\"\" class=\"wp-image-55693\" width=\"402\" height=\"402\" srcset=\"https:\/\/www.portalalerta.com.br\/wp-content\/uploads\/2024\/04\/autoescola-emprego-1024x1024.jpg 1024w, https:\/\/www.portalalerta.com.br\/wp-content\/uploads\/2024\/04\/autoescola-emprego-240x240.jpg 240w, https:\/\/www.portalalerta.com.br\/wp-content\/uploads\/2024\/04\/autoescola-emprego-768x768.jpg 768w, https:\/\/www.portalalerta.com.br\/wp-content\/uploads\/2024\/04\/autoescola-emprego.jpg 1080w\" sizes=\"(max-width: 402px) 100vw, 402px\" \/><\/figure><\/div>\n\n\n<p>Ap\u00f3s sete anos, o&nbsp;Brasil ter\u00e1 novamente um piloto titular na F\u00f3rmula 1 em 2025. Gabriel Bortoleto assinou um contrato de dois anos com a Sauber e completar\u00e1 o grid da pr\u00f3xima temporada, conforme anunciado nesta quarta-feira (06).&nbsp;<\/p>\n\n\n\n<p>A trajet\u00f3ria de Bortoleto no esporte come\u00e7ou em 2012 no kart, onde competiu at\u00e9 2019. Ele passou pela F\u00f3rmula 4 e pelo Campeonato de F\u00f3rmula Regional Europeia antes de vencer a F\u00f3rmula 3 em 2023. Em 2024, o piloto participou da F\u00f3rmula 2 pela equipe Invicta Racing e integrou o Programa de Desenvolvimento de Pilotos da McLaren, fortalecendo seu curr\u00edculo na base da categoria.<\/p>\n\n\n\n<p>Na Sauber, Bortoleto substituir\u00e1 o finland\u00eas Valtteri Bottas e ser\u00e1 parceiro de Nico Hulkenberg, que sair\u00e1 da Haas. A equipe su\u00ed\u00e7a, que foi adquirida pela Audi, permitir\u00e1 que ambos os pilotos representem a marca alem\u00e3 na F\u00f3rmula 1 a partir de 2026.<\/p>\n\n\n\n<p><em>Fonte: metro1<\/em><\/p>\n","protected":false},"excerpt":{"rendered":"<p>Trajet\u00f3ria de Bortoleto no esporte come\u00e7ou em 2012 no kart, onde competiu at\u00e9 2019<\/p>\n","protected":false},"author":2,"featured_media":63941,"comment_status":"open","ping_status":"open","sticky":false,"template":"","format":"standard","meta":{"om_disable_all_campaigns":false,"_monsterinsights_skip_tracking":false,"_monsterinsights_sitenote_active":false,"_monsterinsights_sitenote_note":"","_monsterinsights_sitenote_category":0,"footnotes":""},"categories":[70,69],"tags":[],"class_list":["post-63943","post","type-post","status-publish","format-standard","has-post-thumbnail","hentry","category-destaques","category-noticias2"],"aioseo_notices":[],"_links":{"self":[{"href":"https:\/\/www.portalalerta.com.br\/index.php\/wp-json\/wp\/v2\/posts\/63943","targetHints":{"allow":["GET"]}}],"collection":[{"href":"https:\/\/www.portalalerta.com.br\/index.php\/wp-json\/wp\/v2\/posts"}],"about":[{"href":"https:\/\/www.portalalerta.com.br\/index.php\/wp-json\/wp\/v2\/types\/post"}],"author":[{"embeddable":true,"href":"https:\/\/www.portalalerta.com.br\/index.php\/wp-json\/wp\/v2\/users\/2"}],"replies":[{"embeddable":true,"href":"https:\/\/www.portalalerta.com.br\/index.php\/wp-json\/wp\/v2\/comments?post=63943"}],"version-history":[{"count":2,"href":"https:\/\/www.portalalerta.com.br\/index.php\/wp-json\/wp\/v2\/posts\/63943\/revisions"}],"predecessor-version":[{"id":63945,"href":"https:\/\/www.portalalerta.com.br\/index.php\/wp-json\/wp\/v2\/posts\/63943\/revisions\/63945"}],"wp:featuredmedia":[{"embeddable":true,"href":"https:\/\/www.portalalerta.com.br\/index.php\/wp-json\/wp\/v2\/media\/63941"}],"wp:attachment":[{"href":"https:\/\/www.portalalerta.com.br\/index.php\/wp-json\/wp\/v2\/media?parent=63943"}],"wp:term":[{"taxonomy":"category","embeddable":true,"href":"https:\/\/www.portalalerta.com.br\/index.php\/wp-json\/wp\/v2\/categories?post=63943"},{"taxonomy":"post_tag","embeddable":true,"href":"https:\/\/www.portalalerta.com.br\/index.php\/wp-json\/wp\/v2\/tags?post=63943"}],"curies":[{"name":"wp","href":"https:\/\/api.w.org\/{rel}","templated":true}]}}