{"id":63951,"date":"2024-11-06T20:16:53","date_gmt":"2024-11-06T23:16:53","guid":{"rendered":"https:\/\/www.portalalerta.com.br\/?p=63951"},"modified":"2024-11-06T20:55:52","modified_gmt":"2024-11-06T23:55:52","slug":"deputado-e-pai-brigam-por-fazenda-na-bahia-inimigo-pessoal","status":"publish","type":"post","link":"https:\/\/www.portalalerta.com.br\/index.php\/2024\/11\/06\/deputado-e-pai-brigam-por-fazenda-na-bahia-inimigo-pessoal\/","title":{"rendered":"Deputado e pai brigam por fazenda na Bahia: \u201cInimigo pessoal\u201d"},"content":{"rendered":"\n<p>Deputado federal Ricardo Maia mandou trator destruir porteira e cerca em fazenda que disputa com o pai; v\u00eddeo flagrou a\u00e7\u00e3o<\/p>\n\n\n\n<!--more-->\n\n\n\n<p>A disputa por uma fazenda no interior da Bahia virou processo na Justi\u00e7a e caso de pol\u00edcia entre o deputado federal Ricardo Maia (MDB-BA) e o pai dele, o pecuarista Jos\u00e9 Edson Brito Maia, de 76 anos, conhecido como Zelit\u00e3o. Ambos afirmam serem donos da propriedade de cerca 280 hectares em Ribeira do Pombal (BA), cidade a 290 quil\u00f4metros de dist\u00e2ncia de Salvador.\u00a0O munic\u00edpio \u00e9 ber\u00e7o pol\u00edtico do parlamentar.<\/p>\n\n\n\n<p>No in\u00edcio de outubro, Ricardo Maia mandou um funcion\u00e1rio derrubar com um trator a cerca e a porteira da fazenda, ap\u00f3s Zelit\u00e3o passar uma corrente no local. Em contrapartida, o pai e a madrasta do deputado federal registraram dois boletins de ocorr\u00eancia (BOs) na delegacia, alegando que o parlamentar tentou invadir as terras do casal.<\/p>\n\n\n\n<p>Atualmente, Ricardo Maia est\u00e1 proibido, por decis\u00e3o judicial, de se aproximar do g\u00eanitor e da madrasta.<\/p>\n\n\n\n<p><strong><em>\u201cQuem est\u00e1 invadindo \u00e9 ele [Zelit\u00e3o]. Ele \u00e9 quem est\u00e1 invadindo minha terra. N\u00e3o o contr\u00e1rio\u201d<\/em><\/strong>, disparou o deputado federal, em conversa com a coluna. <strong><em>\u201cEnt\u00e3o a cancela \u00e9 minha. Quebrei o que \u00e9 meu. N\u00e3o quebrei nada dele. Eu mandei meu funcion\u00e1rio pegar a m\u00e1quina e arrancar a cancela.\u201d<\/em><\/strong><\/p>\n\n\n\n<p>Veja v\u00eddeo do trator do deputado federal destruindo cerca e porteira em briga com pai por fazenda<\/p>\n\n\n\n<figure class=\"wp-block-embed is-type-video is-provider-youtube wp-block-embed-youtube wp-embed-aspect-4-3 wp-has-aspect-ratio\"><div class=\"wp-block-embed__wrapper\">\n<iframe title=\"Deputado e pai brigam por fazenda na Bahia: \u201cInimigo pessoal\u201d\" width=\"500\" height=\"375\" src=\"https:\/\/www.youtube.com\/embed\/uTRJUic4gZM?feature=oembed\" frameborder=\"0\" allow=\"accelerometer; autoplay; clipboard-write; encrypted-media; gyroscope; picture-in-picture; web-share\" referrerpolicy=\"strict-origin-when-cross-origin\" allowfullscreen><\/iframe>\n<\/div><\/figure>\n\n\n\n<p><strong>Deputado e pai trocam acusa\u00e7\u00f5es<\/strong><\/p>\n\n\n\n<p>Pai e filho s\u00e3o vizinhos, mas n\u00e3o se falam desde 2021. Ambos dispararam ofensas contra o outro quando conversaram com a coluna.<\/p>\n\n\n\n<p>Ricardo Maia usou a express\u00e3o \u201cesse cidad\u00e3o\u201d ao se referir ao pai e acrescentou que Zelit\u00e3o <strong><em>\u201cn\u00e3o \u00e9 flor que se cheire\u201d<\/em><\/strong>. <strong><em>\u201cInfelizmente, a gente n\u00e3o escolhe o pai que tem\u201d<\/em><\/strong>, declarou.<\/p>\n\n\n\n<p>Por sua vez, Zelit\u00e3o afirmou que o filho \u00e9 seu <strong><em>\u201cinimigo pessoal\u201d<\/em><\/strong> e que fez quest\u00e3o de registrar isso no boletim de ocorr\u00eancia. <strong><em>\u201cEle quer tomar tudo que eu tenho. Ele quer tomar na \u2018tora\u2019 e se valer do\u00a0status\u00a0de deputado federal, porque nada \u2018bole\u2019 com ele. Ricardo quer ser o Deus todo-poderoso. Como ele tem o cargo de deputado federal, ele acha que \u00e9 superior a tudo\u201d<\/em><\/strong>.<\/p>\n\n\n\n<p>\u00c0 coluna, o pai mandou fotos de um documento registrado em cart\u00f3rio que, segundo ele, comprovaria que \u00e9 o propriet\u00e1rio da fazenda. Ele acrescentou que mora na propriedade h\u00e1 14 anos. <strong><em>\u201cEu fico acamado, passo dias sem sair da cama, e ele fazendo obra escondido, sem eu ver, dentro da minha propriedade, sem eu saber\u201d<\/em><\/strong>, acusa Zelit\u00e3o.<\/p>\n\n\n\n<p>Documento obtido pela colunaPai de Ricardo Maia enviou registro em cart\u00f3rio mostrando ser dono de propriedade em disputa entre os dois<\/p>\n\n\n\n<p>J\u00e1 Ricardo Maia diz que comprou o terreno h\u00e1 mais de 10 anos do pai e alega que tem o registro da propriedade. O deputado federal, no entanto, n\u00e3o encaminhou \u00e0 coluna os documentos que diz ter. <strong><em>\u201c\u00c9 a Justi\u00e7a que vai decidir se a fazenda \u00e9 minha ou do meu pai\u201d<\/em><\/strong>, disse.<\/p>\n\n\n\n<p><strong><em>\u201cEle [Zelit\u00e3o] quer se prevalecer da idade que tem, e eu respeito a idade que ele tem. Respeito e irei tratar disso judicialmente, at\u00e9 mesmo pelo cargo que eu ocupo, que \u00e9 de deputado federal, e irei me resguardar e vou buscar a lei e \u00e9 isso que estamos fazendo, dos tr\u00e2mites contra ele\u201d<\/em><\/strong>, prosseguiu o parlamentar.<\/p>\n\n\n\n<p><strong>Fazenda de deputado federal \u00e9 avaliada em R$ 1,5 milh\u00e3o<\/strong><\/p>\n\n\n\n<p>Antes de se eleger deputado federal em 2022, Ricardo Maia foi prefeito de Ribeira do Pombal por dois mandatos, entre 2013 e 2020. Antes disso, foi vereador da cidade.<\/p>\n\n\n\n<p>Em todos esses anos o deputado declarou ser dono da Fazenda S\u00e3o Jorge, que fica ao lado da propriedade onde ocorre a disputa com o pai.<\/p>\n\n\n\n<p>O valor e tamanho da S\u00e3o Jorge mudaram ao longo deste per\u00edodo. Em 2008, o terreno possu\u00eda 600 tarefas (medida agr\u00e1ria equivalente a 272 hectares) e tinha valor de\u00a0R$ 300 mil. Nas duas elei\u00e7\u00f5es subsequentes de Ricardo Maia, ou seja, em 2012 e 2016, a propriedade foi declarada com tamanho de 140 hectares e valor de R$ 720 mil.<\/p>\n\n\n\n<p>J\u00e1 em 2022, a propriedade mais que dobra de valor: R$ 1,5 milh\u00e3o. Embora Ricardo Maia n\u00e3o tenha informado ao TSE o tamanho da propriedade como fez em anos anteriores, em conversa com a coluna, ele diz que a fazenda tem atualmente cerca de 550 hectares.<\/p>\n\n\n\n<p><em>Fonte: Metr\u00f3poles<\/em><\/p>\n","protected":false},"excerpt":{"rendered":"<p>Deputado federal Ricardo Maia mandou trator destruir porteira e cerca em fazenda que disputa com o pai; v\u00eddeo flagrou a\u00e7\u00e3o<\/p>\n","protected":false},"author":2,"featured_media":63948,"comment_status":"open","ping_status":"open","sticky":false,"template":"","format":"standard","meta":{"om_disable_all_campaigns":false,"_monsterinsights_skip_tracking":false,"_monsterinsights_sitenote_active":false,"_monsterinsights_sitenote_note":"","_monsterinsights_sitenote_category":0,"footnotes":""},"categories":[70,69,21,32,3],"tags":[100,71,48,75,4178,4180,215,7585,129,107,4181,132,230,106,203,120,51,109,88,47,146,111,190],"class_list":["post-63951","post","type-post","status-publish","format-standard","has-post-thumbnail","hentry","category-destaques","category-noticias2","category-politica","category-regiao","category-ribeira-do-pombal","tag-adustina","tag-antas","tag-araci","tag-cicero-dantas","tag-cipo-2","tag-crisopolis-2","tag-deputado-federal","tag-disputa-por-terra","tag-euclides-da-cunha","tag-fatima","tag-heliopolis-2","tag-itapicuru","tag-jeremoabo","tag-nova-soure","tag-novo-triunfo","tag-olindina","tag-paripiranga","tag-quijingue","tag-ribeira-do-amparo","tag-ribeira-do-pombal","tag-ricardo-maia","tag-sitio-do-quinto","tag-tucano"],"aioseo_notices":[],"_links":{"self":[{"href":"https:\/\/www.portalalerta.com.br\/index.php\/wp-json\/wp\/v2\/posts\/63951","targetHints":{"allow":["GET"]}}],"collection":[{"href":"https:\/\/www.portalalerta.com.br\/index.php\/wp-json\/wp\/v2\/posts"}],"about":[{"href":"https:\/\/www.portalalerta.com.br\/index.php\/wp-json\/wp\/v2\/types\/post"}],"author":[{"embeddable":true,"href":"https:\/\/www.portalalerta.com.br\/index.php\/wp-json\/wp\/v2\/users\/2"}],"replies":[{"embeddable":true,"href":"https:\/\/www.portalalerta.com.br\/index.php\/wp-json\/wp\/v2\/comments?post=63951"}],"version-history":[{"count":2,"href":"https:\/\/www.portalalerta.com.br\/index.php\/wp-json\/wp\/v2\/posts\/63951\/revisions"}],"predecessor-version":[{"id":63956,"href":"https:\/\/www.portalalerta.com.br\/index.php\/wp-json\/wp\/v2\/posts\/63951\/revisions\/63956"}],"wp:featuredmedia":[{"embeddable":true,"href":"https:\/\/www.portalalerta.com.br\/index.php\/wp-json\/wp\/v2\/media\/63948"}],"wp:attachment":[{"href":"https:\/\/www.portalalerta.com.br\/index.php\/wp-json\/wp\/v2\/media?parent=63951"}],"wp:term":[{"taxonomy":"category","embeddable":true,"href":"https:\/\/www.portalalerta.com.br\/index.php\/wp-json\/wp\/v2\/categories?post=63951"},{"taxonomy":"post_tag","embeddable":true,"href":"https:\/\/www.portalalerta.com.br\/index.php\/wp-json\/wp\/v2\/tags?post=63951"}],"curies":[{"name":"wp","href":"https:\/\/api.w.org\/{rel}","templated":true}]}}