{"id":63994,"date":"2024-11-07T07:01:00","date_gmt":"2024-11-07T10:01:00","guid":{"rendered":"https:\/\/www.portalalerta.com.br\/?p=63994"},"modified":"2024-11-06T22:53:27","modified_gmt":"2024-11-07T01:53:27","slug":"em-decisao-unanime-bc-acelera-alta-dos-juros-e-eleva-selic-a-1125","status":"publish","type":"post","link":"https:\/\/www.portalalerta.com.br\/index.php\/2024\/11\/07\/em-decisao-unanime-bc-acelera-alta-dos-juros-e-eleva-selic-a-1125\/","title":{"rendered":"Em decis\u00e3o un\u00e2nime, BC acelera alta dos juros e eleva Selic a 11,25%"},"content":{"rendered":"\n<p>Alta de 0,5 ponto j\u00e1 era esperada pelo mercado, que enxerga espa\u00e7o para novo aumento na \u00faltima reuni\u00e3o do Copom, em dezembro, em meio piora das expectativas para infla\u00e7\u00e3o<\/p>\n\n\n\n<!--more-->\n\n\n\n<p>O Comit\u00ea de Pol\u00edtica Monet\u00e1ria (Copom) do Banco Central (BC) aumentou os juros em 0,5 ponto nesta quarta-feira (6), levando a Selic ao patamar de 11,25% ao ano. A decis\u00e3o foi un\u00e2nime.<\/p>\n\n\n\n<p>O movimento era esperado pelo mercado e mostra a acelera\u00e7\u00e3o do aperto da pol\u00edtica monet\u00e1ria iniciado no \u00faltimo encontro, em meio \u00e0 deteriora\u00e7\u00e3o das expectativas para a infla\u00e7\u00e3o deste ano e de 2025.<\/p>\n\n\n<div class=\"wp-block-image\">\n<figure class=\"alignleft size-full is-resized\"><img fetchpriority=\"high\" decoding=\"async\" src=\"https:\/\/www.portalalerta.com.br\/wp-content\/uploads\/2024\/11\/Real-Natal-2024.jpg\" alt=\"\" class=\"wp-image-63820\" width=\"396\" height=\"559\" srcset=\"https:\/\/www.portalalerta.com.br\/wp-content\/uploads\/2024\/11\/Real-Natal-2024.jpg 354w, https:\/\/www.portalalerta.com.br\/wp-content\/uploads\/2024\/11\/Real-Natal-2024-170x240.jpg 170w\" sizes=\"(max-width: 396px) 100vw, 396px\" \/><\/figure><\/div>\n\n\n<p>\u201cO cen\u00e1rio segue marcado por resili\u00eancia na atividade, press\u00f5es no mercado de trabalho, hiato do produto positivo, eleva\u00e7\u00e3o das proje\u00e7\u00f5es de infla\u00e7\u00e3o e expectativas desancoradas, o que demanda uma pol\u00edtica monet\u00e1ria mais contracionista\u201d, disse o Copom em nota.<\/p>\n\n\n\n<p>Em setembro, o colegiado j\u00e1 havia decidido de forma un\u00e2nime pelo aumento de 0,25 ponto na Selic, passando a 10,75%, a primeira eleva\u00e7\u00e3o desde agosto de 2022.<\/p>\n\n\n\n<p>A decis\u00e3o do Copom deixa os juros no mesmo patamar de fevereiro deste ano. Por\u00e9m, \u00e0 \u00e9poca, o colegiado estava em ritmo de corte das taxas, encerrando o ciclo de baixa em maio, a 10,5% ao ano.<\/p>\n\n\n\n<p>Analistas do mercado esperam que o movimento de alta seja mantido no \u00faltimo encontro do Copom em 2024, entre 10 e 11 de dezembro, com nova eleva\u00e7\u00e3o de 0,5 ponto, a 11,75% ao ano, segundo dados do Boletim Focus publicados nesta segunda-feira (4).<\/p>\n\n\n\n<p>A dire\u00e7\u00e3o, por\u00e9m, deve ser revertida ao longo dos pr\u00f3ximos meses, com as expectativas apontando para a taxa b\u00e1sica de juros em 11,25% ao fim de 2025.<\/p>\n\n\n\n<p><strong>Mais riscos para cima do que para baixo<\/strong><\/p>\n\n\n\n<p>Em nota, o colegiado n\u00e3o indicou quais ser\u00e3o os pr\u00f3ximos passos, tamb\u00e9m chamado de&nbsp;<em>guidance<\/em>, e disse que o ritmo deve ser ditado pela converg\u00eancia da infla\u00e7\u00e3o \u00e0 meta.<\/p>\n\n\n\n<p>O cen\u00e1rio, por\u00e9m, aponta mais fatores de risco para alta dos pre\u00e7os do que para queda.<\/p>\n\n\n\n<p>Entre os fatores que podem puxar a infla\u00e7\u00e3o para cima, o BC ressaltou a desancoragem das expectativas por per\u00edodo mais prolongado, maior resili\u00eancia da infla\u00e7\u00e3o de servi\u00e7os e a conjun\u00e7\u00e3o de fatores dom\u00e9sticos e internacionais, com destaque para a recente disparada do d\u00f3lar contra o real.<\/p>\n\n\n\n<p>No lado oposto, o Copom apontou a desacelera\u00e7\u00e3o da atividade global mais forte que o previsto e os impactos do atual ciclo de aperto monet\u00e1rio como fatores de risco.<\/p>\n\n\n\n<p>O BC tamb\u00e9m voltou a dar destaque \u00e0 pol\u00edtica fiscal do governo federal e pontuou que a percep\u00e7\u00e3o do mercado afeta os pre\u00e7os dos ativos e as expectativas, \u201cespecialmente o pr\u00eamio de risco e a taxa de c\u00e2mbio\u201d.<\/p>\n\n\n\n<p>\u201cO Comit\u00ea reafirma que uma pol\u00edtica fiscal cr\u00edvel e comprometida com a sustentabilidade da d\u00edvida, com a apresenta\u00e7\u00e3o e execu\u00e7\u00e3o de medidas estruturais para o or\u00e7amento fiscal, contribuir\u00e1 para a ancoragem das expectativas de infla\u00e7\u00e3o e para a redu\u00e7\u00e3o dos pr\u00eamios de risco dos ativos financeiros, consequentemente impactando a pol\u00edtica monet\u00e1ria\u201d.<\/p>\n\n\n\n<p>Em rela\u00e7\u00e3o aos fatores da decis\u00e3o, o colegiado elencou como fatores externos a conjuntura econ\u00f4mica nos EUA, sobretudo d\u00favidas sobre o processo de afrouxamento monet\u00e1ria deflagrado pelo Federal Reserve (Fed) no \u00faltimo encontro.<\/p>\n\n\n\n<p>\u201cO Comit\u00ea avalia que o cen\u00e1rio externo, tamb\u00e9m marcado por menor sincronia nos ciclos de pol\u00edtica monet\u00e1ria entre os pa\u00edses, segue exigindo cautela por parte de pa\u00edses emergentes\u201d.<\/p>\n\n\n\n<p>No fator dom\u00e9stico, o BC citou que indicadores de atividade e mercado de trabalho seguem din\u00e2micos. \u201cA infla\u00e7\u00e3o cheia e as medidas subjacentes se situaram acima da meta para a infla\u00e7\u00e3o nas divulga\u00e7\u00f5es mais recentes\u201d.<\/p>\n\n\n\n<p><strong>Piora das expectativas<\/strong><\/p>\n\n\n\n<p>As expectativas do mercado para a infla\u00e7\u00e3o pioraram desde a \u00faltima reuni\u00e3o do colegiado, entre 18 e 19 de setembro, com o aumento das incertezas globais com a proximidade das elei\u00e7\u00f5es nos Estados Unidos, realizadas nesta ter\u00e7a (5), al\u00e9m do cen\u00e1rio de tens\u00e3o ainda elevado no Oriente M\u00e9dio.<\/p>\n\n\n\n<p>Na pauta dom\u00e9stica, o agravamento do quadro foi puxado pelo aumento da desconfian\u00e7a dos investidores na pol\u00edtica fiscal do governo. O temor escalou nos \u00faltimos dias, em meio indefini\u00e7\u00f5es da equipe econ\u00f4mica em apresentar um pacote de ajustes das contas p\u00fablicas.<\/p>\n\n\n\n<p>Em resposta \u00e0 disparada do d\u00f3lar \u2014 que chegou a bater o maior patamar em mais de quatro anos \u2014 e cr\u00edticas, o ministro da Fazenda, Fernando Haddad, afirmou na segunda que o conjunto de medidas deve ser apresentado at\u00e9 o fim desta semana.<\/p>\n\n\n\n<p>O cen\u00e1rio fez com que as expectativas para o \u00cdndice de Pre\u00e7os ao Consumidor Amplo (IPCA) fosse a 4,59% no \u00faltimo Focus, ultrapassando o teto da meta perseguida pelo BC, de 4,5%.<\/p>\n\n\n\n<p>A autoridade monet\u00e1ria persegue centro da meta de 3%, com toler\u00e2ncia de 1,5 ponto para cima ou para baixo.<\/p>\n\n\n\n<p><em>Fonte CNN<\/em><\/p>\n","protected":false},"excerpt":{"rendered":"<p>Alta de 0,5 ponto j\u00e1 era esperada pelo mercado, que enxerga espa\u00e7o para novo aumento na \u00faltima reuni\u00e3o do Copom, em dezembro, em meio piora das expectativas para infla\u00e7\u00e3o<\/p>\n","protected":false},"author":2,"featured_media":16868,"comment_status":"open","ping_status":"open","sticky":false,"template":"","format":"standard","meta":{"om_disable_all_campaigns":false,"_monsterinsights_skip_tracking":false,"_monsterinsights_sitenote_active":false,"_monsterinsights_sitenote_note":"","_monsterinsights_sitenote_category":0,"footnotes":""},"categories":[34,70,69],"tags":[71,48,75,4178,129,107,132,230,106,203,120,51,109,88,47,111,190],"class_list":["post-63994","post","type-post","status-publish","format-standard","has-post-thumbnail","hentry","category-brasil","category-destaques","category-noticias2","tag-antas","tag-araci","tag-cicero-dantas","tag-cipo-2","tag-euclides-da-cunha","tag-fatima","tag-itapicuru","tag-jeremoabo","tag-nova-soure","tag-novo-triunfo","tag-olindina","tag-paripiranga","tag-quijingue","tag-ribeira-do-amparo","tag-ribeira-do-pombal","tag-sitio-do-quinto","tag-tucano"],"aioseo_notices":[],"_links":{"self":[{"href":"https:\/\/www.portalalerta.com.br\/index.php\/wp-json\/wp\/v2\/posts\/63994","targetHints":{"allow":["GET"]}}],"collection":[{"href":"https:\/\/www.portalalerta.com.br\/index.php\/wp-json\/wp\/v2\/posts"}],"about":[{"href":"https:\/\/www.portalalerta.com.br\/index.php\/wp-json\/wp\/v2\/types\/post"}],"author":[{"embeddable":true,"href":"https:\/\/www.portalalerta.com.br\/index.php\/wp-json\/wp\/v2\/users\/2"}],"replies":[{"embeddable":true,"href":"https:\/\/www.portalalerta.com.br\/index.php\/wp-json\/wp\/v2\/comments?post=63994"}],"version-history":[{"count":1,"href":"https:\/\/www.portalalerta.com.br\/index.php\/wp-json\/wp\/v2\/posts\/63994\/revisions"}],"predecessor-version":[{"id":63996,"href":"https:\/\/www.portalalerta.com.br\/index.php\/wp-json\/wp\/v2\/posts\/63994\/revisions\/63996"}],"wp:featuredmedia":[{"embeddable":true,"href":"https:\/\/www.portalalerta.com.br\/index.php\/wp-json\/wp\/v2\/media\/16868"}],"wp:attachment":[{"href":"https:\/\/www.portalalerta.com.br\/index.php\/wp-json\/wp\/v2\/media?parent=63994"}],"wp:term":[{"taxonomy":"category","embeddable":true,"href":"https:\/\/www.portalalerta.com.br\/index.php\/wp-json\/wp\/v2\/categories?post=63994"},{"taxonomy":"post_tag","embeddable":true,"href":"https:\/\/www.portalalerta.com.br\/index.php\/wp-json\/wp\/v2\/tags?post=63994"}],"curies":[{"name":"wp","href":"https:\/\/api.w.org\/{rel}","templated":true}]}}