{"id":63997,"date":"2024-11-07T07:02:00","date_gmt":"2024-11-07T10:02:00","guid":{"rendered":"https:\/\/www.portalalerta.com.br\/?p=63997"},"modified":"2024-11-06T22:58:05","modified_gmt":"2024-11-07T01:58:05","slug":"ribeira-do-pombal-e-certificada-pela-primeira-vez-com-o-selo-unicef","status":"publish","type":"post","link":"https:\/\/www.portalalerta.com.br\/index.php\/2024\/11\/07\/ribeira-do-pombal-e-certificada-pela-primeira-vez-com-o-selo-unicef\/","title":{"rendered":"Ribeira do Pombal \u00e9 certificada pela primeira vez com o Selo UNICEF"},"content":{"rendered":"\n<p>Ribeira do Pombal foi certificada pela primeira vez com o Selo UNICEF, reconhecimento que destaca os esfor\u00e7os da gest\u00e3o municipal na promo\u00e7\u00e3o dos direitos de crian\u00e7as e adolescentes. O an\u00fancio, realizado em 6 de novembro de 2024, celebra conquistas nas \u00e1reas de sa\u00fade, educa\u00e7\u00e3o e prote\u00e7\u00e3o social, fundamentais para o bem-estar das novas gera\u00e7\u00f5es.<\/p>\n\n\n\n<!--more-->\n\n\n<div class=\"wp-block-image\">\n<figure class=\"alignleft size-large is-resized\"><img fetchpriority=\"high\" decoding=\"async\" src=\"https:\/\/www.portalalerta.com.br\/wp-content\/uploads\/2024\/04\/Sabino-Tijolo-576x1024.jpg\" alt=\"\" class=\"wp-image-56164\" width=\"402\" height=\"715\" srcset=\"https:\/\/www.portalalerta.com.br\/wp-content\/uploads\/2024\/04\/Sabino-Tijolo-576x1024.jpg 576w, https:\/\/www.portalalerta.com.br\/wp-content\/uploads\/2024\/04\/Sabino-Tijolo-135x240.jpg 135w, https:\/\/www.portalalerta.com.br\/wp-content\/uploads\/2024\/04\/Sabino-Tijolo.jpg 591w\" sizes=\"(max-width: 402px) 100vw, 402px\" \/><\/figure><\/div>\n\n\n<p>Entre as melhorias, o aumento da cobertura vacinal foi um dos grandes destaques. Enquanto a m\u00e9dia nacional para a Tr\u00edplice Viral (D2) cresceu 2,6% entre 2020 e 2023, os munic\u00edpios certificados, incluindo Ribeira do Pombal, tiveram um incremento de mais de 17%. Esse avan\u00e7o reflete a intensifica\u00e7\u00e3o das campanhas de vacina\u00e7\u00e3o no munic\u00edpio, que buscaram garantir maior prote\u00e7\u00e3o \u00e0 inf\u00e2ncia.<\/p>\n\n\n\n<p>Na educa\u00e7\u00e3o, a redu\u00e7\u00e3o do abandono escolar tamb\u00e9m foi expressiva. Nacionalmente, o \u00edndice caiu 38% entre 2019 e 2023, e em Ribeira do Pombal as iniciativas de enfrentamento \u00e0 evas\u00e3o escolar se aliaram a esse esfor\u00e7o, mantendo mais jovens nas salas de aula.<\/p>\n\n\n\n<p>O fortalecimento dos sistemas de prote\u00e7\u00e3o \u00e0 inf\u00e2ncia foi outra prioridade. Com pol\u00edticas que promovem ambientes mais seguros e a assist\u00eancia a fam\u00edlias em vulnerabilidade, o munic\u00edpio alcan\u00e7ou uma rede de prote\u00e7\u00e3o mais eficaz para crian\u00e7as e adolescentes.<\/p>\n\n\n\n<p>A conquista do Selo UNICEF \u00e9 um marco para Ribeira do Pombal, reconhecendo o trabalho conjunto entre a gest\u00e3o municipal, organiza\u00e7\u00f5es locais e a comunidade. O munic\u00edpio se compromete a manter e ampliar as pol\u00edticas que promovam o desenvolvimento integral de sua juventude, consolidando-se como uma cidade que valoriza e protege suas crian\u00e7as e adolescentes.<\/p>\n\n\n\n<p><em>Fonte: SECOM\/ Ribeira do Pombal<\/em><\/p>\n","protected":false},"excerpt":{"rendered":"<p>Ribeira do Pombal foi certificada pela primeira vez com o Selo UNICEF, reconhecimento que destaca os esfor\u00e7os da gest\u00e3o municipal na promo\u00e7\u00e3o dos direitos de crian\u00e7as e adolescentes. O an\u00fancio, realizado em 6 de novembro de 2024, celebra conquistas nas \u00e1reas de sa\u00fade, educa\u00e7\u00e3o e prote\u00e7\u00e3o social, fundamentais para o bem-estar das novas gera\u00e7\u00f5es.<\/p>\n","protected":false},"author":2,"featured_media":63995,"comment_status":"open","ping_status":"open","sticky":false,"template":"","format":"standard","meta":{"om_disable_all_campaigns":false,"_monsterinsights_skip_tracking":false,"_monsterinsights_sitenote_active":false,"_monsterinsights_sitenote_note":"","_monsterinsights_sitenote_category":0,"footnotes":""},"categories":[70,69,32,3],"tags":[100,71,48,75,4178,4180,129,107,4181,132,230,106,203,120,51,109,88,47,4838,111,190],"class_list":["post-63997","post","type-post","status-publish","format-standard","has-post-thumbnail","hentry","category-destaques","category-noticias2","category-regiao","category-ribeira-do-pombal","tag-adustina","tag-antas","tag-araci","tag-cicero-dantas","tag-cipo-2","tag-crisopolis-2","tag-euclides-da-cunha","tag-fatima","tag-heliopolis-2","tag-itapicuru","tag-jeremoabo","tag-nova-soure","tag-novo-triunfo","tag-olindina","tag-paripiranga","tag-quijingue","tag-ribeira-do-amparo","tag-ribeira-do-pombal","tag-selo-unicef","tag-sitio-do-quinto","tag-tucano"],"aioseo_notices":[],"_links":{"self":[{"href":"https:\/\/www.portalalerta.com.br\/index.php\/wp-json\/wp\/v2\/posts\/63997","targetHints":{"allow":["GET"]}}],"collection":[{"href":"https:\/\/www.portalalerta.com.br\/index.php\/wp-json\/wp\/v2\/posts"}],"about":[{"href":"https:\/\/www.portalalerta.com.br\/index.php\/wp-json\/wp\/v2\/types\/post"}],"author":[{"embeddable":true,"href":"https:\/\/www.portalalerta.com.br\/index.php\/wp-json\/wp\/v2\/users\/2"}],"replies":[{"embeddable":true,"href":"https:\/\/www.portalalerta.com.br\/index.php\/wp-json\/wp\/v2\/comments?post=63997"}],"version-history":[{"count":1,"href":"https:\/\/www.portalalerta.com.br\/index.php\/wp-json\/wp\/v2\/posts\/63997\/revisions"}],"predecessor-version":[{"id":63998,"href":"https:\/\/www.portalalerta.com.br\/index.php\/wp-json\/wp\/v2\/posts\/63997\/revisions\/63998"}],"wp:featuredmedia":[{"embeddable":true,"href":"https:\/\/www.portalalerta.com.br\/index.php\/wp-json\/wp\/v2\/media\/63995"}],"wp:attachment":[{"href":"https:\/\/www.portalalerta.com.br\/index.php\/wp-json\/wp\/v2\/media?parent=63997"}],"wp:term":[{"taxonomy":"category","embeddable":true,"href":"https:\/\/www.portalalerta.com.br\/index.php\/wp-json\/wp\/v2\/categories?post=63997"},{"taxonomy":"post_tag","embeddable":true,"href":"https:\/\/www.portalalerta.com.br\/index.php\/wp-json\/wp\/v2\/tags?post=63997"}],"curies":[{"name":"wp","href":"https:\/\/api.w.org\/{rel}","templated":true}]}}