{"id":63999,"date":"2024-11-07T07:03:00","date_gmt":"2024-11-07T10:03:00","guid":{"rendered":"https:\/\/www.portalalerta.com.br\/?p=63999"},"modified":"2024-11-06T23:07:11","modified_gmt":"2024-11-07T02:07:11","slug":"o-que-muda-com-a-decisao-do-stf-sobre-clt-para-servidor-publico","status":"publish","type":"post","link":"https:\/\/www.portalalerta.com.br\/index.php\/2024\/11\/07\/o-que-muda-com-a-decisao-do-stf-sobre-clt-para-servidor-publico\/","title":{"rendered":"O que muda com a decis\u00e3o do STF sobre CLT para servidor p\u00fablico?"},"content":{"rendered":"\n<p>Supremo validou a flexibiliza\u00e7\u00e3o do formato de contrata\u00e7\u00e3o de servidores; pr\u00e1tica pode beneficiar administra\u00e7\u00e3o p\u00fablica e traz menos estabilidade para o trabalhador<\/p>\n\n\n\n<!--more-->\n\n\n\n<p>Com a flexibiliza\u00e7\u00e3o do formato de contrata\u00e7\u00e3o de funcion\u00e1rios p\u00fablicos, validada pelo Supremo Tribunal Federal (STF) nesta quarta feira (6), passa a ser permitida a ado\u00e7\u00e3o de outros modelos sem ser o regime jur\u00eddico \u00fanico, como a Consolida\u00e7\u00e3o das Leis de Trabalho (CLT).<\/p>\n\n\n\n<p>Na pr\u00e1tica, o entendimento da Corte coloca fim na&nbsp;<a href=\"https:\/\/www.cnnbrasil.com.br\/politica\/stf-valida-emenda-que-permite-contratacao-de-servidor-publico-pela-clt\/\" target=\"_blank\" rel=\"noreferrer noopener\">obrigatoriedade do regime jur\u00eddico \u00fanico<\/a>, que \u00e9 uma determina\u00e7\u00e3o constitucional que define a rela\u00e7\u00e3o entre o servidor e o poder p\u00fablico ao qual ele est\u00e1 vinculado.<\/p>\n\n\n\n<p>J\u00e1 o&nbsp;<a href=\"https:\/\/www.cnnbrasil.com.br\/economia\/macroeconomia\/80-anos-de-clt-veja-como-foi-a-criacao-do-principal-marco-trabalhista-do-pais\/\" target=\"_blank\" rel=\"noreferrer noopener\">regime CLT<\/a>&nbsp;funciona como uma garantia de uma s\u00e9rie de direitos aos trabalhadores, como a jornada di\u00e1ria m\u00e1xima de oito horas, descanso semanal remunerado, f\u00e9rias, pagamento de hora extra, atua\u00e7\u00e3o em ambiente salubre, aviso pr\u00e9vio, licen\u00e7a-maternidade e paternidade, 13\u00ba sal\u00e1rio, prote\u00e7\u00e3o contra demiss\u00e3o sem justa causa e seguro-desemprego.<\/p>\n\n\n\n<p><strong>O que muda agora?<\/strong><\/p>\n\n\n\n<p>Com o julgamento do&nbsp;<a href=\"https:\/\/www.cnnbrasil.com.br\/politica\/quem-sao-os-ministros-do-supremo-tribunal-federal-stf\/\" target=\"_blank\" rel=\"noreferrer noopener\">Supremo<\/a>, ao abrirem novos concursos, os \u00f3rg\u00e3os p\u00fablicos passar\u00e3o a informar no edital qual ser\u00e1 o regime de contrata\u00e7\u00e3o, fazendo com que os candidatos saibam desde o in\u00edcio quais ser\u00e3o os seus direitos e deveres.<\/p>\n\n\n\n<p>Assim como no texto original da Constitui\u00e7\u00e3o que determinava que a defini\u00e7\u00e3o do regime jur\u00eddico \u00fanico era compet\u00eancia de cada ente da federa\u00e7\u00e3o \u2014 como Uni\u00e3o, estados, Distrito Federal e munic\u00edpios \u2014, caber\u00e1 \u00e0s mesmas esferas decidirem qual regime \u00e9 melhor para cada tipo de cargo.<\/p>\n\n\n\n<p>\u00c0&nbsp;CNN, o especialista em Direito Processual e Material do Trabalho Marcel Zangi\u00e1como disse que h\u00e1 a possibilidade de os entes da federa\u00e7\u00e3o continuarem optando pelo regime \u00fanico, e dando prefer\u00eancia pela CLT em concursos para cargos administrativos ou t\u00e9cnicos.<\/p>\n\n\n\n<p>Na avalia\u00e7\u00e3o de Zangi\u00e1como, a utiliza\u00e7\u00e3o de servidores contratados via CLT deve aumentar \u201cgradativamente\u201d com o passar dos anos.<\/p>\n\n\n\n<p>\u201cCada \u00f3rg\u00e3o p\u00fablico deve avaliar suas necessidades e objetivos, podendo optar pelo regime mais adequado ao seu quadro de pessoal\u201d, explicou o advogado.<\/p>\n\n\n\n<p>A mudan\u00e7a n\u00e3o vale para quem j\u00e1 \u00e9 funcion\u00e1rio p\u00fablico, abrangendo apenas quem vier a ser contratado.<\/p>\n\n\n\n<p><strong>Menos est\u00e1vel<\/strong><\/p>\n\n\n\n<p>Na pr\u00e1tica, quem for contratado pela CLT ter\u00e1 um v\u00ednculo menos est\u00e1vel em compara\u00e7\u00e3o com o regime jur\u00eddico \u00fanico, tamb\u00e9m chamado de regime estatut\u00e1rio.<\/p>\n\n\n\n<p>No entanto, a CLT oferece benef\u00edcios pr\u00f3prios do setor privado, como o&nbsp;<a href=\"https:\/\/www.cnnbrasil.com.br\/economia\/macroeconomia\/nao-ha-debate-para-acabar-com-multa-recisoria-ou-reduzir-o-fgts-diz-marinho\/\" target=\"_blank\" rel=\"noreferrer noopener\">Fundo de Garantia do Tempo de Servi\u00e7o<\/a>&nbsp;(FGTS), que protege o trabalhador demitido sem justa causa.<\/p>\n\n\n\n<p>De acordo com Zangi\u00e1como, a contrata\u00e7\u00e3o pela CLT pode ajudar a reduzir custos para a administra\u00e7\u00e3o p\u00fablica, j\u00e1 que o regime permite a possibilidade de demiss\u00f5es com custo menor para o governo do que no caso dos servidores estatut\u00e1rios, que possuem outras vantagens al\u00e9m da estabilidade.<\/p>\n\n\n\n<p>Segundo o advogado, a mudan\u00e7a pode facilitar ajustes nas equipes e demandas tempor\u00e1rias. \u201cProvavelmente poder\u00e1 ser um artif\u00edcio para melhorar a qualidade da presta\u00e7\u00e3o de servi\u00e7os p\u00fablicos, j\u00e1 que n\u00e3o gozar\u00e3o de estabilidades e demais vantagens da natureza estatut\u00e1ria\u201d, disse Zangi\u00e1como.<\/p>\n\n\n\n<p><strong>Regime jur\u00eddico \u00fanico<\/strong><\/p>\n\n\n\n<p>O texto original da Constitui\u00e7\u00e3o Federal de 1988 determinava que cada ente da federa\u00e7\u00e3o \u2014 como Uni\u00e3o, estados, Distrito Federal e munic\u00edpios \u2014 deveriam instituir um regime jur\u00eddico \u00fanico para os seus servidores p\u00fablicos.<\/p>\n\n\n\n<p>Dessa forma, o regime unifica a forma de contrata\u00e7\u00e3o, os padr\u00f5es de remunera\u00e7\u00e3o e de planos de carreira e a estabilidade do funcionalismo p\u00fablico.<\/p>\n\n\n\n<p>O regime jur\u00eddico \u00fanico estabelece regras referentes a direitos, deveres e normas de conduta que regem a rela\u00e7\u00e3o entre o servidor e a administra\u00e7\u00e3o p\u00fablica.<\/p>\n\n\n\n<p>A norma vigorou at\u00e9 1998, quando o Congresso aprovou a Reforma Administrativa. A emenda constitucional acabou com a obrigatoriedade do regime.<\/p>\n\n\n\n<p>No entanto, o STF suspendeu os efeitos da altera\u00e7\u00e3o em 2007 por conta de a\u00e7\u00e3o que pedia para que a emenda fosse declarada inconstitucional. A a\u00e7\u00e3o \u00e9 a mesma que estava em discuss\u00e3o nesta quarta.<\/p>\n\n\n\n<p><strong>A\u00e7\u00e3o de 2000<\/strong><\/p>\n\n\n\n<p>Os ministros discutiram a a\u00e7\u00e3o apresentada na Corte em 2000.<\/p>\n\n\n\n<p>Os autores da a\u00e7\u00e3o eram partidos que questionavam a validade da emenda constitucional:&nbsp;<a href=\"https:\/\/www.cnnbrasil.com.br\/politica\/pt-atua-para-evitar-que-pl-da-anistia-chegue-ao-plenario-da-camara\/\" target=\"_blank\" rel=\"noreferrer noopener\">PT<\/a>,&nbsp;<a href=\"https:\/\/www.cnnbrasil.com.br\/politica\/presidente-do-pdt-descarta-reflexo-da-disputa-em-fortaleza-na-alianca-com-o-governo-federal\/\" target=\"_blank\" rel=\"noreferrer noopener\">PDT<\/a>,&nbsp;<a href=\"https:\/\/www.cnnbrasil.com.br\/politica\/pcdob-oficializa-saida-de-manuela-davila-vice-de-fernando-haddad-nas-eleicoes-de-2018\/\" target=\"_blank\" rel=\"noreferrer noopener\">PCdoB<\/a>&nbsp;e&nbsp;<a href=\"https:\/\/www.cnnbrasil.com.br\/politica\/psb-e-o-unico-partido-progressista-do-pais-que-se-posiciona-contra-venezuela-diz-tabata-amaral-a-cnn\/\" target=\"_blank\" rel=\"noreferrer noopener\">PSB<\/a>&nbsp;argumentavam que a promulga\u00e7\u00e3o da emenda se deu em dois turnos em cada Casa do Congresso, que seria o procedimento necess\u00e1rio para fazer uma mudan\u00e7a na Constitui\u00e7\u00e3o.<\/p>\n\n\n\n<p>No STF, o julgamento da a\u00e7\u00e3o come\u00e7ou em 2020, com o voto da relatora, ministra&nbsp;<a href=\"https:\/\/www.cnnbrasil.com.br\/politica\/quem-e-carmen-lucia-sucessora-de-moraes-como-presidente-do-tse\/\" target=\"_blank\" rel=\"noreferrer noopener\">C\u00e1rmen L\u00facia<\/a>. A magistrada considerou que a emenda era inconstitucional porque houve viola\u00e7\u00e3o do processo legislativo.<\/p>\n\n\n\n<p>A ministra entendeu que a proposta de altera\u00e7\u00e3o da regra do regime jur\u00eddico \u00fanico foi rejeitada no primeiro turno de vota\u00e7\u00e3o e voltou a ser votada, com nova reda\u00e7\u00e3o, no segundo turno, quando obteve o qu\u00f3rum necess\u00e1rio.<\/p>\n\n\n\n<p><strong>Diverg\u00eancia e voto vencedor<\/strong><\/p>\n\n\n\n<p>Em 2021, o ministro Gilmar Mendes abriu diverg\u00eancia e disse que a vota\u00e7\u00e3o da proposta n\u00e3o violou a regra de aprova\u00e7\u00e3o de emenda constitucional. Na avalia\u00e7\u00e3o do decano da Corte, houve um ajuste na reda\u00e7\u00e3o da proposta.<\/p>\n\n\n\n<p>O entendimento de Gilmar foi seguido pela maioria. O placar ficou em oito votos contra tr\u00eas pelo fim da obrigatoriedade do regime jur\u00eddico \u00fanico.<\/p>\n\n\n\n<p><em>Fonte: CNN<\/em><\/p>\n","protected":false},"excerpt":{"rendered":"<p>Supremo validou a flexibiliza\u00e7\u00e3o do formato de contrata\u00e7\u00e3o de servidores; pr\u00e1tica pode beneficiar administra\u00e7\u00e3o p\u00fablica e traz menos estabilidade para o trabalhador<\/p>\n","protected":false},"author":2,"featured_media":32379,"comment_status":"open","ping_status":"open","sticky":false,"template":"","format":"standard","meta":{"om_disable_all_campaigns":false,"_monsterinsights_skip_tracking":false,"_monsterinsights_sitenote_active":false,"_monsterinsights_sitenote_note":"","_monsterinsights_sitenote_category":0,"footnotes":""},"categories":[34,70,69],"tags":[100,71,48,75,4178,3030,4180,129,107,4181,132,230,106,203,120,51,109,88,47,552,111,216,190],"class_list":["post-63999","post","type-post","status-publish","format-standard","has-post-thumbnail","hentry","category-brasil","category-destaques","category-noticias2","tag-adustina","tag-antas","tag-araci","tag-cicero-dantas","tag-cipo-2","tag-clt","tag-crisopolis-2","tag-euclides-da-cunha","tag-fatima","tag-heliopolis-2","tag-itapicuru","tag-jeremoabo","tag-nova-soure","tag-novo-triunfo","tag-olindina","tag-paripiranga","tag-quijingue","tag-ribeira-do-amparo","tag-ribeira-do-pombal","tag-servidor-publico","tag-sitio-do-quinto","tag-stf","tag-tucano"],"aioseo_notices":[],"_links":{"self":[{"href":"https:\/\/www.portalalerta.com.br\/index.php\/wp-json\/wp\/v2\/posts\/63999","targetHints":{"allow":["GET"]}}],"collection":[{"href":"https:\/\/www.portalalerta.com.br\/index.php\/wp-json\/wp\/v2\/posts"}],"about":[{"href":"https:\/\/www.portalalerta.com.br\/index.php\/wp-json\/wp\/v2\/types\/post"}],"author":[{"embeddable":true,"href":"https:\/\/www.portalalerta.com.br\/index.php\/wp-json\/wp\/v2\/users\/2"}],"replies":[{"embeddable":true,"href":"https:\/\/www.portalalerta.com.br\/index.php\/wp-json\/wp\/v2\/comments?post=63999"}],"version-history":[{"count":1,"href":"https:\/\/www.portalalerta.com.br\/index.php\/wp-json\/wp\/v2\/posts\/63999\/revisions"}],"predecessor-version":[{"id":64000,"href":"https:\/\/www.portalalerta.com.br\/index.php\/wp-json\/wp\/v2\/posts\/63999\/revisions\/64000"}],"wp:featuredmedia":[{"embeddable":true,"href":"https:\/\/www.portalalerta.com.br\/index.php\/wp-json\/wp\/v2\/media\/32379"}],"wp:attachment":[{"href":"https:\/\/www.portalalerta.com.br\/index.php\/wp-json\/wp\/v2\/media?parent=63999"}],"wp:term":[{"taxonomy":"category","embeddable":true,"href":"https:\/\/www.portalalerta.com.br\/index.php\/wp-json\/wp\/v2\/categories?post=63999"},{"taxonomy":"post_tag","embeddable":true,"href":"https:\/\/www.portalalerta.com.br\/index.php\/wp-json\/wp\/v2\/tags?post=63999"}],"curies":[{"name":"wp","href":"https:\/\/api.w.org\/{rel}","templated":true}]}}