{"id":64003,"date":"2024-11-07T13:39:53","date_gmt":"2024-11-07T16:39:53","guid":{"rendered":"https:\/\/www.portalalerta.com.br\/?p=64003"},"modified":"2024-11-07T13:39:54","modified_gmt":"2024-11-07T16:39:54","slug":"vereador-recem-eleito-ze-nunes-morre-em-acidente-de-moto-entre-simao-dias-e-lagarto","status":"publish","type":"post","link":"https:\/\/www.portalalerta.com.br\/index.php\/2024\/11\/07\/vereador-recem-eleito-ze-nunes-morre-em-acidente-de-moto-entre-simao-dias-e-lagarto\/","title":{"rendered":"Vereador rec\u00e9m-eleito Z\u00e9 Nunes morre em acidente de moto entre Sim\u00e3o Dias e Lagarto"},"content":{"rendered":"\n<p>Na tarde desta quarta-feira (6), um acidente fatal foi registrado na rodovia SE-270, entre os povoados Lagoa Seca e Quilombo. A ocorr\u00eancia vitimou o vereador rec\u00e9m-eleito Jos\u00e9 Nunes dos Santos, de 57 anos, popularmente conhecido como \u201cZ\u00e9 Nunes de Dr. Tone\u201d, que n\u00e3o resistiu aos ferimentos e faleceu no local.<\/p>\n\n\n\n<!--more-->\n\n\n<div class=\"wp-block-image\">\n<figure class=\"alignleft size-large is-resized\"><img fetchpriority=\"high\" decoding=\"async\" src=\"https:\/\/www.portalalerta.com.br\/wp-content\/uploads\/2024\/04\/autoescola-emprego-1024x1024.jpg\" alt=\"\" class=\"wp-image-55693\" width=\"405\" height=\"405\" srcset=\"https:\/\/www.portalalerta.com.br\/wp-content\/uploads\/2024\/04\/autoescola-emprego-1024x1024.jpg 1024w, https:\/\/www.portalalerta.com.br\/wp-content\/uploads\/2024\/04\/autoescola-emprego-240x240.jpg 240w, https:\/\/www.portalalerta.com.br\/wp-content\/uploads\/2024\/04\/autoescola-emprego-768x768.jpg 768w, https:\/\/www.portalalerta.com.br\/wp-content\/uploads\/2024\/04\/autoescola-emprego.jpg 1080w\" sizes=\"(max-width: 405px) 100vw, 405px\" \/><\/figure><\/div>\n\n\n<p>Conforme as informa\u00e7\u00f5es, o sinistro envolveu uma motocicleta modelo Honda Pop 110i de cor branca, conduzida pelo vereador. As circunst\u00e2ncias do acidente ainda s\u00e3o desconhecidas, e n\u00e3o h\u00e1 informa\u00e7\u00f5es sobre se a queda foi provocada por uma colis\u00e3o com outro ve\u00edculo. Na garupa estava uma mulher identificada como Mara. Ela foi socorrida pelo SAMU, no entanto, ainda n\u00e3o foram divulgadas informa\u00e7\u00f5es sobre o seu estado de sa\u00fade.<\/p>\n\n\n\n<p>Duas equipes do SAMU foram mobilizadas para o resgate, incluindo uma Unidade de Suporte B\u00e1sico e uma Unidade de Suporte Avan\u00e7ado.<\/p>\n\n\n\n<p>O falecimento de Z\u00e9 Nunes, que havia acabado de ser eleito para representar a popula\u00e7\u00e3o de Sim\u00e3o Dias, deixa um sentimento de luto e consterna\u00e7\u00e3o entre amigos, familiares e eleitores. Ele concorreu a sua primeira elei\u00e7\u00e3o neste ano, onde foi eleito com 814 votos.<\/p>\n\n\n\n<p><em>Fonte; SimaoDiasComoEuVejo.com.br<\/em><\/p>\n","protected":false},"excerpt":{"rendered":"<p>Na tarde desta quarta-feira (6), um acidente fatal foi registrado na rodovia SE-270, entre os povoados Lagoa Seca e Quilombo. A ocorr\u00eancia vitimou o vereador rec\u00e9m-eleito Jos\u00e9 Nunes dos Santos, de 57 anos, popularmente conhecido como \u201cZ\u00e9 Nunes de Dr. Tone\u201d, que n\u00e3o resistiu aos ferimentos e faleceu no local.<\/p>\n","protected":false},"author":2,"featured_media":64002,"comment_status":"open","ping_status":"open","sticky":false,"template":"","format":"standard","meta":{"om_disable_all_campaigns":false,"_monsterinsights_skip_tracking":false,"_monsterinsights_sitenote_active":false,"_monsterinsights_sitenote_note":"","_monsterinsights_sitenote_category":0,"footnotes":""},"categories":[34,70,69,21],"tags":[166,100,71,48,75,4178,4180,129,107,4181,132,230,169,106,203,120,51,109,88,47,114,629,111,190,80],"class_list":["post-64003","post","type-post","status-publish","format-standard","has-post-thumbnail","hentry","category-brasil","category-destaques","category-noticias2","category-politica","tag-acidente","tag-adustina","tag-antas","tag-araci","tag-cicero-dantas","tag-cipo-2","tag-crisopolis-2","tag-euclides-da-cunha","tag-fatima","tag-heliopolis-2","tag-itapicuru","tag-jeremoabo","tag-morte","tag-nova-soure","tag-novo-triunfo","tag-olindina","tag-paripiranga","tag-quijingue","tag-ribeira-do-amparo","tag-ribeira-do-pombal","tag-sergipe","tag-simao-dias","tag-sitio-do-quinto","tag-tucano","tag-vereador"],"aioseo_notices":[],"_links":{"self":[{"href":"https:\/\/www.portalalerta.com.br\/index.php\/wp-json\/wp\/v2\/posts\/64003","targetHints":{"allow":["GET"]}}],"collection":[{"href":"https:\/\/www.portalalerta.com.br\/index.php\/wp-json\/wp\/v2\/posts"}],"about":[{"href":"https:\/\/www.portalalerta.com.br\/index.php\/wp-json\/wp\/v2\/types\/post"}],"author":[{"embeddable":true,"href":"https:\/\/www.portalalerta.com.br\/index.php\/wp-json\/wp\/v2\/users\/2"}],"replies":[{"embeddable":true,"href":"https:\/\/www.portalalerta.com.br\/index.php\/wp-json\/wp\/v2\/comments?post=64003"}],"version-history":[{"count":1,"href":"https:\/\/www.portalalerta.com.br\/index.php\/wp-json\/wp\/v2\/posts\/64003\/revisions"}],"predecessor-version":[{"id":64006,"href":"https:\/\/www.portalalerta.com.br\/index.php\/wp-json\/wp\/v2\/posts\/64003\/revisions\/64006"}],"wp:featuredmedia":[{"embeddable":true,"href":"https:\/\/www.portalalerta.com.br\/index.php\/wp-json\/wp\/v2\/media\/64002"}],"wp:attachment":[{"href":"https:\/\/www.portalalerta.com.br\/index.php\/wp-json\/wp\/v2\/media?parent=64003"}],"wp:term":[{"taxonomy":"category","embeddable":true,"href":"https:\/\/www.portalalerta.com.br\/index.php\/wp-json\/wp\/v2\/categories?post=64003"},{"taxonomy":"post_tag","embeddable":true,"href":"https:\/\/www.portalalerta.com.br\/index.php\/wp-json\/wp\/v2\/tags?post=64003"}],"curies":[{"name":"wp","href":"https:\/\/api.w.org\/{rel}","templated":true}]}}