{"id":64007,"date":"2024-11-07T13:42:33","date_gmt":"2024-11-07T16:42:33","guid":{"rendered":"https:\/\/www.portalalerta.com.br\/?p=64007"},"modified":"2024-11-07T13:51:30","modified_gmt":"2024-11-07T16:51:30","slug":"estudante-de-araci-apresenta-projeto-de-luvas-de-bioplastico-de-sisal-ao-presidente-lula","status":"publish","type":"post","link":"https:\/\/www.portalalerta.com.br\/index.php\/2024\/11\/07\/estudante-de-araci-apresenta-projeto-de-luvas-de-bioplastico-de-sisal-ao-presidente-lula\/","title":{"rendered":"Estudante de Araci apresenta projeto de luvas de biopl\u00e1stico de sisal ao presidente Lula"},"content":{"rendered":"\n<p><strong>Isabel Oliveira, de 18 anos, estudante do Col\u00e9gio CETEP Araci, na regi\u00e3o sisaleira da Bahia, teve a oportunidade de apresentar seu inovador projeto de luvas de biopl\u00e1stico de sisal ao Presidente da Rep\u00fablica, Luiz In\u00e1cio Lula da Silva, durante a abertura da 21\u00aa Semana Nacional de Ci\u00eancia e Tecnologia (SNCT), em Bras\u00edlia. O projeto, desenvolvido em conjunto com seus colegas, visa a produ\u00e7\u00e3o de luvas sustent\u00e1veis a partir de biopl\u00e1stico derivado do sisal, uma planta comum na regi\u00e3o do semi\u00e1rido baiano. Isabel esteve acompanhada pela professora e orientadora Pachiele Cabral, que compartilhou a emo\u00e7\u00e3o e o orgulho do momento ao portal Voz do Campo.<\/strong><\/p>\n\n\n\n<!--more-->\n\n\n\n<p><strong>O evento, realizado pelo Governo Federal por meio do Minist\u00e9rio da Ci\u00eancia, Tecnologia e Inova\u00e7\u00e3o, \u00e9 considerado o principal espa\u00e7o de divulga\u00e7\u00e3o cient\u00edfica do pa\u00eds, reunindo estudantes, pesquisadores e empreendedores de todo o Brasil. Este ano, o tema da SNCT \u00e9 \u201cBiomas do Brasil: diversidade, saberes e tecnologias sociais,\u201d focando na sustentabilidade e nas inova\u00e7\u00f5es voltadas aos biomas brasileiros. A programa\u00e7\u00e3o segue at\u00e9 o dia 10 na capital federal.<\/strong><\/p>\n\n\n<div class=\"wp-block-image\">\n<figure class=\"alignleft size-full is-resized\"><img fetchpriority=\"high\" decoding=\"async\" src=\"https:\/\/www.portalalerta.com.br\/wp-content\/uploads\/2024\/11\/Real-Natal-2024.jpg\" alt=\"\" class=\"wp-image-63820\" width=\"405\" height=\"572\" srcset=\"https:\/\/www.portalalerta.com.br\/wp-content\/uploads\/2024\/11\/Real-Natal-2024.jpg 354w, https:\/\/www.portalalerta.com.br\/wp-content\/uploads\/2024\/11\/Real-Natal-2024-170x240.jpg 170w\" sizes=\"(max-width: 405px) 100vw, 405px\" \/><\/figure><\/div>\n\n\n<p><strong>Ap\u00f3s a apresenta\u00e7\u00e3o, Lula compartilhou o encontro em suas redes sociais e exaltou a iniciativa de Isabel, que representa a Bahia com seu projeto promissor. \u201cHoje, conheci a Isabel. Da Bahia para a Semana Nacional da Ci\u00eancia e Tecnologia, com direito a apresenta\u00e7\u00e3o do projeto e foto para a fam\u00edlia,\u201d escreveu o presidente.<\/strong><\/p>\n\n\n\n<p><strong>O Projeto de Luvas Biodegrad\u00e1veis<\/strong><\/p>\n\n\n\n<p><strong>Desenvolvido pelos estudantes Isabel Oliveira, Maria Isabela, Sarah Moura, Adriele Pietra e Luan Santos, sob a orienta\u00e7\u00e3o da professora Pachiele Cabral, o projeto surgiu da necessidade de reduzir o impacto ambiental do uso e descarte de Equipamentos de Prote\u00e7\u00e3o Individual (EPIs) no laborat\u00f3rio escolar e em ambientes de sa\u00fade. A pandemia de COVID-19 impulsionou a equipe a buscar alternativas sustent\u00e1veis para EPIs descart\u00e1veis. O biopl\u00e1stico usado nas luvas \u00e9 produzido a partir da epiderme do sisal, um material de alta resist\u00eancia que protege a planta de micro-organismos e confere impermeabilidade \u00e0s c\u00e9lulas. Segundo Maria Isabela, integrante do grupo, o resultado \u00e9 uma luva antimicrobiana, antial\u00e9rgica, biodegrad\u00e1vel e de baixo custo. \u201cNosso material \u00e9 capaz de ser uma solu\u00e7\u00e3o sustent\u00e1vel e economicamente vi\u00e1vel, oferecendo seguran\u00e7a e reduzindo os danos ambientais gerados pelo descarte de EPIs convencionais.\u201d<\/strong><\/p>\n\n\n\n<p><strong>Avan\u00e7o e Perspectivas<\/strong><\/p>\n\n\n\n<p><strong>Desde abril de 2022, o grupo de estudantes vem aperfei\u00e7oando as t\u00e9cnicas para a produ\u00e7\u00e3o do biopl\u00e1stico, superando desafios e desenvolvendo uma metodologia pr\u00f3pria, uma vez que as t\u00e9cnicas tradicionais n\u00e3o funcionavam com a mat\u00e9ria-prima do sisal. A inova\u00e7\u00e3o tem potencial para beneficiar tanto o setor de sa\u00fade quanto outros segmentos que utilizam EPIs, al\u00e9m de valorizar um recurso natural amplamente dispon\u00edvel na Bahia.<\/strong><\/p>\n\n\n\n<p><strong>Um Salto para a Ci\u00eancia e Tecnologia<\/strong><\/p>\n\n\n\n<p><strong>A participa\u00e7\u00e3o de Isabel Oliveira na SNCT representa a import\u00e2ncia de fomentar a ci\u00eancia desde a escola, conectando educa\u00e7\u00e3o, sustentabilidade e tecnologia em projetos com impacto social.<\/strong><\/p>\n\n\n\n<p><strong><em>Fonte: A voz do campo<\/em><\/strong><\/p>\n","protected":false},"excerpt":{"rendered":"<p>Isabel Oliveira, de 18 anos, estudante do Col\u00e9gio CETEP Araci, na regi\u00e3o sisaleira da Bahia, teve a oportunidade de apresentar seu inovador projeto de luvas de biopl\u00e1stico de sisal ao Presidente da Rep\u00fablica, Luiz In\u00e1cio Lula da Silva, durante a abertura da 21\u00aa Semana Nacional de Ci\u00eancia e Tecnologia (SNCT), em Bras\u00edlia. O projeto, desenvolvido &hellip;<\/p>\n","protected":false},"author":2,"featured_media":64004,"comment_status":"open","ping_status":"open","sticky":false,"template":"","format":"standard","meta":{"om_disable_all_campaigns":false,"_monsterinsights_skip_tracking":false,"_monsterinsights_sitenote_active":false,"_monsterinsights_sitenote_note":"","_monsterinsights_sitenote_category":0,"footnotes":""},"categories":[41,34,70,20,69,32],"tags":[100,71,48,750,75,4178,4180,129,107,4181,132,230,303,106,203,120,51,1152,109,88,47,2932,111,190],"class_list":["post-64007","post","type-post","status-publish","format-standard","has-post-thumbnail","hentry","category-araci","category-brasil","category-destaques","category-educacao","category-noticias2","category-regiao","tag-adustina","tag-antas","tag-araci","tag-cetep","tag-cicero-dantas","tag-cipo-2","tag-crisopolis-2","tag-euclides-da-cunha","tag-fatima","tag-heliopolis-2","tag-itapicuru","tag-jeremoabo","tag-lula","tag-nova-soure","tag-novo-triunfo","tag-olindina","tag-paripiranga","tag-presidente-da-republica","tag-quijingue","tag-ribeira-do-amparo","tag-ribeira-do-pombal","tag-sisal","tag-sitio-do-quinto","tag-tucano"],"aioseo_notices":[],"_links":{"self":[{"href":"https:\/\/www.portalalerta.com.br\/index.php\/wp-json\/wp\/v2\/posts\/64007","targetHints":{"allow":["GET"]}}],"collection":[{"href":"https:\/\/www.portalalerta.com.br\/index.php\/wp-json\/wp\/v2\/posts"}],"about":[{"href":"https:\/\/www.portalalerta.com.br\/index.php\/wp-json\/wp\/v2\/types\/post"}],"author":[{"embeddable":true,"href":"https:\/\/www.portalalerta.com.br\/index.php\/wp-json\/wp\/v2\/users\/2"}],"replies":[{"embeddable":true,"href":"https:\/\/www.portalalerta.com.br\/index.php\/wp-json\/wp\/v2\/comments?post=64007"}],"version-history":[{"count":1,"href":"https:\/\/www.portalalerta.com.br\/index.php\/wp-json\/wp\/v2\/posts\/64007\/revisions"}],"predecessor-version":[{"id":64008,"href":"https:\/\/www.portalalerta.com.br\/index.php\/wp-json\/wp\/v2\/posts\/64007\/revisions\/64008"}],"wp:featuredmedia":[{"embeddable":true,"href":"https:\/\/www.portalalerta.com.br\/index.php\/wp-json\/wp\/v2\/media\/64004"}],"wp:attachment":[{"href":"https:\/\/www.portalalerta.com.br\/index.php\/wp-json\/wp\/v2\/media?parent=64007"}],"wp:term":[{"taxonomy":"category","embeddable":true,"href":"https:\/\/www.portalalerta.com.br\/index.php\/wp-json\/wp\/v2\/categories?post=64007"},{"taxonomy":"post_tag","embeddable":true,"href":"https:\/\/www.portalalerta.com.br\/index.php\/wp-json\/wp\/v2\/tags?post=64007"}],"curies":[{"name":"wp","href":"https:\/\/api.w.org\/{rel}","templated":true}]}}