{"id":64009,"date":"2024-11-07T13:46:17","date_gmt":"2024-11-07T16:46:17","guid":{"rendered":"https:\/\/www.portalalerta.com.br\/?p=64009"},"modified":"2024-11-07T13:46:18","modified_gmt":"2024-11-07T16:46:18","slug":"pf-desarticula-esquema-de-trafico-interestadual-de-drogas-envolvendo-policiais-em-ro-e-na-ba","status":"publish","type":"post","link":"https:\/\/www.portalalerta.com.br\/index.php\/2024\/11\/07\/pf-desarticula-esquema-de-trafico-interestadual-de-drogas-envolvendo-policiais-em-ro-e-na-ba\/","title":{"rendered":"PF desarticula esquema de tr\u00e1fico interestadual de drogas envolvendo policiais em RO e na BA"},"content":{"rendered":"\n<p>Por Reda\u00e7\u00e3o CN&nbsp; 7 de novembro de 2024<\/p>\n\n\n\n<!--more-->\n\n\n\n<p>PF desarticula esquema de tr\u00e1fico interestadual de drogas envolvendo policiais em RO e na BA<\/p>\n\n\n\n<p>A Pol\u00edcia Federal deflagrou nesta quinta-feira, (7), a Opera\u00e7\u00e3o Puritas, para desarticular grupo criminoso respons\u00e1vel por esquema de tr\u00e1fico interestadual de drogas envolvendo policiais em Rond\u00f4nia e na Bahia.<\/p>\n\n\n<div class=\"wp-block-image\">\n<figure class=\"alignleft size-large is-resized\"><img fetchpriority=\"high\" decoding=\"async\" src=\"https:\/\/www.portalalerta.com.br\/wp-content\/uploads\/2024\/04\/Sabino-Tijolo-576x1024.jpg\" alt=\"\" class=\"wp-image-56164\" width=\"401\" height=\"713\" srcset=\"https:\/\/www.portalalerta.com.br\/wp-content\/uploads\/2024\/04\/Sabino-Tijolo-576x1024.jpg 576w, https:\/\/www.portalalerta.com.br\/wp-content\/uploads\/2024\/04\/Sabino-Tijolo-135x240.jpg 135w, https:\/\/www.portalalerta.com.br\/wp-content\/uploads\/2024\/04\/Sabino-Tijolo.jpg 591w\" sizes=\"(max-width: 401px) 100vw, 401px\" \/><\/figure><\/div>\n\n\n<p>Durante a a\u00e7\u00e3o, mais de 120 policiais federais cumpriram 30 mandados de busca e apreens\u00e3o e 15 mandados de pris\u00e3o preventiva nas cidades de Porto Velho\/RO, Vilhena\/RO, Ji-Paran\u00e1\/RO, Cascavel\/CE, Santa Maria\/DF, Ouril\u00e2ndia do Norte\/PA, Natal\/RN, Piracicaba\/SP, Santaluz\/BA, Gandu\/BA e Feira de Santana\/BA, al\u00e9m de Fortaleza\/CE, todos expedidos pela 2\u00aa Vara de Delitos de T\u00f3xicos de Porto Velho\/RO.<\/p>\n\n\n\n<p>Al\u00e9m das pris\u00f5es, foram realizadas as apreens\u00f5es de sequestros de ve\u00edculos envolvidos nas pr\u00e1ticas delitivas, bem como sete flagrantes por porte e posse de arma de fogo de grosso calibre.<\/p>\n\n\n\n<p>Ap\u00f3s apura\u00e7\u00f5es, identificou-se que um carregamento de aproximadamente 500 kg de cloridrato de coca\u00edna apreendido na cidade de Vilhena, outro de 500 kg na cidade de Canarana\/MT e outro de 200 kg na cidade de Peritor\u00f3\/MA, estavam vinculados ao grupo.<\/p>\n\n\n\n<p>De acordo com as investiga\u00e7\u00f5es, os policiais rodovi\u00e1rios federais, al\u00e9m de integrantes da PM\/BA e PM\/RO, eram respons\u00e1veis pelo transporte de toneladas de drogas destinadas principalmente ao estado do Cear\u00e1. Al\u00e9m disso, a Pol\u00edcia Federal identificou 26 investigados no esquema criminoso, que poder\u00e3o responder por tr\u00e1fico interestadual de drogas, associa\u00e7\u00e3o criminosa e lavagem de dinheiro.<\/p>\n\n\n\n<p>Segundo a PF, a Corregedoria Geral da Pol\u00edcia Rodovi\u00e1ria Federal (PRF) colaborou a todo instante com as investiga\u00e7\u00f5es, sendo fundamental para o \u00eaxito das a\u00e7\u00f5es.<\/p>\n\n\n\n<p>Balan\u00e7o<\/p>\n\n\n\n<p>Apreens\u00e3o de R$ 580 mil em esp\u00e9cie<\/p>\n\n\n\n<p>Apreens\u00e3o de USD 8.157 (D\u00f3lares).<\/p>\n\n\n\n<p><em>Fonte: Calila noticias<\/em><\/p>\n\n\n\n<p><em>Com informa\u00e7\u00f5es de: PF<\/em><\/p>\n","protected":false},"excerpt":{"rendered":"<p>Por Reda\u00e7\u00e3o CN&nbsp; 7 de novembro de 2024<\/p>\n","protected":false},"author":2,"featured_media":64005,"comment_status":"open","ping_status":"open","sticky":false,"template":"","format":"standard","meta":{"om_disable_all_campaigns":false,"_monsterinsights_skip_tracking":false,"_monsterinsights_sitenote_active":false,"_monsterinsights_sitenote_note":"","_monsterinsights_sitenote_category":0,"footnotes":""},"categories":[33,34,70,69,22],"tags":[100,71,48,54,93,75,4178,4180,129,107,4181,132,230,106,203,120,51,79,109,88,47,1171,111,76,190],"class_list":["post-64009","post","type-post","status-publish","format-standard","has-post-thumbnail","hentry","category-bahia","category-brasil","category-destaques","category-noticias2","category-seguranca","tag-adustina","tag-antas","tag-araci","tag-bahia","tag-brasil","tag-cicero-dantas","tag-cipo-2","tag-crisopolis-2","tag-euclides-da-cunha","tag-fatima","tag-heliopolis-2","tag-itapicuru","tag-jeremoabo","tag-nova-soure","tag-novo-triunfo","tag-olindina","tag-paripiranga","tag-policia-militar","tag-quijingue","tag-ribeira-do-amparo","tag-ribeira-do-pombal","tag-roraima","tag-sitio-do-quinto","tag-trafico-de-drogas","tag-tucano"],"aioseo_notices":[],"_links":{"self":[{"href":"https:\/\/www.portalalerta.com.br\/index.php\/wp-json\/wp\/v2\/posts\/64009","targetHints":{"allow":["GET"]}}],"collection":[{"href":"https:\/\/www.portalalerta.com.br\/index.php\/wp-json\/wp\/v2\/posts"}],"about":[{"href":"https:\/\/www.portalalerta.com.br\/index.php\/wp-json\/wp\/v2\/types\/post"}],"author":[{"embeddable":true,"href":"https:\/\/www.portalalerta.com.br\/index.php\/wp-json\/wp\/v2\/users\/2"}],"replies":[{"embeddable":true,"href":"https:\/\/www.portalalerta.com.br\/index.php\/wp-json\/wp\/v2\/comments?post=64009"}],"version-history":[{"count":1,"href":"https:\/\/www.portalalerta.com.br\/index.php\/wp-json\/wp\/v2\/posts\/64009\/revisions"}],"predecessor-version":[{"id":64010,"href":"https:\/\/www.portalalerta.com.br\/index.php\/wp-json\/wp\/v2\/posts\/64009\/revisions\/64010"}],"wp:featuredmedia":[{"embeddable":true,"href":"https:\/\/www.portalalerta.com.br\/index.php\/wp-json\/wp\/v2\/media\/64005"}],"wp:attachment":[{"href":"https:\/\/www.portalalerta.com.br\/index.php\/wp-json\/wp\/v2\/media?parent=64009"}],"wp:term":[{"taxonomy":"category","embeddable":true,"href":"https:\/\/www.portalalerta.com.br\/index.php\/wp-json\/wp\/v2\/categories?post=64009"},{"taxonomy":"post_tag","embeddable":true,"href":"https:\/\/www.portalalerta.com.br\/index.php\/wp-json\/wp\/v2\/tags?post=64009"}],"curies":[{"name":"wp","href":"https:\/\/api.w.org\/{rel}","templated":true}]}}