{"id":64921,"date":"2024-11-25T23:13:08","date_gmt":"2024-11-26T02:13:08","guid":{"rendered":"https:\/\/www.portalalerta.com.br\/?p=64921"},"modified":"2024-11-25T23:13:09","modified_gmt":"2024-11-26T02:13:09","slug":"homem-e-preso-acusado-de-maus-tratos-e-ameaca-contra-a-propria-mae-idosa-em-jeremoabo-ba","status":"publish","type":"post","link":"https:\/\/www.portalalerta.com.br\/index.php\/2024\/11\/25\/homem-e-preso-acusado-de-maus-tratos-e-ameaca-contra-a-propria-mae-idosa-em-jeremoabo-ba\/","title":{"rendered":"Homem \u00e9 preso acusado de maus tratos e amea\u00e7a contra a pr\u00f3pria m\u00e3e idosa, em Jeremoabo-BA"},"content":{"rendered":"\n<p>Por volta das 12h50 desta segunda-feira (25) policiais militares do munic\u00edpio de Jeremoabo-BA, forma informados que um homem estaria amea\u00e7ando a pr\u00f3pria m\u00e3e, na Av. Contorno, no referido munic\u00edpio.<\/p>\n\n\n\n<!--more-->\n\n\n<div class=\"wp-block-image\">\n<figure class=\"alignleft size-large is-resized\"><img fetchpriority=\"high\" decoding=\"async\" src=\"https:\/\/www.portalalerta.com.br\/wp-content\/uploads\/2024\/04\/Sabino-Tijolo-576x1024.jpg\" alt=\"\" class=\"wp-image-56164\" width=\"369\" height=\"656\" srcset=\"https:\/\/www.portalalerta.com.br\/wp-content\/uploads\/2024\/04\/Sabino-Tijolo-576x1024.jpg 576w, https:\/\/www.portalalerta.com.br\/wp-content\/uploads\/2024\/04\/Sabino-Tijolo-135x240.jpg 135w, https:\/\/www.portalalerta.com.br\/wp-content\/uploads\/2024\/04\/Sabino-Tijolo.jpg 591w\" sizes=\"(max-width: 369px) 100vw, 369px\" \/><\/figure><\/div>\n\n\n<p>Os militares foram at\u00e9 o local, onde constataram a veracidade da informa\u00e7\u00e3o. A mulher uma idosa de 86 anos, confirmou os fatos, relatando que era maltratada e amea\u00e7ada h\u00e1 muito tempo pelo pr\u00f3prio filho. Dois irm\u00e3os do rapaz tamb\u00e9m confirmaram os relatos das den\u00fancias.<\/p>\n\n\n\n<p>Os envolvidos foram apresentados na Delegacia de Pol\u00edcia Civil da cidade, para a ado\u00e7\u00e3o das medidas cab\u00edveis. <\/p>\n\n\n\n<p><em>Reda\u00e7\u00e3o: Portal Alerta<\/em><\/p>\n","protected":false},"excerpt":{"rendered":"<p>Por volta das 12h50 desta segunda-feira (25) policiais militares do munic\u00edpio de Jeremoabo-BA, forma informados que um homem estaria amea\u00e7ando a pr\u00f3pria m\u00e3e, na Av. Contorno, no referido munic\u00edpio.<\/p>\n","protected":false},"author":2,"featured_media":3709,"comment_status":"open","ping_status":"open","sticky":false,"template":"","format":"standard","meta":{"om_disable_all_campaigns":false,"_monsterinsights_skip_tracking":false,"_monsterinsights_sitenote_active":false,"_monsterinsights_sitenote_note":"","_monsterinsights_sitenote_category":0,"footnotes":""},"categories":[70,9,69,32,22],"tags":[],"class_list":["post-64921","post","type-post","status-publish","format-standard","has-post-thumbnail","hentry","category-destaques","category-jeremoabo","category-noticias2","category-regiao","category-seguranca"],"aioseo_notices":[],"_links":{"self":[{"href":"https:\/\/www.portalalerta.com.br\/index.php\/wp-json\/wp\/v2\/posts\/64921","targetHints":{"allow":["GET"]}}],"collection":[{"href":"https:\/\/www.portalalerta.com.br\/index.php\/wp-json\/wp\/v2\/posts"}],"about":[{"href":"https:\/\/www.portalalerta.com.br\/index.php\/wp-json\/wp\/v2\/types\/post"}],"author":[{"embeddable":true,"href":"https:\/\/www.portalalerta.com.br\/index.php\/wp-json\/wp\/v2\/users\/2"}],"replies":[{"embeddable":true,"href":"https:\/\/www.portalalerta.com.br\/index.php\/wp-json\/wp\/v2\/comments?post=64921"}],"version-history":[{"count":1,"href":"https:\/\/www.portalalerta.com.br\/index.php\/wp-json\/wp\/v2\/posts\/64921\/revisions"}],"predecessor-version":[{"id":64922,"href":"https:\/\/www.portalalerta.com.br\/index.php\/wp-json\/wp\/v2\/posts\/64921\/revisions\/64922"}],"wp:featuredmedia":[{"embeddable":true,"href":"https:\/\/www.portalalerta.com.br\/index.php\/wp-json\/wp\/v2\/media\/3709"}],"wp:attachment":[{"href":"https:\/\/www.portalalerta.com.br\/index.php\/wp-json\/wp\/v2\/media?parent=64921"}],"wp:term":[{"taxonomy":"category","embeddable":true,"href":"https:\/\/www.portalalerta.com.br\/index.php\/wp-json\/wp\/v2\/categories?post=64921"},{"taxonomy":"post_tag","embeddable":true,"href":"https:\/\/www.portalalerta.com.br\/index.php\/wp-json\/wp\/v2\/tags?post=64921"}],"curies":[{"name":"wp","href":"https:\/\/api.w.org\/{rel}","templated":true}]}}