{"id":65,"date":"2017-10-17T14:34:16","date_gmt":"2017-10-17T16:34:16","guid":{"rendered":"http:\/\/www.portalalerta.com.br\/?p=65"},"modified":"2017-10-17T14:34:27","modified_gmt":"2017-10-17T16:34:27","slug":"jovem-e-preso-apos-esfaquear-amigo-em-ribeira-do-amparo-ba","status":"publish","type":"post","link":"https:\/\/www.portalalerta.com.br\/index.php\/2017\/10\/17\/jovem-e-preso-apos-esfaquear-amigo-em-ribeira-do-amparo-ba\/","title":{"rendered":"JOVEM \u00c9 PRESO AP\u00d3S ESFAQUEAR \u201cAMIGO\u201d EM RIBEIRA DO AMPARO-BA"},"content":{"rendered":"<div class=\"itemIntroText\">\n<p><img fetchpriority=\"high\" decoding=\"async\" class=\"size-full wp-image-66 alignleft\" src=\"http:\/\/www.portalalerta.com.br\/wp-content\/uploads\/2017\/10\/tentativadehomicidion31.jpg\" alt=\"\" width=\"500\" height=\"300\" srcset=\"https:\/\/www.portalalerta.com.br\/wp-content\/uploads\/2017\/10\/tentativadehomicidion31.jpg 200w, https:\/\/www.portalalerta.com.br\/wp-content\/uploads\/2017\/10\/tentativadehomicidion31-50x30.jpg 50w, https:\/\/www.portalalerta.com.br\/wp-content\/uploads\/2017\/10\/tentativadehomicidion31-125x75.jpg 125w\" sizes=\"(max-width: 500px) 100vw, 500px\" \/>Na tarde do \u00faltimo domingo, 15, Jos\u00e9 Ferreira de Macedo, 36 anos, foi encontrado ferido no interior de uma resid\u00eancia, situada na Rua Nova, no povoado Barrocas, em Ribeira do Amparo-BA. Bastante ensanguentado, a v\u00edtima apresentava perfura\u00e7\u00f5es causadas por golpes de faca.<\/p>\n<\/div>\n<div class=\"itemFullText\">\n<p>Imediatamente a Jos\u00e9 Ferreira foi socorrido por populares, que o conduziram para o Hospital Geral Santa Tereza, em Ribeira do Pombal. Ap\u00f3s o crime, o autor identificado como Anverson dos Santos Morais, 19 anos, se dirigiu para um bar situado numa localidade rural conhecida como Lagoa Grande.<\/p>\n<p>Policiais Militares do 1\u00ba Pelot\u00e3o\/ Cip\u00f3-BA, foram informados do ocorrido, e imediatamente se dirigiram at\u00e9 o local, onde encontraram o autor, que confessou o crime, bem como afirmou ser \u201camigo\u201d da v\u00edtima.<\/p>\n<p><img decoding=\"async\" src=\"http:\/\/pombalalerta.com.br\/images\/protege.jpg\" border=\"0\" \/>Visivelmente embriagado, Anverson e a faca utilizada no crime, foram conduzidos para a Delegacia de Pol\u00edcia Civil de Ribeira do Pombal, j\u00e1 que aos finais de semana Ribeira do Amparo-BA n\u00e3o disp\u00f5e de Delegado Plantonista. Ap\u00f3s a lavratura do flagrante, o autor foi conduzido para a carceragem de Cip\u00f3-BA, onde ficou \u00e0 disposi\u00e7\u00e3o da justi\u00e7a.<\/p>\n<p><img decoding=\"async\" src=\"http:\/\/pombalalerta.com.br\/images\/anversondossantosmorais.jpg\" alt=\"\" border=\"0\" \/>Anverson confessou ter esfaqueado o pr\u00f3prio \u201camigo\u201d, em Ribeira do Amparo-BA<\/p>\n<p>Com rela\u00e7\u00e3o \u00e0 v\u00edtima, foi submetida a um procedimento cir\u00fargico, mas n\u00e3o teve o seu quadro cl\u00ednico divulgado.<\/p>\n<p><a href=\"http:\/\/www.facebook.com.br\/pombalalerta\"><strong>Curta nossa p\u00e1gina no facebook, e continue atualizado sobre tudo o que acontece em Ribeira do Pombal e Regi\u00e3o!\u00a0<\/strong><\/a><\/p>\n<p><a href=\"https:\/\/play.google.com\/store\/apps\/details?id=com.globalstore.pombalalerta&amp;hl=pt_BR\"><strong>Baixe o nosso aplicativo, e fique de olho na not\u00edcia!<\/strong><\/a><\/p>\n<p><em>Reda\u00e7\u00e3o: Pombal Alerta<\/em><\/p>\n<\/div>\n","protected":false},"excerpt":{"rendered":"<p>Na tarde do \u00faltimo domingo, 15, Jos\u00e9 Ferreira de Macedo, 36 anos, foi encontrado ferido no interior de uma resid\u00eancia, situada na Rua Nova, no povoado Barrocas, em Ribeira do Amparo-BA. Bastante ensanguentado, a v\u00edtima apresentava perfura\u00e7\u00f5es causadas por golpes de faca. Imediatamente a Jos\u00e9 Ferreira foi socorrido por populares, que o conduziram para o &hellip;<\/p>\n","protected":false},"author":1,"featured_media":66,"comment_status":"open","ping_status":"open","sticky":false,"template":"","format":"standard","meta":{"om_disable_all_campaigns":false,"_monsterinsights_skip_tracking":false,"_monsterinsights_sitenote_active":false,"_monsterinsights_sitenote_note":"","_monsterinsights_sitenote_category":0,"footnotes":""},"categories":[16],"tags":[],"class_list":["post-65","post","type-post","status-publish","format-standard","has-post-thumbnail","hentry","category-ribeira-do-amparo"],"aioseo_notices":[],"_links":{"self":[{"href":"https:\/\/www.portalalerta.com.br\/index.php\/wp-json\/wp\/v2\/posts\/65","targetHints":{"allow":["GET"]}}],"collection":[{"href":"https:\/\/www.portalalerta.com.br\/index.php\/wp-json\/wp\/v2\/posts"}],"about":[{"href":"https:\/\/www.portalalerta.com.br\/index.php\/wp-json\/wp\/v2\/types\/post"}],"author":[{"embeddable":true,"href":"https:\/\/www.portalalerta.com.br\/index.php\/wp-json\/wp\/v2\/users\/1"}],"replies":[{"embeddable":true,"href":"https:\/\/www.portalalerta.com.br\/index.php\/wp-json\/wp\/v2\/comments?post=65"}],"version-history":[{"count":0,"href":"https:\/\/www.portalalerta.com.br\/index.php\/wp-json\/wp\/v2\/posts\/65\/revisions"}],"wp:featuredmedia":[{"embeddable":true,"href":"https:\/\/www.portalalerta.com.br\/index.php\/wp-json\/wp\/v2\/media\/66"}],"wp:attachment":[{"href":"https:\/\/www.portalalerta.com.br\/index.php\/wp-json\/wp\/v2\/media?parent=65"}],"wp:term":[{"taxonomy":"category","embeddable":true,"href":"https:\/\/www.portalalerta.com.br\/index.php\/wp-json\/wp\/v2\/categories?post=65"},{"taxonomy":"post_tag","embeddable":true,"href":"https:\/\/www.portalalerta.com.br\/index.php\/wp-json\/wp\/v2\/tags?post=65"}],"curies":[{"name":"wp","href":"https:\/\/api.w.org\/{rel}","templated":true}]}}