{"id":65156,"date":"2024-11-30T12:01:00","date_gmt":"2024-11-30T15:01:00","guid":{"rendered":"https:\/\/www.portalalerta.com.br\/?p=65156"},"modified":"2024-11-29T23:05:12","modified_gmt":"2024-11-30T02:05:12","slug":"justica-eleitoral-julga-improcedente-processo-contra-patricia-prefeita-eleita-em-banzae-ba-oposicao-recorre","status":"publish","type":"post","link":"https:\/\/www.portalalerta.com.br\/index.php\/2024\/11\/30\/justica-eleitoral-julga-improcedente-processo-contra-patricia-prefeita-eleita-em-banzae-ba-oposicao-recorre\/","title":{"rendered":"Justi\u00e7a Eleitoral julga improcedente processo contra Patr\u00edcia, prefeita eleita em Banza\u00ea-BA. Oposi\u00e7\u00e3o recorre!"},"content":{"rendered":"\n<p>O juiz Eleitoral da 110\u00aa Zona Eleitoral, Dr. Luiz Carlos Vilas Boas Andrade Junior, julgou improcedente a a\u00e7\u00e3o que acusava a prefeita eleita de Banza\u00ea-BA, Patr\u00edcia Nascimento Almeida.<\/p>\n\n\n\n<!--more-->\n\n\n<div class=\"wp-block-image\">\n<figure class=\"alignleft size-large is-resized\"><img fetchpriority=\"high\" decoding=\"async\" src=\"https:\/\/www.portalalerta.com.br\/wp-content\/uploads\/2024\/04\/autoescola-emprego-1024x1024.jpg\" alt=\"\" class=\"wp-image-55693\" width=\"435\" height=\"435\" srcset=\"https:\/\/www.portalalerta.com.br\/wp-content\/uploads\/2024\/04\/autoescola-emprego-1024x1024.jpg 1024w, https:\/\/www.portalalerta.com.br\/wp-content\/uploads\/2024\/04\/autoescola-emprego-240x240.jpg 240w, https:\/\/www.portalalerta.com.br\/wp-content\/uploads\/2024\/04\/autoescola-emprego-768x768.jpg 768w, https:\/\/www.portalalerta.com.br\/wp-content\/uploads\/2024\/04\/autoescola-emprego.jpg 1080w\" sizes=\"(max-width: 435px) 100vw, 435px\" \/><\/figure><\/div>\n\n\n<p>A a\u00e7\u00e3o afirmava que teria promovido a sua candidatura, mediante a participa\u00e7\u00e3o de servidores p\u00fablicos em ato de campanha durante o hor\u00e1rio de expediente, e que tal ato configuraria infra\u00e7\u00e3o ao artigo 73, inciso III da Lei n\u00ba 9.5054\/97, que veda o uso de servidores em atividades eleitorais durante o hor\u00e1rio de trabalho.<\/p>\n\n\n\n<p>Antes mesmo da decis\u00e3o do juiz eleitoral, o Minist\u00e9rio P\u00fablico opinou por duas vezes a respeito da a\u00e7\u00e3o. Inicialmente o MP se manifestou pela proced\u00eancia da representa\u00e7\u00e3o, sugerindo a pr\u00e1tica de conduta vedada, por\u00e9m ao analisar as manifesta\u00e7\u00f5es da acusa\u00e7\u00e3o e da defesa, se posicionou pela improced\u00eancia da representa\u00e7\u00e3o.<\/p>\n\n\n\n<p>Desta forma, Dr. Luiz Carlos Vilas Boas acatou o posicionamento do Minist\u00e9rio P\u00fablico, e julgou pela a improced\u00eancia da representa\u00e7\u00e3o.<\/p>\n\n\n\n<p>De acordo com o Blog Montenius, o advogado Jos\u00e9 Ronaldo, representante da Coliga\u00e7\u00e3o \u201cUm Novo Caminho para Banza\u00ea\u201d j\u00e1 recorreu da decis\u00e3o junto ao Tribunal Regional Eleitoral.<\/p>\n\n\n\n<p><em>Reda\u00e7\u00e3o: Portal Alerta<\/em><\/p>\n","protected":false},"excerpt":{"rendered":"<p>O juiz Eleitoral da 110\u00aa Zona Eleitoral, Dr. Luiz Carlos Vilas Boas Andrade Junior, julgou improcedente a a\u00e7\u00e3o que acusava a prefeita eleita de Banza\u00ea-BA, Patr\u00edcia Nascimento Almeida.<\/p>\n","protected":false},"author":2,"featured_media":62639,"comment_status":"open","ping_status":"open","sticky":false,"template":"","format":"standard","meta":{"om_disable_all_campaigns":false,"_monsterinsights_skip_tracking":false,"_monsterinsights_sitenote_active":false,"_monsterinsights_sitenote_note":"","_monsterinsights_sitenote_category":0,"footnotes":""},"categories":[39,70,69,21,32],"tags":[100,71,48,75,4178,4180,5695,129,107,4181,132,230,270,1255,106,203,120,51,1426,109,88,47,111,190],"class_list":["post-65156","post","type-post","status-publish","format-standard","has-post-thumbnail","hentry","category-banzae","category-destaques","category-noticias2","category-politica","category-regiao","tag-adustina","tag-antas","tag-araci","tag-cicero-dantas","tag-cipo-2","tag-crisopolis-2","tag-eleicoes-2024","tag-euclides-da-cunha","tag-fatima","tag-heliopolis-2","tag-itapicuru","tag-jeremoabo","tag-justica","tag-justica-eleitoral","tag-nova-soure","tag-novo-triunfo","tag-olindina","tag-paripiranga","tag-prefeita","tag-quijingue","tag-ribeira-do-amparo","tag-ribeira-do-pombal","tag-sitio-do-quinto","tag-tucano"],"aioseo_notices":[],"_links":{"self":[{"href":"https:\/\/www.portalalerta.com.br\/index.php\/wp-json\/wp\/v2\/posts\/65156","targetHints":{"allow":["GET"]}}],"collection":[{"href":"https:\/\/www.portalalerta.com.br\/index.php\/wp-json\/wp\/v2\/posts"}],"about":[{"href":"https:\/\/www.portalalerta.com.br\/index.php\/wp-json\/wp\/v2\/types\/post"}],"author":[{"embeddable":true,"href":"https:\/\/www.portalalerta.com.br\/index.php\/wp-json\/wp\/v2\/users\/2"}],"replies":[{"embeddable":true,"href":"https:\/\/www.portalalerta.com.br\/index.php\/wp-json\/wp\/v2\/comments?post=65156"}],"version-history":[{"count":2,"href":"https:\/\/www.portalalerta.com.br\/index.php\/wp-json\/wp\/v2\/posts\/65156\/revisions"}],"predecessor-version":[{"id":65247,"href":"https:\/\/www.portalalerta.com.br\/index.php\/wp-json\/wp\/v2\/posts\/65156\/revisions\/65247"}],"wp:featuredmedia":[{"embeddable":true,"href":"https:\/\/www.portalalerta.com.br\/index.php\/wp-json\/wp\/v2\/media\/62639"}],"wp:attachment":[{"href":"https:\/\/www.portalalerta.com.br\/index.php\/wp-json\/wp\/v2\/media?parent=65156"}],"wp:term":[{"taxonomy":"category","embeddable":true,"href":"https:\/\/www.portalalerta.com.br\/index.php\/wp-json\/wp\/v2\/categories?post=65156"},{"taxonomy":"post_tag","embeddable":true,"href":"https:\/\/www.portalalerta.com.br\/index.php\/wp-json\/wp\/v2\/tags?post=65156"}],"curies":[{"name":"wp","href":"https:\/\/api.w.org\/{rel}","templated":true}]}}