{"id":65161,"date":"2024-11-30T12:03:00","date_gmt":"2024-11-30T15:03:00","guid":{"rendered":"https:\/\/www.portalalerta.com.br\/?p=65161"},"modified":"2024-11-30T12:13:35","modified_gmt":"2024-11-30T15:13:35","slug":"filho-ateia-fogo-na-casa-da-propria-mae-em-ribeira-do-pombal-ba","status":"publish","type":"post","link":"https:\/\/www.portalalerta.com.br\/index.php\/2024\/11\/30\/filho-ateia-fogo-na-casa-da-propria-mae-em-ribeira-do-pombal-ba\/","title":{"rendered":"Filho ateia fogo na casa da pr\u00f3pria m\u00e3e, em Ribeira do Pombal-BA"},"content":{"rendered":"\n<p>Na noite da \u00faltima quinta-feira (28), policiais militares do 2\u00ba Pelot\u00e3o\/ Ribeira do Pombal, e Bombeiros Militares da cidade, foram at\u00e9 o povoado Piqu\u00e9s, no referido munic\u00edpio, ap\u00f3s receberem uma den\u00fancia de inc\u00eandio criminoso ocorrido na localidade em quest\u00e3o.<\/p>\n\n\n\n<!--more-->\n\n\n\n<p>No local, as guarni\u00e7\u00f5es encontraram uma casa em chamas, e de acordo com relatos, foram provocadas pelo pr\u00f3prio filho da propriet\u00e1ria da casa. Segundo relatos, o autor, conhecido como Gelson, \u00e9 foragido da justi\u00e7a, e teria chegado ao local exigindo que o im\u00f3vel fosse colocado \u00e0 venda, e n\u00e3o aceitando a negativa teria iniciado o inc\u00eandio ateando fogo em um colch\u00e3o e outros m\u00f3veis da casa.<\/p>\n\n\n\n<figure class=\"wp-block-image size-large\"><img fetchpriority=\"high\" decoding=\"async\" width=\"768\" height=\"1024\" src=\"https:\/\/www.portalalerta.com.br\/wp-content\/uploads\/2024\/11\/incendio-em-Ribeira-do-Pombal-2024.1-768x1024.jpeg\" alt=\"\" class=\"wp-image-65213\" srcset=\"https:\/\/www.portalalerta.com.br\/wp-content\/uploads\/2024\/11\/incendio-em-Ribeira-do-Pombal-2024.1-768x1024.jpeg 768w, https:\/\/www.portalalerta.com.br\/wp-content\/uploads\/2024\/11\/incendio-em-Ribeira-do-Pombal-2024.1-180x240.jpeg 180w, https:\/\/www.portalalerta.com.br\/wp-content\/uploads\/2024\/11\/incendio-em-Ribeira-do-Pombal-2024.1-1152x1536.jpeg 1152w, https:\/\/www.portalalerta.com.br\/wp-content\/uploads\/2024\/11\/incendio-em-Ribeira-do-Pombal-2024.1.jpeg 1200w\" sizes=\"(max-width: 768px) 100vw, 768px\" \/><\/figure>\n\n\n\n<p>Gelson fugiu do local antes da chegada da pol\u00edcia.<\/p>\n\n\n\n<figure class=\"wp-block-embed is-type-video is-provider-youtube wp-block-embed-youtube wp-embed-aspect-4-3 wp-has-aspect-ratio\"><div class=\"wp-block-embed__wrapper\">\n<iframe title=\"Filho ateia fogo na casa da pr\u00f3pria m\u00e3e, em Ribeira do Pombal-BA\" width=\"422\" height=\"750\" src=\"https:\/\/www.youtube.com\/embed\/l20j_EWIp08?feature=oembed\" frameborder=\"0\" allow=\"accelerometer; autoplay; clipboard-write; encrypted-media; gyroscope; picture-in-picture; web-share\" referrerpolicy=\"strict-origin-when-cross-origin\" allowfullscreen><\/iframe>\n<\/div><\/figure>\n\n\n\n<p><em>Reda\u00e7\u00e3o: Portal Alerta<\/em><\/p>\n","protected":false},"excerpt":{"rendered":"<p>Na noite da \u00faltima quinta-feira (28), policiais militares do 2\u00ba Pelot\u00e3o\/ Ribeira do Pombal, e Bombeiros Militares da cidade, foram at\u00e9 o povoado Piqu\u00e9s, no referido munic\u00edpio, ap\u00f3s receberem uma den\u00fancia de inc\u00eandio criminoso ocorrido na localidade em quest\u00e3o.<\/p>\n","protected":false},"author":2,"featured_media":65162,"comment_status":"open","ping_status":"open","sticky":false,"template":"","format":"standard","meta":{"om_disable_all_campaigns":false,"_monsterinsights_skip_tracking":false,"_monsterinsights_sitenote_active":false,"_monsterinsights_sitenote_note":"","_monsterinsights_sitenote_category":0,"footnotes":""},"categories":[70,69,32,3,22,68],"tags":[],"class_list":["post-65161","post","type-post","status-publish","format-standard","has-post-thumbnail","hentry","category-destaques","category-noticias2","category-regiao","category-ribeira-do-pombal","category-seguranca","category-videos"],"aioseo_notices":[],"_links":{"self":[{"href":"https:\/\/www.portalalerta.com.br\/index.php\/wp-json\/wp\/v2\/posts\/65161","targetHints":{"allow":["GET"]}}],"collection":[{"href":"https:\/\/www.portalalerta.com.br\/index.php\/wp-json\/wp\/v2\/posts"}],"about":[{"href":"https:\/\/www.portalalerta.com.br\/index.php\/wp-json\/wp\/v2\/types\/post"}],"author":[{"embeddable":true,"href":"https:\/\/www.portalalerta.com.br\/index.php\/wp-json\/wp\/v2\/users\/2"}],"replies":[{"embeddable":true,"href":"https:\/\/www.portalalerta.com.br\/index.php\/wp-json\/wp\/v2\/comments?post=65161"}],"version-history":[{"count":4,"href":"https:\/\/www.portalalerta.com.br\/index.php\/wp-json\/wp\/v2\/posts\/65161\/revisions"}],"predecessor-version":[{"id":65230,"href":"https:\/\/www.portalalerta.com.br\/index.php\/wp-json\/wp\/v2\/posts\/65161\/revisions\/65230"}],"wp:featuredmedia":[{"embeddable":true,"href":"https:\/\/www.portalalerta.com.br\/index.php\/wp-json\/wp\/v2\/media\/65162"}],"wp:attachment":[{"href":"https:\/\/www.portalalerta.com.br\/index.php\/wp-json\/wp\/v2\/media?parent=65161"}],"wp:term":[{"taxonomy":"category","embeddable":true,"href":"https:\/\/www.portalalerta.com.br\/index.php\/wp-json\/wp\/v2\/categories?post=65161"},{"taxonomy":"post_tag","embeddable":true,"href":"https:\/\/www.portalalerta.com.br\/index.php\/wp-json\/wp\/v2\/tags?post=65161"}],"curies":[{"name":"wp","href":"https:\/\/api.w.org\/{rel}","templated":true}]}}