{"id":65289,"date":"2024-12-02T09:44:23","date_gmt":"2024-12-02T12:44:23","guid":{"rendered":"https:\/\/www.portalalerta.com.br\/?p=65289"},"modified":"2024-12-02T09:44:24","modified_gmt":"2024-12-02T12:44:24","slug":"prefeitura-de-ribeira-do-pombal-decreta-recesso-administrativo-para-final-de-ano","status":"publish","type":"post","link":"https:\/\/www.portalalerta.com.br\/index.php\/2024\/12\/02\/prefeitura-de-ribeira-do-pombal-decreta-recesso-administrativo-para-final-de-ano\/","title":{"rendered":"Prefeitura de Ribeira do Pombal decreta recesso administrativo para final de ano"},"content":{"rendered":"\n<p>A Prefeitura Municipal de Ribeira do Pombal, por meio do Decreto N\u00ba 055, de 29 de novembro de 2024, oficializou um recesso administrativo para os \u00f3rg\u00e3os e entidades p\u00fablicas do munic\u00edpio, que ocorrer\u00e1 entre os dias 16 de dezembro de 2024 e 03 de janeiro de 2025, com o retorno das atividades marcado para o dia 06 de janeiro de 2025.<\/p>\n\n\n\n<!--more-->\n\n\n\n<p>De acordo com o documento, assinado pelo prefeito Eriksson Santos Silva, o recesso foi decretado considerando as festividades de Natal e Ano Novo, al\u00e9m da necessidade de organizar o encerramento do exerc\u00edcio financeiro e fiscal do munic\u00edpio.<\/p>\n\n\n<div class=\"wp-block-image\">\n<figure class=\"alignleft size-large is-resized\"><img fetchpriority=\"high\" decoding=\"async\" src=\"https:\/\/www.portalalerta.com.br\/wp-content\/uploads\/2024\/04\/autoescola-emprego-1024x1024.jpg\" alt=\"\" class=\"wp-image-55693\" width=\"402\" height=\"402\" srcset=\"https:\/\/www.portalalerta.com.br\/wp-content\/uploads\/2024\/04\/autoescola-emprego-1024x1024.jpg 1024w, https:\/\/www.portalalerta.com.br\/wp-content\/uploads\/2024\/04\/autoescola-emprego-240x240.jpg 240w, https:\/\/www.portalalerta.com.br\/wp-content\/uploads\/2024\/04\/autoescola-emprego-768x768.jpg 768w, https:\/\/www.portalalerta.com.br\/wp-content\/uploads\/2024\/04\/autoescola-emprego.jpg 1080w\" sizes=\"(max-width: 402px) 100vw, 402px\" \/><\/figure><\/div>\n\n\n<p>Servi\u00e7os que seguir\u00e3o funcionando<\/p>\n\n\n\n<p>Alguns servi\u00e7os essenciais est\u00e3o exclu\u00eddos do recesso e continuar\u00e3o funcionando normalmente, incluindo:<\/p>\n\n\n\n<p>Pronto Atendimento (12h);<\/p>\n\n\n\n<p>CRAS, CREAS e Casa Lar;<\/p>\n\n\n\n<p>Fisco Municipal;<\/p>\n\n\n\n<p>Guarda Civil Municipal;<\/p>\n\n\n\n<p>Limpeza P\u00fablica;<\/p>\n\n\n\n<p>CAPS.<\/p>\n\n\n\n<p>As unidades b\u00e1sicas de sa\u00fade (UBS) ter\u00e3o recesso a partir do dia 23 de dezembro de 2024, retomando as atividades no dia 03 de janeiro de 2025. Durante o recesso geral, a sede da Prefeitura Municipal funcionar\u00e1 exclusivamente em regime interno.<\/p>\n\n\n\n<p>O decreto j\u00e1 est\u00e1 em vigor e orienta a popula\u00e7\u00e3o sobre os ajustes no funcionamento dos servi\u00e7os p\u00fablicos no per\u00edodo de final de ano.<\/p>\n\n\n\n<p><em>Fonte: SECOM\/ Ribeira do Pombal<\/em><\/p>\n","protected":false},"excerpt":{"rendered":"<p>A Prefeitura Municipal de Ribeira do Pombal, por meio do Decreto N\u00ba 055, de 29 de novembro de 2024, oficializou um recesso administrativo para os \u00f3rg\u00e3os e entidades p\u00fablicas do munic\u00edpio, que ocorrer\u00e1 entre os dias 16 de dezembro de 2024 e 03 de janeiro de 2025, com o retorno das atividades marcado para o &hellip;<\/p>\n","protected":false},"author":2,"featured_media":51884,"comment_status":"open","ping_status":"open","sticky":false,"template":"","format":"standard","meta":{"om_disable_all_campaigns":false,"_monsterinsights_skip_tracking":false,"_monsterinsights_sitenote_active":false,"_monsterinsights_sitenote_note":"","_monsterinsights_sitenote_category":0,"footnotes":""},"categories":[70,69,3],"tags":[100,71,48,75,4178,4180,129,107,4181,132,230,106,203,120,51,4890,109,7651,88,47,111,190],"class_list":["post-65289","post","type-post","status-publish","format-standard","has-post-thumbnail","hentry","category-destaques","category-noticias2","category-ribeira-do-pombal","tag-adustina","tag-antas","tag-araci","tag-cicero-dantas","tag-cipo-2","tag-crisopolis-2","tag-euclides-da-cunha","tag-fatima","tag-heliopolis-2","tag-itapicuru","tag-jeremoabo","tag-nova-soure","tag-novo-triunfo","tag-olindina","tag-paripiranga","tag-prefeitura-municipal","tag-quijingue","tag-recesso-administrativo","tag-ribeira-do-amparo","tag-ribeira-do-pombal","tag-sitio-do-quinto","tag-tucano"],"aioseo_notices":[],"_links":{"self":[{"href":"https:\/\/www.portalalerta.com.br\/index.php\/wp-json\/wp\/v2\/posts\/65289","targetHints":{"allow":["GET"]}}],"collection":[{"href":"https:\/\/www.portalalerta.com.br\/index.php\/wp-json\/wp\/v2\/posts"}],"about":[{"href":"https:\/\/www.portalalerta.com.br\/index.php\/wp-json\/wp\/v2\/types\/post"}],"author":[{"embeddable":true,"href":"https:\/\/www.portalalerta.com.br\/index.php\/wp-json\/wp\/v2\/users\/2"}],"replies":[{"embeddable":true,"href":"https:\/\/www.portalalerta.com.br\/index.php\/wp-json\/wp\/v2\/comments?post=65289"}],"version-history":[{"count":1,"href":"https:\/\/www.portalalerta.com.br\/index.php\/wp-json\/wp\/v2\/posts\/65289\/revisions"}],"predecessor-version":[{"id":65290,"href":"https:\/\/www.portalalerta.com.br\/index.php\/wp-json\/wp\/v2\/posts\/65289\/revisions\/65290"}],"wp:featuredmedia":[{"embeddable":true,"href":"https:\/\/www.portalalerta.com.br\/index.php\/wp-json\/wp\/v2\/media\/51884"}],"wp:attachment":[{"href":"https:\/\/www.portalalerta.com.br\/index.php\/wp-json\/wp\/v2\/media?parent=65289"}],"wp:term":[{"taxonomy":"category","embeddable":true,"href":"https:\/\/www.portalalerta.com.br\/index.php\/wp-json\/wp\/v2\/categories?post=65289"},{"taxonomy":"post_tag","embeddable":true,"href":"https:\/\/www.portalalerta.com.br\/index.php\/wp-json\/wp\/v2\/tags?post=65289"}],"curies":[{"name":"wp","href":"https:\/\/api.w.org\/{rel}","templated":true}]}}