{"id":65295,"date":"2024-12-02T09:52:54","date_gmt":"2024-12-02T12:52:54","guid":{"rendered":"https:\/\/www.portalalerta.com.br\/?p=65295"},"modified":"2024-12-02T09:52:56","modified_gmt":"2024-12-02T12:52:56","slug":"governador-de-sergipe-se-afasta-por-motivo-de-saude-e-vai-a-estadio-na-final-da-libertadores","status":"publish","type":"post","link":"https:\/\/www.portalalerta.com.br\/index.php\/2024\/12\/02\/governador-de-sergipe-se-afasta-por-motivo-de-saude-e-vai-a-estadio-na-final-da-libertadores\/","title":{"rendered":"Governador de Sergipe se afasta por motivo de sa\u00fade e vai a est\u00e1dio na final da Libertadores"},"content":{"rendered":"\n<p><strong>F\u00e1bio Mitidieri (PSD) anunciou na \u00faltima ter\u00e7a-feira (26) que tiraria &#8216;uns dias&#8217; para garantir que sua sa\u00fade ficasse &#8216;100% ap\u00f3s uma pneumonia&#8217;. Procurada pelo g1, a assessoria do governador afirmou que ele est\u00e1 licenciado para &#8216;agenda pessoal, em fam\u00edlia, na Argentina&#8217; e que a viagem foi paga com recursos pr\u00f3prios.<\/strong><\/p>\n\n\n\n<!--more-->\n\n\n\n<p>F\u00e1bio Mitidieri (PSD), governador de Sergipe, \u00e9 visto em est\u00e1dio durante a final da Libertadores, na Argentina.<\/p>\n\n\n\n<p>O governador de Sergipe, F\u00e1bio Mitidieri (PSD), recebeu uma s\u00e9rie de cr\u00edticas ap\u00f3s ser visto neste s\u00e1bado (30) no est\u00e1dio Monumental de Nu\u00f1ez, em Buenos Aires, na Argentina, durante a final da Copa Libertadores.<\/p>\n\n\n\n<p>Mitidieri havia se afastado do cargo na \u00faltima ter\u00e7a-feira (26), por motivos de sa\u00fade, segundo uma publica\u00e7\u00e3o do pr\u00f3prio governador em sua conta no X (antigo Twitter).<\/p>\n\n\n\n<p>&#8220;Tirei uns dias para garantir que minha sa\u00fade esteja 100% ap\u00f3s pneumonia. O governo segue sob a orienta\u00e7\u00e3o do nosso vice Zezinho Sobral. Agrade\u00e7o a compreens\u00e3o e reafirmo meu compromisso de estar sempre pronto para servir nosso estado e os sergipanos&#8221;, escreveu.<\/p>\n\n\n\n<p>Ap\u00f3s a repercuss\u00e3o negativa, o governador fez uma nova publica\u00e7\u00e3o, em que afirma estar afastado oficialmente, seguindo o que a lei determina, e em uma viagem com a fam\u00edlia, paga com recursos pr\u00f3prios.<\/p>\n\n\n\n<p>&#8220;Lamento o uso pol\u00edtico de informa\u00e7\u00f5es, distorcendo propositalmente o fato de estar em descanso ap\u00f3s o per\u00edodo em que estive doente&#8221;, escreveu.<\/p>\n\n\n\n<p>Botafoguense, o governador assistiu ao t\u00edtulo in\u00e9dito do clube em partida contra o Atl\u00e9tico-MG, disputada na Argentina. Ap\u00f3s a vit\u00f3ria, Mitidieri publicou uma imagem comemorativa e celebrou &#8220;o t\u00e3o sonhado t\u00edtulo continental&#8221;.<\/p>\n\n\n\n<p>Nas redes sociais, internautas replicaram prints que mostram o governador na torcida do Botafogo. E ironizaram: &#8220;Lan\u00e7ou o atestado?&#8221;.<\/p>\n\n\n\n<p>Em nota enviada ao&nbsp;<a href=\"https:\/\/g1.globo.com\/\"><strong>g1<\/strong><\/a>, a assessoria de F\u00e1bio Mitidieri afirmou que o governador est\u00e1 licenciado desde o dia 26, em agenda pessoal, em fam\u00edlia, na Argentina. Disse ainda que o afastamento foi comunicado \u00e0 Assembleia Legislativa de Sergipe.<\/p>\n\n\n\n<p>&#8220;O Estado certifica que a viagem foi custeada com recursos pr\u00f3prios, sem qualquer utiliza\u00e7\u00e3o de verbas p\u00fablicas&#8221;, diz a nota, reiterando que &#8220;a decis\u00e3o reflete a responsabilidade de separar compromissos oficiais de atividades de car\u00e1ter pessoal&#8221;.<\/p>\n\n\n\n<p>Ainda segundo a assessoria, o governador tamb\u00e9m cumpriu recomenda\u00e7\u00e3o m\u00e9dica de afastamento de atividades ap\u00f3s uma semana de tratamento por pneumonia.<\/p>\n\n\n\n<p>Mitidieri se internou dia 15 de novembro, quando foi diagnosticado. Ele ficou em tratamento hospitalar at\u00e9 dia 17 e foi liberado para cumprir agenda administrativa de forma remota.<\/p>\n\n\n\n<p><em>O governo do Estado esclarece que o governador F\u00e1bio Mitidieri encontra-se licenciado desde o dia 26, em agenda pessoal, em fam\u00edlia, na Argentina. O referido afastamento foi comunicado \u00e0 Assembleia Legislativa de Sergipe, em acordo com par\u00e1grafo \u00fanico do artigo 80 da Constitui\u00e7\u00e3o do Estado e do decreto legislativo n\u00famero 03, de 14 de novembro de 2023.<\/em><\/p>\n\n\n\n<p><em>O Estado certifica que a viagem foi custeada com recursos pr\u00f3prios, sem qualquer utiliza\u00e7\u00e3o de verbas p\u00fablicas. Em respeito \u00e0 popula\u00e7\u00e3o e ao compromisso com a transpar\u00eancia que norteia a gest\u00e3o, o Estado informa que a decis\u00e3o reflete a responsabilidade de separar compromissos oficiais de atividades de car\u00e1ter pessoal, assegurando a m\u00e1xima \u00e9tica no uso do dinheiro p\u00fablico<\/em><\/p>\n\n\n\n<p><em>F\u00e1bio tamb\u00e9m cumpriu recomenda\u00e7\u00e3o m\u00e9dica de afastamento de atividades ap\u00f3s uma semana de tratamento por uma pneumonia. Ele se internou dia 15 de novembro, quando foi diagnosticado. Ficou em tratamento hospitalar at\u00e9 dia 17, sendo liberado para cumprir agenda administrativa de forma remota, em sua resid\u00eancia.<\/em><\/p>\n\n\n\n<p><em>Fonte: g1.globo<\/em><\/p>\n","protected":false},"excerpt":{"rendered":"<p>F\u00e1bio Mitidieri (PSD) anunciou na \u00faltima ter\u00e7a-feira (26) que tiraria &#8216;uns dias&#8217; para garantir que sua sa\u00fade ficasse &#8216;100% ap\u00f3s uma pneumonia&#8217;. Procurada pelo g1, a assessoria do governador afirmou que ele est\u00e1 licenciado para &#8216;agenda pessoal, em fam\u00edlia, na Argentina&#8217; e que a viagem foi paga com recursos pr\u00f3prios.<\/p>\n","protected":false},"author":2,"featured_media":65286,"comment_status":"open","ping_status":"open","sticky":false,"template":"","format":"standard","meta":{"om_disable_all_campaigns":false,"_monsterinsights_skip_tracking":false,"_monsterinsights_sitenote_active":false,"_monsterinsights_sitenote_note":"","_monsterinsights_sitenote_category":0,"footnotes":""},"categories":[34,70,2,69,21],"tags":[100,71,48,93,75,4178,4180,129,7652,107,231,283,4181,132,230,7653,106,203,120,51,109,88,47,61,114,111,190],"class_list":["post-65295","post","type-post","status-publish","format-standard","has-post-thumbnail","hentry","category-brasil","category-destaques","category-esportes","category-noticias2","category-politica","tag-adustina","tag-antas","tag-araci","tag-brasil","tag-cicero-dantas","tag-cipo-2","tag-crisopolis-2","tag-euclides-da-cunha","tag-fabio-mitidieri","tag-fatima","tag-final","tag-governador","tag-heliopolis-2","tag-itapicuru","tag-jeremoabo","tag-libertadores-da-america","tag-nova-soure","tag-novo-triunfo","tag-olindina","tag-paripiranga","tag-quijingue","tag-ribeira-do-amparo","tag-ribeira-do-pombal","tag-saude","tag-sergipe","tag-sitio-do-quinto","tag-tucano"],"aioseo_notices":[],"_links":{"self":[{"href":"https:\/\/www.portalalerta.com.br\/index.php\/wp-json\/wp\/v2\/posts\/65295","targetHints":{"allow":["GET"]}}],"collection":[{"href":"https:\/\/www.portalalerta.com.br\/index.php\/wp-json\/wp\/v2\/posts"}],"about":[{"href":"https:\/\/www.portalalerta.com.br\/index.php\/wp-json\/wp\/v2\/types\/post"}],"author":[{"embeddable":true,"href":"https:\/\/www.portalalerta.com.br\/index.php\/wp-json\/wp\/v2\/users\/2"}],"replies":[{"embeddable":true,"href":"https:\/\/www.portalalerta.com.br\/index.php\/wp-json\/wp\/v2\/comments?post=65295"}],"version-history":[{"count":1,"href":"https:\/\/www.portalalerta.com.br\/index.php\/wp-json\/wp\/v2\/posts\/65295\/revisions"}],"predecessor-version":[{"id":65296,"href":"https:\/\/www.portalalerta.com.br\/index.php\/wp-json\/wp\/v2\/posts\/65295\/revisions\/65296"}],"wp:featuredmedia":[{"embeddable":true,"href":"https:\/\/www.portalalerta.com.br\/index.php\/wp-json\/wp\/v2\/media\/65286"}],"wp:attachment":[{"href":"https:\/\/www.portalalerta.com.br\/index.php\/wp-json\/wp\/v2\/media?parent=65295"}],"wp:term":[{"taxonomy":"category","embeddable":true,"href":"https:\/\/www.portalalerta.com.br\/index.php\/wp-json\/wp\/v2\/categories?post=65295"},{"taxonomy":"post_tag","embeddable":true,"href":"https:\/\/www.portalalerta.com.br\/index.php\/wp-json\/wp\/v2\/tags?post=65295"}],"curies":[{"name":"wp","href":"https:\/\/api.w.org\/{rel}","templated":true}]}}