{"id":65316,"date":"2024-12-02T16:00:00","date_gmt":"2024-12-02T19:00:00","guid":{"rendered":"https:\/\/www.portalalerta.com.br\/?p=65316"},"modified":"2024-12-02T12:20:13","modified_gmt":"2024-12-02T15:20:13","slug":"joe-biden-concede-perdao-ao-filho-condenado-duas-vezes-em-processos-federais","status":"publish","type":"post","link":"https:\/\/www.portalalerta.com.br\/index.php\/2024\/12\/02\/joe-biden-concede-perdao-ao-filho-condenado-duas-vezes-em-processos-federais\/","title":{"rendered":"Joe Biden concede perd\u00e3o ao filho, condenado duas vezes em processos federais"},"content":{"rendered":"\n<p>Hunter foi&nbsp;condenado em junho por comprar e possuir ilegalmente uma arma de fogo; filho do atual presidente tamb\u00e9m se declarou culpado de nove infra\u00e7\u00f5es fiscais&nbsp;em setembro<\/p>\n\n\n\n<!--more-->\n\n\n\n<p>O presidente Joe Biden anunciou no domingo (1\u00ba) que perdoou seu filho Hunter Biden, que enfrentaria uma senten\u00e7a neste m\u00eas por crimes com armas de fogo e condena\u00e7\u00f5es fiscais, marcando uma revers\u00e3o enquanto ele se prepara para deixar o cargo.<\/p>\n\n\n\n<p>\u201cHoje, assinei um perd\u00e3o para meu filho Hunter\u201d, disse em uma declara\u00e7\u00e3o. \u00c9 um \u201cperd\u00e3o total e incondicional\u201d, de acordo com uma c\u00f3pia da concess\u00e3o executiva de clem\u00eancia.<\/p>\n\n\n\n<p>Esta concess\u00e3o oficial de clem\u00eancia n\u00e3o pode ser revogada pelo presidente eleito Donald Trump.<\/p>\n\n\n\n<p>Ao perdoar seu filho, Joe Biden renegou uma promessa p\u00fablica que fez repetidamente antes e depois de abandonar a corrida presidencial de 2024.<\/p>\n\n\n\n<p>O presidente e seu principal porta-voz da Casa Branca disseram inequivocamente, inclusive depois que Trump venceu a elei\u00e7\u00e3o de 2024,&nbsp;<a href=\"https:\/\/www.cnnbrasil.com.br\/internacional\/trump-menciona-hunter-biden-e-provoca-forte-reacao-de-biden\/\">que ele n\u00e3o perdoaria Hunter Biden nem comutaria sua senten\u00e7a<\/a>.<\/p>\n\n\n\n<p>O perd\u00e3o significa que Hunter Biden n\u00e3o ser\u00e1 sentenciado por seus crimes, e elimina qualquer chance de ele ser enviado para a pris\u00e3o, o que era uma possibilidade.<\/p>\n\n\n\n<p>Os advogados de Hunter Biden notificaram formalmente os ju\u00edzes de seus processos criminais sobre o perd\u00e3o na noite de domingo \u2014 e disseram em uma declara\u00e7\u00e3o juramentada que ele aceitou o perd\u00e3o de seu pai.<\/p>\n\n\n\n<p>Em novos autos, os advogados de Hunter Biden disseram aos ju\u00edzes em ambos os casos que o perd\u00e3o \u201cexige a rejei\u00e7\u00e3o da acusa\u00e7\u00e3o contra ele com preju\u00edzo e o adiamento de todos os procedimentos futuros neste assunto\u201d.<\/p>\n\n\n\n<p>Os ju\u00edzes que supervisionam seus casos provavelmente cancelar\u00e3o as audi\u00eancias de senten\u00e7a, que estavam marcadas para 12 de dezembro no caso das armas e 16 de dezembro no caso dos impostos.<\/p>\n\n\n\n<p>O perd\u00e3o cobre quaisquer crimes federais em potencial que Hunter Biden cometeu \u201cde 1\u00ba de janeiro de 2014 a 1\u00ba de dezembro de 2024\u201d, o que, importantemente, cobre todo o seu mandato no conselho da empresa de g\u00e1s ucraniana Burisma. Ele&nbsp;enfrentou escrut\u00ednio&nbsp;por seus controversos neg\u00f3cios estrangeiros, e Trump disse repetidamente que ele deveria ser processado por suas atividades na Ucr\u00e2nia.<\/p>\n\n\n\n<p>Biden disse no comunicado que decidiu conceder o perd\u00e3o porque seu filho foi \u201cprocessado seletiva e injustamente\u201d, dizendo que \u201cHunter foi tratado de forma diferente\u201d de pessoas que cometem crimes semelhantes.<\/p>\n\n\n<div class=\"wp-block-image\">\n<figure class=\"alignleft size-large is-resized\"><img fetchpriority=\"high\" decoding=\"async\" src=\"https:\/\/www.portalalerta.com.br\/wp-content\/uploads\/2024\/04\/autoescola-emprego-1024x1024.jpg\" alt=\"\" class=\"wp-image-55693\" width=\"435\" height=\"435\" srcset=\"https:\/\/www.portalalerta.com.br\/wp-content\/uploads\/2024\/04\/autoescola-emprego-1024x1024.jpg 1024w, https:\/\/www.portalalerta.com.br\/wp-content\/uploads\/2024\/04\/autoescola-emprego-240x240.jpg 240w, https:\/\/www.portalalerta.com.br\/wp-content\/uploads\/2024\/04\/autoescola-emprego-768x768.jpg 768w, https:\/\/www.portalalerta.com.br\/wp-content\/uploads\/2024\/04\/autoescola-emprego.jpg 1080w\" sizes=\"(max-width: 435px) 100vw, 435px\" \/><\/figure><\/div>\n\n\n<p>Biden disse que seus oponentes pol\u00edticos no Congresso \u201cinstigaram\u201d as acusa\u00e7\u00f5es \u201cpara me atacar e se opor \u00e0 minha elei\u00e7\u00e3o\u201d.<\/p>\n\n\n\n<p>Ele disse em sua declara\u00e7\u00e3o: \u201cEu acredito no sistema de justi\u00e7a, mas, assim como lutei com isso, tamb\u00e9m acredito que a pol\u00edtica crua infectou esse processo e levou a um erro judici\u00e1rio. \u2026 Espero que os americanos entendam por que um pai e um presidente tomariam essa decis\u00e3o.\u201d<\/p>\n\n\n\n<p>Hunter Biden foi condenado por um j\u00fari em junho por comprar e&nbsp;<a href=\"https:\/\/www.cnnbrasil.com.br\/internacional\/filho-de-joe-biden-e-condenado-por-posse-ilegal-de-arma\/\">possuir ilegalmente uma arma<\/a>, ap\u00f3s um julgamento angustiante que investigou seu abuso de drogas e disfun\u00e7\u00e3o familiar.<\/p>\n\n\n\n<p><a href=\"https:\/\/www.cnnbrasil.com.br\/internacional\/hunter-biden-oferece-declaracao-de-culpa-em-caso-sobre-infracoes-fiscais\/\">Ele ent\u00e3o se declarou culpado em setembro de nove infra\u00e7\u00f5es fiscais<\/a>, decorrentes de US$ 1,4 milh\u00e3o em impostos que ele n\u00e3o pagou enquanto gastava generosamente com acompanhantes, strippers, carros e drogas.<\/p>\n\n\n\n<p>O procurador especial David Weiss, que foi o procurador dos EUA nomeado por Trump para Delaware, come\u00e7ou a investigar Hunter Biden em 2018 e&nbsp;entrou com&nbsp;ambas&nbsp;as acusa\u00e7\u00f5es&nbsp;em 2023. Como presidente, Joe Biden tinha autoridade para encerrar a investiga\u00e7\u00e3o ou instruir o Departamento de Justi\u00e7a a rejeitar as acusa\u00e7\u00f5es \u2014 mas ele manteve sua promessa de ficar fora do assunto.<\/p>\n\n\n\n<p>Ambos os casos criminais giravam em torno da luta de d\u00e9cadas de Hunter Biden contra o v\u00edcio em drogas e \u00e1lcool, que ele discutiu&nbsp;abertamente&nbsp;, inclusive em suas mem\u00f3rias de 2021. Desde o in\u00edcio, os advogados de Hunter Biden&nbsp;argumentaram&nbsp;que ele estava sendo alvo de promotores excessivamente zelosos que cederam \u00e0 press\u00e3o p\u00fablica de&nbsp;Trump&nbsp;e&nbsp;dos republicanos do Congresso&nbsp;.<\/p>\n\n\n\n<p>\u201cAdmiti e assumi a responsabilidade pelos meus erros durante os dias mais sombrios do meu v\u00edcio \u2014 erros que foram explorados para humilhar e envergonhar publicamente a mim e minha fam\u00edlia por esporte pol\u00edtico\u201d, disse Hunter Biden em uma declara\u00e7\u00e3o na noite de domingo.<\/p>\n\n\n\n<p>\u201cNa recupera\u00e7\u00e3o, podemos ter a oportunidade de fazer as pazes onde for poss\u00edvel e reconstruir nossas vidas se nunca tomarmos como garantida a miseric\u00f3rdia que nos foi concedida\u201d, ele acrescentou. \u201cEu nunca tomarei como garantida a clem\u00eancia que me foi dada hoje e dedicarei a vida que reconstru\u00ed a ajudar aqueles que ainda est\u00e3o doentes e sofrendo.\u201d<\/p>\n\n\n\n<p>Por mais que Joe Biden esperasse permanecer respeitoso com o sistema judicial, o presidente passou a acreditar que \u201ca pol\u00edtica crua havia infectado o processo\u201d, disse \u00e0 CNN no domingo um funcion\u00e1rio da Casa Branca familiarizado com a decis\u00e3o.<\/p>\n\n\n\n<p>\u201cEle sente que Hunter foi alvo para que seus oponentes pol\u00edticos o machucassem e isso foi cruel e ele suportou o suficiente\u201d, disse o oficial. \u201cDepois que ele fez isso, n\u00e3o havia sentido em adiar mais.\u201d<\/p>\n\n\n\n<p>Uma coisa que influenciou particularmente o presidente: a cren\u00e7a de que seus oponentes pol\u00edticos estavam tentando \u201cquebrar Hunter\u201d, como ele disse em sua declara\u00e7\u00e3o, enquanto Hunter Biden se recuperava do v\u00edcio. O presidente destacou os cinco anos e meio de sobriedade de seu filho \u201cmesmo diante de ataques implac\u00e1veis \u200b\u200be processos seletivos\u201d.<\/p>\n\n\n\n<p>Ele disse que \u201clutou\u201d com a decis\u00e3o e chegou \u00e0 sua conclus\u00e3o neste fim de semana. Os Bidens passaram o feriado de A\u00e7\u00e3o de Gra\u00e7as juntos em Nantucket, onde o presidente e seu filho foram vistos almo\u00e7ando, participando de uma ilumina\u00e7\u00e3o de \u00e1rvore e indo \u00e0 missa.<\/p>\n\n\n\n<p>Ap\u00f3s a vit\u00f3ria eleitoral de Trump no m\u00eas passado, assessores da Casa Branca come\u00e7aram a sentir que um perd\u00e3o \u2014 ou uma comuta\u00e7\u00e3o das senten\u00e7as do jovem Biden \u2014 era uma possibilidade distinta. Alguns assessores acreditavam que Joe Biden esperaria para ver as senten\u00e7as que seu filho recebeu em meados de dezembro antes de tomar uma decis\u00e3o.<\/p>\n\n\n\n<p>A secret\u00e1ria de imprensa da Casa Branca, Karine Jean-Pierre, disse aos rep\u00f3rteres em 7 de novembro \u2014 um dia ap\u00f3s a elei\u00e7\u00e3o \u2014 que o presidente n\u00e3o tinha planos de perdoar seu filho. Mas nas \u00faltimas semanas, republicanos em v\u00e1rios graus de proximidade com Trump destacaram publicamente sua cren\u00e7a de que Hunter Biden continuaria sendo um alvo investigativo de alto perfil no pr\u00f3ximo mandato.<\/p>\n\n\n\n<p>Se a vice-presidente Kamala Harris tivesse vencido a elei\u00e7\u00e3o, dizem fontes pr\u00f3ximas ao presidente, o perd\u00e3o teria sido menos prov\u00e1vel \u2014 em parte devido \u00e0s preocupa\u00e7\u00f5es com as consequ\u00eancias pol\u00edticas.<\/p>\n\n\n\n<p>Um alto funcion\u00e1rio do governo, que pediu anonimato para descrever conversas privadas entre funcion\u00e1rios, citou o perd\u00e3o tardio de Trump a Charles Kushner, pai de seu genro Jared Kushner, e disse que Biden deveria tomar as mesmas liberdades, especialmente considerando o v\u00ednculo entre pai e filho.<\/p>\n\n\n\n<p>\u201cComo ele n\u00e3o poderia?\u201d, disse o funcion\u00e1rio sobre o perd\u00e3o.<\/p>\n\n\n\n<p><em>Fonte: CNN Brasil<\/em><\/p>\n","protected":false},"excerpt":{"rendered":"<p>Hunter foi&nbsp;condenado em junho por comprar e possuir ilegalmente uma arma de fogo; filho do atual presidente tamb\u00e9m se declarou culpado de nove infra\u00e7\u00f5es fiscais&nbsp;em setembro<\/p>\n","protected":false},"author":2,"featured_media":58346,"comment_status":"open","ping_status":"open","sticky":false,"template":"","format":"standard","meta":{"om_disable_all_campaigns":false,"_monsterinsights_skip_tracking":false,"_monsterinsights_sitenote_active":false,"_monsterinsights_sitenote_note":"","_monsterinsights_sitenote_category":0,"footnotes":""},"categories":[70,35,69,21],"tags":[100,71,48,75,4178,4180,327,129,107,4181,132,230,3977,339,106,203,120,51,4549,109,88,47,111,190],"class_list":["post-65316","post","type-post","status-publish","format-standard","has-post-thumbnail","hentry","category-destaques","category-mundo","category-noticias2","category-politica","tag-adustina","tag-antas","tag-araci","tag-cicero-dantas","tag-cipo-2","tag-crisopolis-2","tag-eua","tag-euclides-da-cunha","tag-fatima","tag-heliopolis-2","tag-itapicuru","tag-jeremoabo","tag-joe-biden","tag-mundo","tag-nova-soure","tag-novo-triunfo","tag-olindina","tag-paripiranga","tag-perdao","tag-quijingue","tag-ribeira-do-amparo","tag-ribeira-do-pombal","tag-sitio-do-quinto","tag-tucano"],"aioseo_notices":[],"_links":{"self":[{"href":"https:\/\/www.portalalerta.com.br\/index.php\/wp-json\/wp\/v2\/posts\/65316","targetHints":{"allow":["GET"]}}],"collection":[{"href":"https:\/\/www.portalalerta.com.br\/index.php\/wp-json\/wp\/v2\/posts"}],"about":[{"href":"https:\/\/www.portalalerta.com.br\/index.php\/wp-json\/wp\/v2\/types\/post"}],"author":[{"embeddable":true,"href":"https:\/\/www.portalalerta.com.br\/index.php\/wp-json\/wp\/v2\/users\/2"}],"replies":[{"embeddable":true,"href":"https:\/\/www.portalalerta.com.br\/index.php\/wp-json\/wp\/v2\/comments?post=65316"}],"version-history":[{"count":1,"href":"https:\/\/www.portalalerta.com.br\/index.php\/wp-json\/wp\/v2\/posts\/65316\/revisions"}],"predecessor-version":[{"id":65317,"href":"https:\/\/www.portalalerta.com.br\/index.php\/wp-json\/wp\/v2\/posts\/65316\/revisions\/65317"}],"wp:featuredmedia":[{"embeddable":true,"href":"https:\/\/www.portalalerta.com.br\/index.php\/wp-json\/wp\/v2\/media\/58346"}],"wp:attachment":[{"href":"https:\/\/www.portalalerta.com.br\/index.php\/wp-json\/wp\/v2\/media?parent=65316"}],"wp:term":[{"taxonomy":"category","embeddable":true,"href":"https:\/\/www.portalalerta.com.br\/index.php\/wp-json\/wp\/v2\/categories?post=65316"},{"taxonomy":"post_tag","embeddable":true,"href":"https:\/\/www.portalalerta.com.br\/index.php\/wp-json\/wp\/v2\/tags?post=65316"}],"curies":[{"name":"wp","href":"https:\/\/api.w.org\/{rel}","templated":true}]}}