{"id":65410,"date":"2024-12-04T22:39:49","date_gmt":"2024-12-05T01:39:49","guid":{"rendered":"https:\/\/www.portalalerta.com.br\/?p=65410"},"modified":"2024-12-05T00:12:08","modified_gmt":"2024-12-05T03:12:08","slug":"breaking-news-acidente-grave-na-br-110-em-olindina-deixa-mortos-e-bloqueia-via","status":"publish","type":"post","link":"https:\/\/www.portalalerta.com.br\/index.php\/2024\/12\/04\/breaking-news-acidente-grave-na-br-110-em-olindina-deixa-mortos-e-bloqueia-via\/","title":{"rendered":"Acidente grave na BR-110 em Olindina-BA deixa mortos e bloqueia via"},"content":{"rendered":"\n<p>Um grave acidente na BR-110, no Distrito de Dona Maria, em Olindina, causou caos na noite desta quarta-feira (4), por volta das 20h30. Uma carreta parada na pista foi a causa do acidente envolvendo dois \u00f4nibus. V\u00edtimas fatais foram confirmadas, e o tr\u00e1fego est\u00e1 totalmente bloqueado.<\/p>\n\n\n\n<!--more-->\n\n\n\n<p>Equipes do SAMU j\u00e1 est\u00e3o no local, prestando socorro, mas as informa\u00e7\u00f5es ainda s\u00e3o desencontradas.<\/p>\n\n\n\n<p>O acidente interrompeu completamente o fluxo de ve\u00edculos na regi\u00e3o, enquanto as autoridades tentam esclarecer os detalhes.<\/p>\n\n\n\n<p>A colis\u00e3o envolveu uma carreta parada na pista e dois \u00f4nibus que acabaram colidindo com o ve\u00edculo.<\/p>\n\n\n\n<p><em>Fonte: Dia a dia Nordeste<\/em><\/p>\n","protected":false},"excerpt":{"rendered":"<p>Um grave acidente na BR-110, no Distrito de Dona Maria, em Olindina, causou caos na noite desta quarta-feira (4), por volta das 20h30. Uma carreta parada na pista foi a causa do acidente envolvendo dois \u00f4nibus. V\u00edtimas fatais foram confirmadas, e o tr\u00e1fego est\u00e1 totalmente bloqueado.<\/p>\n","protected":false},"author":2,"featured_media":65401,"comment_status":"open","ping_status":"open","sticky":false,"template":"","format":"standard","meta":{"om_disable_all_campaigns":false,"_monsterinsights_skip_tracking":false,"_monsterinsights_sitenote_active":false,"_monsterinsights_sitenote_note":"","_monsterinsights_sitenote_category":0,"footnotes":""},"categories":[70,69,15,32],"tags":[166,100,71,48,126,75,4178,4180,129,107,393,4181,132,230,608,106,203,120,51,109,88,47,111,190],"class_list":["post-65410","post","type-post","status-publish","format-standard","has-post-thumbnail","hentry","category-destaques","category-noticias2","category-olindina","category-regiao","tag-acidente","tag-adustina","tag-antas","tag-araci","tag-br-110","tag-cicero-dantas","tag-cipo-2","tag-crisopolis-2","tag-euclides-da-cunha","tag-fatima","tag-feridos","tag-heliopolis-2","tag-itapicuru","tag-jeremoabo","tag-mortos","tag-nova-soure","tag-novo-triunfo","tag-olindina","tag-paripiranga","tag-quijingue","tag-ribeira-do-amparo","tag-ribeira-do-pombal","tag-sitio-do-quinto","tag-tucano"],"aioseo_notices":[],"_links":{"self":[{"href":"https:\/\/www.portalalerta.com.br\/index.php\/wp-json\/wp\/v2\/posts\/65410","targetHints":{"allow":["GET"]}}],"collection":[{"href":"https:\/\/www.portalalerta.com.br\/index.php\/wp-json\/wp\/v2\/posts"}],"about":[{"href":"https:\/\/www.portalalerta.com.br\/index.php\/wp-json\/wp\/v2\/types\/post"}],"author":[{"embeddable":true,"href":"https:\/\/www.portalalerta.com.br\/index.php\/wp-json\/wp\/v2\/users\/2"}],"replies":[{"embeddable":true,"href":"https:\/\/www.portalalerta.com.br\/index.php\/wp-json\/wp\/v2\/comments?post=65410"}],"version-history":[{"count":2,"href":"https:\/\/www.portalalerta.com.br\/index.php\/wp-json\/wp\/v2\/posts\/65410\/revisions"}],"predecessor-version":[{"id":65421,"href":"https:\/\/www.portalalerta.com.br\/index.php\/wp-json\/wp\/v2\/posts\/65410\/revisions\/65421"}],"wp:featuredmedia":[{"embeddable":true,"href":"https:\/\/www.portalalerta.com.br\/index.php\/wp-json\/wp\/v2\/media\/65401"}],"wp:attachment":[{"href":"https:\/\/www.portalalerta.com.br\/index.php\/wp-json\/wp\/v2\/media?parent=65410"}],"wp:term":[{"taxonomy":"category","embeddable":true,"href":"https:\/\/www.portalalerta.com.br\/index.php\/wp-json\/wp\/v2\/categories?post=65410"},{"taxonomy":"post_tag","embeddable":true,"href":"https:\/\/www.portalalerta.com.br\/index.php\/wp-json\/wp\/v2\/tags?post=65410"}],"curies":[{"name":"wp","href":"https:\/\/api.w.org\/{rel}","templated":true}]}}