{"id":65412,"date":"2024-12-04T22:58:29","date_gmt":"2024-12-05T01:58:29","guid":{"rendered":"https:\/\/www.portalalerta.com.br\/?p=65412"},"modified":"2024-12-04T23:01:44","modified_gmt":"2024-12-05T02:01:44","slug":"luiz-alberto-de-olindina-e-eleito-presidente-do-cisan-para-o-bienio-2025-2026","status":"publish","type":"post","link":"https:\/\/www.portalalerta.com.br\/index.php\/2024\/12\/04\/luiz-alberto-de-olindina-e-eleito-presidente-do-cisan-para-o-bienio-2025-2026\/","title":{"rendered":"Luiz Alberto, de Olindina, \u00e9 eleito presidente do CISAN para o bi\u00eanio 2025-2026"},"content":{"rendered":"\n<p>Em um clima de cordialidade e respeito m\u00fatuo, a assembleia extraordin\u00e1ria do Cons\u00f3rcio CISAN, realizada nesta quarta-feira (4) em Banza\u00ea, elegeu Luiz Alberto, prefeito de Olindina, como o novo presidente para o bi\u00eanio 2025-2026.<\/p>\n\n\n\n<!--more-->\n\n\n\n<p>O processo eleitoral foi marcado pela uni\u00e3o entre os gestores, com destaque para o crit\u00e9rio que prioriza prefeitos em segundo mandato.<\/p>\n\n\n\n<p>Nova diretoria do CISAN:<\/p>\n\n\n\n<p>Presidente: Luiz Alberto (Olindina);<\/p>\n\n\n\n<p>Vice-presidente: Marquinhos (Cip\u00f3);<\/p>\n\n\n\n<p>Tesoureiro: Binho de Alfredo (F\u00e1tima);<\/p>\n\n\n\n<p>Secret\u00e1rio: Matheus Bob (Novo Triunfo).<\/p>\n\n\n\n<p>A elei\u00e7\u00e3o tamb\u00e9m definiu que o COISAN, outro importante cons\u00f3rcio da regi\u00e3o, ser\u00e1 presidido por Binho de Alfredo no pr\u00f3ximo mandato, refor\u00e7ando a integra\u00e7\u00e3o e coopera\u00e7\u00e3o entre os prefeitos.<\/p>\n\n\n<div class=\"wp-block-image\">\n<figure class=\"alignleft size-large is-resized\"><img fetchpriority=\"high\" decoding=\"async\" src=\"https:\/\/www.portalalerta.com.br\/wp-content\/uploads\/2024\/04\/autoescola-emprego-1024x1024.jpg\" alt=\"\" class=\"wp-image-55693\" width=\"435\" height=\"435\" srcset=\"https:\/\/www.portalalerta.com.br\/wp-content\/uploads\/2024\/04\/autoescola-emprego-1024x1024.jpg 1024w, https:\/\/www.portalalerta.com.br\/wp-content\/uploads\/2024\/04\/autoescola-emprego-240x240.jpg 240w, https:\/\/www.portalalerta.com.br\/wp-content\/uploads\/2024\/04\/autoescola-emprego-768x768.jpg 768w, https:\/\/www.portalalerta.com.br\/wp-content\/uploads\/2024\/04\/autoescola-emprego.jpg 1080w\" sizes=\"(max-width: 435px) 100vw, 435px\" \/><\/figure><\/div>\n\n\n<p>Compromisso com o crescimento do CISAN<\/p>\n\n\n\n<p>Em entrevista \u00e0 Cleisson Cardoso,R\u00e1dio Canabrava FM, Luiz Alberto destacou o legado deixado por Jailma Gama, prefeita de Banza\u00ea, que encerra sua gest\u00e3o no cons\u00f3rcio com importantes avan\u00e7os.<\/p>\n\n\n\n<p>Ele ressaltou a responsabilidade de dar continuidade ao trabalho:<\/p>\n\n\n\n<p>\u201cO CISAN cresceu muito nos \u00faltimos anos e hoje \u00e9 um bra\u00e7o fundamental para as gest\u00f5es municipais. Assumo esse compromisso com dedica\u00e7\u00e3o total, buscando mais conquistas para os munic\u00edpios associados.\u201d<\/p>\n\n\n\n<p>Luiz Alberto \u00e9 o primeiro prefeito reeleito na hist\u00f3ria de Olindina, tendo obtido mais de 70% dos votos em sua reelei\u00e7\u00e3o.<\/p>\n\n\n\n<p>Agora, ele se prepara para liderar um cons\u00f3rcio que conta com o prest\u00edgio do governo estadual e desempenha um papel crucial no suporte \u00e0s prefeituras.<\/p>\n\n\n\n<p>A assembleia contou com a presen\u00e7a de prefeitos eleitos e reeleitos, al\u00e9m de lideran\u00e7as locais. A nova diretoria assume o CISAN em um momento estrat\u00e9gico, com a amplia\u00e7\u00e3o de projetos e a constru\u00e7\u00e3o da sede pr\u00f3pria em Ribeira do Pombal.<\/p>\n\n\n\n<p>Com uni\u00e3o e alinhamento, os gestores refor\u00e7am o papel do CISAN como agente transformador na regi\u00e3o, consolidando avan\u00e7os e projetando um futuro promissor para os 19 munic\u00edpios consorciados.<\/p>\n\n\n\n<p><em>Fonte: Dia a Dia Nordeste<\/em><\/p>\n","protected":false},"excerpt":{"rendered":"<p>Em um clima de cordialidade e respeito m\u00fatuo, a assembleia extraordin\u00e1ria do Cons\u00f3rcio CISAN, realizada nesta quarta-feira (4) em Banza\u00ea, elegeu Luiz Alberto, prefeito de Olindina, como o novo presidente para o bi\u00eanio 2025-2026.<\/p>\n","protected":false},"author":2,"featured_media":65402,"comment_status":"open","ping_status":"open","sticky":false,"template":"","format":"standard","meta":{"om_disable_all_campaigns":false,"_monsterinsights_skip_tracking":false,"_monsterinsights_sitenote_active":false,"_monsterinsights_sitenote_note":"","_monsterinsights_sitenote_category":0,"footnotes":""},"categories":[40,5,39,4,70,10,6,69,14,15,21,32,16,3],"tags":[100,71,48,75,4178,2490,4180,129,107,4181,132,230,4296,106,203,120,51,198,94,109,88,47,111,190],"class_list":["post-65412","post","type-post","status-publish","format-standard","has-post-thumbnail","hentry","category-adustina","category-antas","category-banzae","category-cicero-dantas","category-destaques","category-fatima","category-heliopolis","category-noticias2","category-nova-soure","category-olindina","category-politica","category-regiao","category-ribeira-do-amparo","category-ribeira-do-pombal","tag-adustina","tag-antas","tag-araci","tag-cicero-dantas","tag-cipo-2","tag-cisan","tag-crisopolis-2","tag-euclides-da-cunha","tag-fatima","tag-heliopolis-2","tag-itapicuru","tag-jeremoabo","tag-luiz-alberto","tag-nova-soure","tag-novo-triunfo","tag-olindina","tag-paripiranga","tag-prefeito","tag-presidente","tag-quijingue","tag-ribeira-do-amparo","tag-ribeira-do-pombal","tag-sitio-do-quinto","tag-tucano"],"aioseo_notices":[],"_links":{"self":[{"href":"https:\/\/www.portalalerta.com.br\/index.php\/wp-json\/wp\/v2\/posts\/65412","targetHints":{"allow":["GET"]}}],"collection":[{"href":"https:\/\/www.portalalerta.com.br\/index.php\/wp-json\/wp\/v2\/posts"}],"about":[{"href":"https:\/\/www.portalalerta.com.br\/index.php\/wp-json\/wp\/v2\/types\/post"}],"author":[{"embeddable":true,"href":"https:\/\/www.portalalerta.com.br\/index.php\/wp-json\/wp\/v2\/users\/2"}],"replies":[{"embeddable":true,"href":"https:\/\/www.portalalerta.com.br\/index.php\/wp-json\/wp\/v2\/comments?post=65412"}],"version-history":[{"count":2,"href":"https:\/\/www.portalalerta.com.br\/index.php\/wp-json\/wp\/v2\/posts\/65412\/revisions"}],"predecessor-version":[{"id":65417,"href":"https:\/\/www.portalalerta.com.br\/index.php\/wp-json\/wp\/v2\/posts\/65412\/revisions\/65417"}],"wp:featuredmedia":[{"embeddable":true,"href":"https:\/\/www.portalalerta.com.br\/index.php\/wp-json\/wp\/v2\/media\/65402"}],"wp:attachment":[{"href":"https:\/\/www.portalalerta.com.br\/index.php\/wp-json\/wp\/v2\/media?parent=65412"}],"wp:term":[{"taxonomy":"category","embeddable":true,"href":"https:\/\/www.portalalerta.com.br\/index.php\/wp-json\/wp\/v2\/categories?post=65412"},{"taxonomy":"post_tag","embeddable":true,"href":"https:\/\/www.portalalerta.com.br\/index.php\/wp-json\/wp\/v2\/tags?post=65412"}],"curies":[{"name":"wp","href":"https:\/\/api.w.org\/{rel}","templated":true}]}}