{"id":65551,"date":"2024-12-07T22:29:20","date_gmt":"2024-12-08T01:29:20","guid":{"rendered":"https:\/\/www.portalalerta.com.br\/?p=65551"},"modified":"2024-12-08T13:12:29","modified_gmt":"2024-12-08T16:12:29","slug":"justica-recebe-denuncia-de-fraude-eleitoral-em-ribeira-do-pombal-ba-e-unico-vereador-oposicionista-pode-perder-o-mandato-entenda","status":"publish","type":"post","link":"https:\/\/www.portalalerta.com.br\/index.php\/2024\/12\/07\/justica-recebe-denuncia-de-fraude-eleitoral-em-ribeira-do-pombal-ba-e-unico-vereador-oposicionista-pode-perder-o-mandato-entenda\/","title":{"rendered":"Justi\u00e7a recebe den\u00fancia de Fraude Eleitoral em Ribeira do Pombal-BA e oposi\u00e7\u00e3o pode perder a \u00fanica vaga na C\u00e2mara. Entenda!"},"content":{"rendered":"\n<p>Uma a\u00e7\u00e3o que tramita na 110\u00aa Zona Eleitoral em Ribeira do Pombal-BA pede a cassa\u00e7\u00e3o do Demonstrativo de Regularidades de Atos Partid\u00e1rios (DRAP) da Federa\u00e7\u00e3o Partid\u00e1ria Brasil da Esperan\u00e7a, referente ao pleito 2024, nas elei\u00e7\u00f5es municipais da cidade.<\/p>\n\n\n\n<!--more-->\n\n\n\n<p>A a\u00e7\u00e3o \u00e9 de autoria do vereador Reinivaldo Castro dos Santos (Nego Ri), do MDB, que n\u00e3o conseguiu se reeleger, por\u00e9m ocupa a primeira supl\u00eancia. A fundamenta\u00e7\u00e3o para a den\u00fancia, tem por base a Lei das Elei\u00e7\u00f5es n\u00ba 9.504\/1997, que assegura o m\u00ednimo de 30% e o m\u00e1ximo de 70% de candidatos do mesmo sexo. Al\u00e9m disso, o Tribunal Superior Eleitoral aprovou a s\u00famula 73 que trata da caracteriza\u00e7\u00e3o de fraudes \u00e0 cota de g\u00eanero. Entre os elementos de fraude est\u00e3o: <strong>vota\u00e7\u00e3o zerada ou inexpressiva; presta\u00e7\u00e3o de contas zerada; padronizada ou aus\u00eancia de movimenta\u00e7\u00e3o financeira relevante; aus\u00eancia de atos efetivos de campanha, divulga\u00e7\u00e3o ou promo\u00e7\u00e3o da candidatura de terceiros<\/strong>.<\/p>\n\n\n<div class=\"wp-block-image\">\n<figure class=\"alignleft size-large is-resized\"><img fetchpriority=\"high\" decoding=\"async\" src=\"https:\/\/www.portalalerta.com.br\/wp-content\/uploads\/2024\/12\/Sabino-Carrinho-de-mao-1024x1024.jpeg\" alt=\"\" class=\"wp-image-65525\" width=\"448\" height=\"448\" srcset=\"https:\/\/www.portalalerta.com.br\/wp-content\/uploads\/2024\/12\/Sabino-Carrinho-de-mao-1024x1024.jpeg 1024w, https:\/\/www.portalalerta.com.br\/wp-content\/uploads\/2024\/12\/Sabino-Carrinho-de-mao-240x240.jpeg 240w, https:\/\/www.portalalerta.com.br\/wp-content\/uploads\/2024\/12\/Sabino-Carrinho-de-mao-768x768.jpeg 768w, https:\/\/www.portalalerta.com.br\/wp-content\/uploads\/2024\/12\/Sabino-Carrinho-de-mao.jpeg 1080w\" sizes=\"(max-width: 448px) 100vw, 448px\" \/><\/figure><\/div>\n\n\n<p>No caso em tela, \u201cNego Ri\u201d, que ser\u00e1 o principal benefici\u00e1rios caso obtenha sucesso na a\u00e7\u00e3o, alega que a ent\u00e3o candidata Nayanne Bastos de Souza (PC do B), concorreu nas \u00faltimas elei\u00e7\u00f5es com o intuito de fraudar a cota de g\u00eaneros, tendo em vista que a mesma n\u00e3o teria votado em si pr\u00f3pria, j\u00e1 que n\u00e3o foi contabilizado voto pra ela em sua Sess\u00e3o Eleitoral, al\u00e9m desta ter trabalhado para outro candidato.<\/p>\n\n\n\n<p>No processo, al\u00e9m da cassa\u00e7\u00e3o do DRAP, Reinivaldo pediu em car\u00e1ter de Urg\u00eancia (Liminar) a suspens\u00e3o da diploma\u00e7\u00e3o dos envolvidos. O &nbsp;juiz eleitoral Dr. Luiz Carlos Vilas Boas Andrade Junior, negou a urg\u00eancia, por\u00e9m abriu prazos para serem apresentadas as provas e defesas: <strong><em>\u201cConsiderando que a elei\u00e7\u00e3o pelo voto popular gera a presun\u00e7\u00e3o de legitimidade para o exerc\u00edcio do mandato, faz-se necess\u00e1ria para desconstitui\u00e7\u00e3o desta presun\u00e7\u00e3o a demonstra\u00e7\u00e3o da ilicitude, por meio de produ\u00e7\u00e3o de provas robustas e seguras e da garantia do contradit\u00f3rio e da ampla defesa \u00e0s partes envolvidas no lit\u00edgio, n\u00e3o se mostrando, portando, plaus\u00edvel, em sede de cogni\u00e7\u00e3o sum\u00e1ria, impedir a diploma\u00e7\u00e3o dos eleitos\/suplentes, antes da instru\u00e7\u00e3o processual, com base em indicios de atos fraudulentos. Assim, indefiro o pedido de tutela de urg\u00eancia. Intime-se a parte investigante da presente decis\u00e3o. Proceda-se \u00e0 cita\u00e7\u00e3o dos investigados, nos termos do art. 22, I, &#8220;a&#8221;, da LC 64\/90, para que apresentem defesa, no prazo de 05 (cinco) dias, oportunidade em que dever\u00e3o ser apresentados documentos e indicado rol de testemunhas, no m\u00e1ximo de 6 (seis). Se a defesa for instru\u00edda com documentos ou preliminares, o Cart\u00f3rio Eleitoral dever\u00e1 intimar a parte investigante para se manifestar sobre eles, no prazo de 5 (cinco) dias. Ato cont\u00ednuo, intime-se o Minist\u00e9rio P\u00fablico Eleitoral para que, no prazo de 2 (dois) dias, apresente manifesta\u00e7\u00e3o. Ap\u00f3s, retornem-me os autos conclusos.\u201d<\/em><\/strong> concluiu. &nbsp;<\/p>\n\n\n\n<p>Caso haja a cassa\u00e7\u00e3o do DRAP, anula-se todos os votos destinados aos candidatos da Federa\u00e7\u00e3o Brasil da Esperan\u00e7a, e automaticamente \u00e9 feito um novo c\u00e1lculo. Com isso, Pedro Paulo Alves de Andrade (Pedro de Agostinho), perde a vaga na C\u00e2mara, \u00fanica da oposi\u00e7\u00e3o, que passa a ser de Reinivaldo (Nego Ri).<\/p>\n\n\n\n<p><em>Reda\u00e7\u00e3o: Portal Alerta<\/em><\/p>\n","protected":false},"excerpt":{"rendered":"<p>Uma a\u00e7\u00e3o que tramita na 110\u00aa Zona Eleitoral em Ribeira do Pombal-BA pede a cassa\u00e7\u00e3o do Demonstrativo de Regularidades de Atos Partid\u00e1rios (DRAP) da Federa\u00e7\u00e3o Partid\u00e1ria Brasil da Esperan\u00e7a, referente ao pleito 2024, nas elei\u00e7\u00f5es municipais da cidade.<\/p>\n","protected":false},"author":2,"featured_media":65552,"comment_status":"open","ping_status":"open","sticky":false,"template":"","format":"standard","meta":{"om_disable_all_campaigns":false,"_monsterinsights_skip_tracking":false,"_monsterinsights_sitenote_active":false,"_monsterinsights_sitenote_note":"","_monsterinsights_sitenote_category":0,"footnotes":""},"categories":[70,69,21,32,3],"tags":[100,71,48,75,4178,4180,5695,129,107,6696,7576,4181,132,230,643,106,203,120,51,109,88,47,111,190],"class_list":["post-65551","post","type-post","status-publish","format-standard","has-post-thumbnail","hentry","category-destaques","category-noticias2","category-politica","category-regiao","category-ribeira-do-pombal","tag-adustina","tag-antas","tag-araci","tag-cicero-dantas","tag-cipo-2","tag-crisopolis-2","tag-eleicoes-2024","tag-euclides-da-cunha","tag-fatima","tag-federacao-brasil-da-esperanca","tag-fraude-eleitoral","tag-heliopolis-2","tag-itapicuru","tag-jeremoabo","tag-mdb","tag-nova-soure","tag-novo-triunfo","tag-olindina","tag-paripiranga","tag-quijingue","tag-ribeira-do-amparo","tag-ribeira-do-pombal","tag-sitio-do-quinto","tag-tucano"],"aioseo_notices":[],"_links":{"self":[{"href":"https:\/\/www.portalalerta.com.br\/index.php\/wp-json\/wp\/v2\/posts\/65551","targetHints":{"allow":["GET"]}}],"collection":[{"href":"https:\/\/www.portalalerta.com.br\/index.php\/wp-json\/wp\/v2\/posts"}],"about":[{"href":"https:\/\/www.portalalerta.com.br\/index.php\/wp-json\/wp\/v2\/types\/post"}],"author":[{"embeddable":true,"href":"https:\/\/www.portalalerta.com.br\/index.php\/wp-json\/wp\/v2\/users\/2"}],"replies":[{"embeddable":true,"href":"https:\/\/www.portalalerta.com.br\/index.php\/wp-json\/wp\/v2\/comments?post=65551"}],"version-history":[{"count":3,"href":"https:\/\/www.portalalerta.com.br\/index.php\/wp-json\/wp\/v2\/posts\/65551\/revisions"}],"predecessor-version":[{"id":65588,"href":"https:\/\/www.portalalerta.com.br\/index.php\/wp-json\/wp\/v2\/posts\/65551\/revisions\/65588"}],"wp:featuredmedia":[{"embeddable":true,"href":"https:\/\/www.portalalerta.com.br\/index.php\/wp-json\/wp\/v2\/media\/65552"}],"wp:attachment":[{"href":"https:\/\/www.portalalerta.com.br\/index.php\/wp-json\/wp\/v2\/media?parent=65551"}],"wp:term":[{"taxonomy":"category","embeddable":true,"href":"https:\/\/www.portalalerta.com.br\/index.php\/wp-json\/wp\/v2\/categories?post=65551"},{"taxonomy":"post_tag","embeddable":true,"href":"https:\/\/www.portalalerta.com.br\/index.php\/wp-json\/wp\/v2\/tags?post=65551"}],"curies":[{"name":"wp","href":"https:\/\/api.w.org\/{rel}","templated":true}]}}