{"id":65957,"date":"2024-12-13T11:10:31","date_gmt":"2024-12-13T14:10:31","guid":{"rendered":"https:\/\/www.portalalerta.com.br\/?p=65957"},"modified":"2024-12-13T16:27:31","modified_gmt":"2024-12-13T19:27:31","slug":"autor-de-homicidio-e-preso-em-menos-de-uma-semana-apos-o-crime-em-nova-soure-ba","status":"publish","type":"post","link":"https:\/\/www.portalalerta.com.br\/index.php\/2024\/12\/13\/autor-de-homicidio-e-preso-em-menos-de-uma-semana-apos-o-crime-em-nova-soure-ba\/","title":{"rendered":"Autor de homic\u00eddio \u00e9 preso em menos de uma semana ap\u00f3s o crime, em Nova Soure-BA"},"content":{"rendered":"\n<p>Na manh\u00e3 da \u00faltima quinta-feira (12) policiais civis de Nova Soure-BA, em a\u00e7\u00e3o conjunta com uma equipe da CATTI-Conselheiro, equipe especializada da Pol\u00edcia Civil, cumpriram um mandado de pris\u00e3o em desfavor de um homem apontado como autor de homic\u00eddio no munic\u00edpio.<\/p>\n\n\n\n<!--more-->\n\n\n<div class=\"wp-block-image\">\n<figure class=\"alignleft size-large is-resized\"><img fetchpriority=\"high\" decoding=\"async\" src=\"https:\/\/www.portalalerta.com.br\/wp-content\/uploads\/2024\/04\/autoescola-emprego-1024x1024.jpg\" alt=\"\" class=\"wp-image-55693\" width=\"422\" height=\"422\" srcset=\"https:\/\/www.portalalerta.com.br\/wp-content\/uploads\/2024\/04\/autoescola-emprego-1024x1024.jpg 1024w, https:\/\/www.portalalerta.com.br\/wp-content\/uploads\/2024\/04\/autoescola-emprego-240x240.jpg 240w, https:\/\/www.portalalerta.com.br\/wp-content\/uploads\/2024\/04\/autoescola-emprego-768x768.jpg 768w, https:\/\/www.portalalerta.com.br\/wp-content\/uploads\/2024\/04\/autoescola-emprego.jpg 1080w\" sizes=\"(max-width: 422px) 100vw, 422px\" \/><\/figure><\/div>\n\n\n<p>O homem identificado pelas iniciais J.R.F.S (Neg\u00e3o), foi preso em sua pr\u00f3pria resid\u00eancia, onde tamb\u00e9m foram encontrados: 01 rev\u00f3lver cal. 38 contendo seis muni\u00e7\u00f5es intactas; 22 trouxinhas contendo ervas semelhantes \u00e0 Cannabis Sativa (maconha), pesando 19g; 02 aparelhos celulares; e uma motocicleta de dados n\u00e3o informados, com o chassi cortado.<\/p>\n\n\n\n<p>Neg\u00e3o \u00e9 apontado como o autor do homic\u00eddio que vitimou <strong><a href=\"https:\/\/www.portalalerta.com.br\/index.php\/2024\/12\/07\/homem-e-assassinado-a-tiros-em-nova-soure-ba-policia-suspeita-de-latrocinio\/\" title=\"\">Juverlandio Santos de Macedo, 34 anos, na noite da \u00faltima sexta-feira (06)<\/a><\/strong>.<\/p>\n\n\n\n<p>A a\u00e7\u00e3o faz parte da Opera\u00e7\u00e3o Unum Corpus, que mobilizou toda a Pol\u00edcia Civil do estado, e culminou com mais de 500 mandados de pris\u00f5es e apreens\u00f5es cumpridos. <\/p>\n\n\n\n<figure class=\"wp-block-embed is-type-video is-provider-youtube wp-block-embed-youtube wp-embed-aspect-4-3 wp-has-aspect-ratio\"><div class=\"wp-block-embed__wrapper\">\n<iframe title=\"Autor de homic\u00eddio \u00e9 preso em menos de uma semana ap\u00f3s o crime, em Nova Soure-BA\" width=\"422\" height=\"750\" src=\"https:\/\/www.youtube.com\/embed\/Usb6ZkuCUfA?feature=oembed\" frameborder=\"0\" allow=\"accelerometer; autoplay; clipboard-write; encrypted-media; gyroscope; picture-in-picture; web-share\" referrerpolicy=\"strict-origin-when-cross-origin\" allowfullscreen><\/iframe>\n<\/div><\/figure>\n\n\n\n<p><em>Reda\u00e7\u00e3o: Portal Alerta<\/em><\/p>\n","protected":false},"excerpt":{"rendered":"<p>Na manh\u00e3 da \u00faltima quinta-feira (12) policiais civis de Nova Soure-BA, em a\u00e7\u00e3o conjunta com uma equipe da CATTI-Conselheiro, equipe especializada da Pol\u00edcia Civil, cumpriram um mandado de pris\u00e3o em desfavor de um homem apontado como autor de homic\u00eddio no munic\u00edpio.<\/p>\n","protected":false},"author":2,"featured_media":65958,"comment_status":"open","ping_status":"open","sticky":false,"template":"","format":"standard","meta":{"om_disable_all_campaigns":false,"_monsterinsights_skip_tracking":false,"_monsterinsights_sitenote_active":false,"_monsterinsights_sitenote_note":"","_monsterinsights_sitenote_category":0,"footnotes":""},"categories":[70,69,14,32,22],"tags":[100,71,48,75,4178,4180,129,107,4181,258,206,132,230,488,106,203,120,6170,51,122,77,109,88,47,111,190],"class_list":["post-65957","post","type-post","status-publish","format-standard","has-post-thumbnail","hentry","category-destaques","category-noticias2","category-nova-soure","category-regiao","category-seguranca","tag-adustina","tag-antas","tag-araci","tag-cicero-dantas","tag-cipo-2","tag-crisopolis-2","tag-euclides-da-cunha","tag-fatima","tag-heliopolis-2","tag-homicida","tag-homicidio","tag-itapicuru","tag-jeremoabo","tag-mandado-de-prisao","tag-nova-soure","tag-novo-triunfo","tag-olindina","tag-operacao-unum-corpus","tag-paripiranga","tag-policia-civil","tag-preso","tag-quijingue","tag-ribeira-do-amparo","tag-ribeira-do-pombal","tag-sitio-do-quinto","tag-tucano"],"aioseo_notices":[],"_links":{"self":[{"href":"https:\/\/www.portalalerta.com.br\/index.php\/wp-json\/wp\/v2\/posts\/65957","targetHints":{"allow":["GET"]}}],"collection":[{"href":"https:\/\/www.portalalerta.com.br\/index.php\/wp-json\/wp\/v2\/posts"}],"about":[{"href":"https:\/\/www.portalalerta.com.br\/index.php\/wp-json\/wp\/v2\/types\/post"}],"author":[{"embeddable":true,"href":"https:\/\/www.portalalerta.com.br\/index.php\/wp-json\/wp\/v2\/users\/2"}],"replies":[{"embeddable":true,"href":"https:\/\/www.portalalerta.com.br\/index.php\/wp-json\/wp\/v2\/comments?post=65957"}],"version-history":[{"count":3,"href":"https:\/\/www.portalalerta.com.br\/index.php\/wp-json\/wp\/v2\/posts\/65957\/revisions"}],"predecessor-version":[{"id":65997,"href":"https:\/\/www.portalalerta.com.br\/index.php\/wp-json\/wp\/v2\/posts\/65957\/revisions\/65997"}],"wp:featuredmedia":[{"embeddable":true,"href":"https:\/\/www.portalalerta.com.br\/index.php\/wp-json\/wp\/v2\/media\/65958"}],"wp:attachment":[{"href":"https:\/\/www.portalalerta.com.br\/index.php\/wp-json\/wp\/v2\/media?parent=65957"}],"wp:term":[{"taxonomy":"category","embeddable":true,"href":"https:\/\/www.portalalerta.com.br\/index.php\/wp-json\/wp\/v2\/categories?post=65957"},{"taxonomy":"post_tag","embeddable":true,"href":"https:\/\/www.portalalerta.com.br\/index.php\/wp-json\/wp\/v2\/tags?post=65957"}],"curies":[{"name":"wp","href":"https:\/\/api.w.org\/{rel}","templated":true}]}}