{"id":66019,"date":"2024-12-14T00:01:12","date_gmt":"2024-12-14T03:01:12","guid":{"rendered":"https:\/\/www.portalalerta.com.br\/?p=66019"},"modified":"2024-12-14T16:23:38","modified_gmt":"2024-12-14T19:23:38","slug":"vaza-audio-apresentado-a-justica-que-pode-revelar-suposta-fraude-eleitoral-em-ribeira-do-pombal-ba","status":"publish","type":"post","link":"https:\/\/www.portalalerta.com.br\/index.php\/2024\/12\/14\/vaza-audio-apresentado-a-justica-que-pode-revelar-suposta-fraude-eleitoral-em-ribeira-do-pombal-ba\/","title":{"rendered":"Vaza \u00e1udio apresentado \u00e0 Justi\u00e7a, que pode revelar suposta fraude eleitoral em Ribeira do Pombal-BA"},"content":{"rendered":"\n<p>A a\u00e7\u00e3o judicial movida pelo vereador pombalense Reinivaldo Castro dos Santos (Nego Ri), do MDB, contra a Federa\u00e7\u00e3o Brasil da Esperan\u00e7a em Ribeira do Pombal-BA, est\u00e1 em tramita\u00e7\u00e3o, e os prazos concedidos pelo juiz eleitoral Dr. Luiz Carlos Vilas Boas, est\u00e1 se esgotando.<\/p>\n\n\n\n<!--more-->\n\n\n\n<p>A a\u00e7\u00e3o que \u00e9 composta por uma den\u00fancia de fraude eleitoral, cita a candidatura de Nayanne Bastos de Souza (PC do B), como fict\u00edcia, tendo em vista que a mesma teve vota\u00e7\u00e3o inexpressiva, n\u00e3o votou em si pr\u00f3pria, e trabalhou para outro candidato, no caso, o vereador reeleito S\u00e9rgio da Oficina (PSD). Desta forma, \u201cNego Ri\u201d alega que houve fraude eleitoral praticada pela Federa\u00e7\u00e3o Partid\u00e1ria, que \u00e9 composta pelo PC do B, PT, e PV, no que se refere \u00e0 cota de G\u00eaneros, que deve respeitar o m\u00ednimo de 30% e o m\u00e1ximo de 70% de candidatos do mesmo sexo. <strong><a href=\"https:\/\/www.portalalerta.com.br\/index.php\/2024\/12\/07\/justica-recebe-denuncia-de-fraude-eleitoral-em-ribeira-do-pombal-ba-e-unico-vereador-oposicionista-pode-perder-o-mandato-entenda\/\">Relembre<\/a><\/strong><\/p>\n\n\n<div class=\"wp-block-image\">\n<figure class=\"alignleft size-full\"><img fetchpriority=\"high\" decoding=\"async\" width=\"354\" height=\"500\" src=\"https:\/\/www.portalalerta.com.br\/wp-content\/uploads\/2024\/11\/Real-Natal-2024.jpg\" alt=\"\" class=\"wp-image-63820\" srcset=\"https:\/\/www.portalalerta.com.br\/wp-content\/uploads\/2024\/11\/Real-Natal-2024.jpg 354w, https:\/\/www.portalalerta.com.br\/wp-content\/uploads\/2024\/11\/Real-Natal-2024-170x240.jpg 170w\" sizes=\"(max-width: 354px) 100vw, 354px\" \/><\/figure><\/div>\n\n\n<p>Nesta sexta-feira (13), o PORTAL ALERTA teve acesso a um \u00e1udio que est\u00e1 sendo atribu\u00eddo \u00e0 Nayanne, que se dirige a um interlocutor a quem chama de Jo\u00e3o, e acredita-se que seja o presidente da sigla bem como da Federa\u00e7\u00e3o, Dr. Jo\u00e3o Carlos. Na ocasi\u00e3o, a candidata deixa a entender que tem o interesse em desistir da candidatura, alegando que iria trabalhar para campanha de terceiros, e afirma que estaria se desvinculando dos grupos (redes sociais) ligados ao partido: <strong><em>\u201cE a\u00ed Jo\u00e3o, Beleza? Rapaz deixe eu conversar com voc\u00ea. Recebi uma proposta melhor, e a\u00ed eu sair dos grupos do partido. E a\u00ed veja o que eu tenho que fazer pra voc\u00ea poder me tirar dessas coisas a\u00ed porque&#8230; eu vou&#8230; eu vou votar em Eriksson. Eu vou t\u00e1 envolvida com algumas coisas l\u00e1 no&#8230; vou trabalhar no neg\u00f3cio da campanha, e a\u00ed eu t\u00f4 lhe falando\u201d.<\/em><\/strong><\/p>\n\n\n\n<p>Mais cedo, o advogado da Federa\u00e7\u00e3o, Dr. Gustavo Costa, concedeu uma entrevista ao Programa Caf\u00e9 com Not\u00edcias, na Canabrava FM, em que citou o \u00e1udio, em que acusa S\u00e9rgio da Oficina de ter cooptado a candidata, o que ele julga ser um ato muito grave:<strong><em> \u201c&#8230; e a candidata em sua contesta\u00e7\u00e3o, ela junta um \u00e1udio dela mesma, dizendo que queria se afastar do partido, n\u00e3o diz da candidatura, mas que queria se afastar do partido, das situa\u00e7\u00f5es partid\u00e1rias, porque teria recebido uma proposta melhor. Que proposta \u00e9 essa? Ela foi cooptada? Isso \u00e9 um ato muito grave. Uma coopta\u00e7\u00e3o, uma poss\u00edvel coopta\u00e7\u00e3o feita ilegalmente assim falando porque resta demonstrado o contrato juntado no Processo de Presta\u00e7\u00e3o de Contas do vereador eleito e o pagamento feito para a conta da candidata, tudo isso atrav\u00e9s das contas de campanha do vereador eleito, para a conta da candidata.\u201d<\/em><\/strong><\/p>\n\n\n\n<p><strong>O que diz a lei?<\/strong><\/p>\n\n\n\n<p>A Lei das Elei\u00e7\u00f5es n\u00ba 9.504\/1997, assegura o m\u00ednimo de 30% e o m\u00e1ximo de 70% de candidatos do mesmo sexo. Al\u00e9m disso, o Tribunal Superior Eleitoral aprovou a s\u00famula 73 que trata da caracteriza\u00e7\u00e3o de fraudes \u00e0 cota de g\u00eanero. Entre os elementos de fraude est\u00e3o:&nbsp;<strong>vota\u00e7\u00e3o zerada ou inexpressiva; presta\u00e7\u00e3o de contas zerada; padronizada ou aus\u00eancia de movimenta\u00e7\u00e3o financeira relevante; aus\u00eancia de atos efetivos de campanha, divulga\u00e7\u00e3o ou promo\u00e7\u00e3o da candidatura de terceiros<\/strong>.<\/p>\n\n\n\n<p><strong>O que pode acontecer?<\/strong><\/p>\n\n\n\n<p>Caso a justi\u00e7a entenda que houve fraude eleitoral no caso em tela, poder\u00e1 haver a Cassa\u00e7\u00e3o do Demonstrativo de Regularidades de Atos Partid\u00e1rios (DRAP), e consequentemente cassa todos os votos da legenda. Com isso o \u00fanico vereador eleito pela oposi\u00e7\u00e3o pombalense, Pedro Paulo Alves de Andrade (Pedro de Agostinho), perde a vaga no legislativo, devendo haver um novo c\u00e1lculo do quociente eleitoral, desta vez sem contabilizar os votos anulados na a\u00e7\u00e3o. Com isso, a vaga ficaria para Reinivaldo (Nego Ri). Al\u00e9m disso, as pessoas que tinham ci\u00eancia na execu\u00e7\u00e3o da fraunde, podem perder os direitos pol\u00edticos por um per\u00eddo de oito anos. Caso a justi\u00e7a n\u00e3o entenda que tenha havido fraude, o cen\u00e1rio pol\u00edtico permanece inalterado. <\/p>\n\n\n\n<p><strong>Confira a cobertura completa com o \u00e1udio da candidata Nayanne e o trecho da entrevista do advogado Dr. Gustavo Costa:<\/strong><\/p>\n\n\n\n<figure class=\"wp-block-embed is-type-video is-provider-youtube wp-block-embed-youtube wp-embed-aspect-4-3 wp-has-aspect-ratio\"><div class=\"wp-block-embed__wrapper\">\n<iframe title=\"Untitled\" width=\"500\" height=\"375\" src=\"https:\/\/www.youtube.com\/embed\/4WdF5eLE-K8?feature=oembed\" frameborder=\"0\" allow=\"accelerometer; autoplay; clipboard-write; encrypted-media; gyroscope; picture-in-picture; web-share\" referrerpolicy=\"strict-origin-when-cross-origin\" allowfullscreen><\/iframe>\n<\/div><\/figure>\n\n\n\n<p><strong>Confira a entrevista na \u00edntegra no advogado Gustavo Costa, concedida ao programa Caf\u00e9 com Not\u00edcia, na Canabrava FM:<\/strong><\/p>\n\n\n\n<figure class=\"wp-block-embed is-type-video is-provider-youtube wp-block-embed-youtube wp-embed-aspect-16-9 wp-has-aspect-ratio\"><div class=\"wp-block-embed__wrapper\">\n<iframe title=\"CAF\u00c9 COM NOT\u00cdCIAS\" width=\"500\" height=\"281\" src=\"https:\/\/www.youtube.com\/embed\/t-7SpXlKVVE?feature=oembed\" frameborder=\"0\" allow=\"accelerometer; autoplay; clipboard-write; encrypted-media; gyroscope; picture-in-picture; web-share\" referrerpolicy=\"strict-origin-when-cross-origin\" allowfullscreen><\/iframe>\n<\/div><\/figure>\n\n\n\n<p><em>Reda\u00e7\u00e3o: Portal Alerta<\/em><\/p>\n","protected":false},"excerpt":{"rendered":"<p>A a\u00e7\u00e3o judicial movida pelo vereador pombalense Reinivaldo Castro dos Santos (Nego Ri), do MDB, contra a Federa\u00e7\u00e3o Brasil da Esperan\u00e7a em Ribeira do Pombal-BA, est\u00e1 em tramita\u00e7\u00e3o, e os prazos concedidos pelo juiz eleitoral Dr. Luiz Carlos Vilas Boas, est\u00e1 se esgotando.<\/p>\n","protected":false},"author":2,"featured_media":65552,"comment_status":"open","ping_status":"open","sticky":false,"template":"","format":"standard","meta":{"om_disable_all_campaigns":false,"_monsterinsights_skip_tracking":false,"_monsterinsights_sitenote_active":false,"_monsterinsights_sitenote_note":"","_monsterinsights_sitenote_category":0,"footnotes":""},"categories":[70,69,21,32,3],"tags":[100,71,48,75,4178,4180,5695,129,107,6696,7576,4181,132,230,270,106,203,120,51,109,88,47,111,190],"class_list":["post-66019","post","type-post","status-publish","format-standard","has-post-thumbnail","hentry","category-destaques","category-noticias2","category-politica","category-regiao","category-ribeira-do-pombal","tag-adustina","tag-antas","tag-araci","tag-cicero-dantas","tag-cipo-2","tag-crisopolis-2","tag-eleicoes-2024","tag-euclides-da-cunha","tag-fatima","tag-federacao-brasil-da-esperanca","tag-fraude-eleitoral","tag-heliopolis-2","tag-itapicuru","tag-jeremoabo","tag-justica","tag-nova-soure","tag-novo-triunfo","tag-olindina","tag-paripiranga","tag-quijingue","tag-ribeira-do-amparo","tag-ribeira-do-pombal","tag-sitio-do-quinto","tag-tucano"],"aioseo_notices":[],"_links":{"self":[{"href":"https:\/\/www.portalalerta.com.br\/index.php\/wp-json\/wp\/v2\/posts\/66019","targetHints":{"allow":["GET"]}}],"collection":[{"href":"https:\/\/www.portalalerta.com.br\/index.php\/wp-json\/wp\/v2\/posts"}],"about":[{"href":"https:\/\/www.portalalerta.com.br\/index.php\/wp-json\/wp\/v2\/types\/post"}],"author":[{"embeddable":true,"href":"https:\/\/www.portalalerta.com.br\/index.php\/wp-json\/wp\/v2\/users\/2"}],"replies":[{"embeddable":true,"href":"https:\/\/www.portalalerta.com.br\/index.php\/wp-json\/wp\/v2\/comments?post=66019"}],"version-history":[{"count":4,"href":"https:\/\/www.portalalerta.com.br\/index.php\/wp-json\/wp\/v2\/posts\/66019\/revisions"}],"predecessor-version":[{"id":66056,"href":"https:\/\/www.portalalerta.com.br\/index.php\/wp-json\/wp\/v2\/posts\/66019\/revisions\/66056"}],"wp:featuredmedia":[{"embeddable":true,"href":"https:\/\/www.portalalerta.com.br\/index.php\/wp-json\/wp\/v2\/media\/65552"}],"wp:attachment":[{"href":"https:\/\/www.portalalerta.com.br\/index.php\/wp-json\/wp\/v2\/media?parent=66019"}],"wp:term":[{"taxonomy":"category","embeddable":true,"href":"https:\/\/www.portalalerta.com.br\/index.php\/wp-json\/wp\/v2\/categories?post=66019"},{"taxonomy":"post_tag","embeddable":true,"href":"https:\/\/www.portalalerta.com.br\/index.php\/wp-json\/wp\/v2\/tags?post=66019"}],"curies":[{"name":"wp","href":"https:\/\/api.w.org\/{rel}","templated":true}]}}