{"id":66045,"date":"2024-12-14T15:26:18","date_gmt":"2024-12-14T18:26:18","guid":{"rendered":"https:\/\/www.portalalerta.com.br\/?p=66045"},"modified":"2024-12-14T15:46:52","modified_gmt":"2024-12-14T18:46:52","slug":"policia-militar-realiza-a-10a-edicao-do-soldado-noel-em-olindina-ba","status":"publish","type":"post","link":"https:\/\/www.portalalerta.com.br\/index.php\/2024\/12\/14\/policia-militar-realiza-a-10a-edicao-do-soldado-noel-em-olindina-ba\/","title":{"rendered":"Pol\u00edcia Militar realiza a 10\u00aa Edi\u00e7\u00e3o do Soldado Noel, em Olindina-BA"},"content":{"rendered":"\n<p>Por volta das 09h da \u00faltima sexta-feira (13), foi realizada a 10\u00aa Edi\u00e7\u00e3o do Projeto Social Soldado Noel, no Centro Municipal Pr\u00f3 Inf\u00e2ncia Semeando o Saber, no munic\u00edpio de Olindina-BA.<\/p>\n\n\n\n<!--more-->\n\n\n\n<p>A Pol\u00edcia Militar da Bahia, por meio da 6\u00aaCIPM, realizou o evento que contemplou 126 crian\u00e7as, de 0 a 6 anos, da rede municipal de ensino. O 5\u00b0 Pelot\u00e3o em parceria com a Prefeitura Municipal de Olindina doou brinquedos e levou divers\u00e3o para crian\u00e7ada.<\/p>\n\n\n\n<p>O evento, que teve a participa\u00e7\u00e3o do major PM Elison e do Prefeito Luiz Alberto, consolida os objetivos estrat\u00e9gicos da PMBA e ratifica sua responsabilidade social, contribuindo para a crescente confian\u00e7a da sociedade.<\/p>\n\n\n\n<p><em>Fonte: : 6\u00aa CIPM<\/em><\/p>\n","protected":false},"excerpt":{"rendered":"<p>Por volta das 09h da \u00faltima sexta-feira (13), foi realizada a 10\u00aa Edi\u00e7\u00e3o do Projeto Social Soldado Noel, no Centro Municipal Pr\u00f3 Inf\u00e2ncia Semeando o Saber, no munic\u00edpio de Olindina-BA.<\/p>\n","protected":false},"author":2,"featured_media":66046,"comment_status":"open","ping_status":"open","sticky":false,"template":"","format":"standard","meta":{"om_disable_all_campaigns":false,"_monsterinsights_skip_tracking":false,"_monsterinsights_sitenote_active":false,"_monsterinsights_sitenote_note":"","_monsterinsights_sitenote_category":0,"footnotes":""},"categories":[70,69,15,32,22],"tags":[181,100,71,48,75,45,46,129,107,44,132,230,106,203,120,51,79,109,88,47,111,1996,190],"class_list":["post-66045","post","type-post","status-publish","format-standard","has-post-thumbnail","hentry","category-destaques","category-noticias2","category-olindina","category-regiao","category-seguranca","tag-6a-cipm","tag-adustina","tag-antas","tag-araci","tag-cicero-dantas","tag-cipo","tag-crisopolis","tag-euclides-da-cunha","tag-fatima","tag-heliopolis","tag-itapicuru","tag-jeremoabo","tag-nova-soure","tag-novo-triunfo","tag-olindina","tag-paripiranga","tag-policia-militar","tag-quijingue","tag-ribeira-do-amparo","tag-ribeira-do-pombal","tag-sitio-do-quinto","tag-soldado-noel","tag-tucano"],"aioseo_notices":[],"_links":{"self":[{"href":"https:\/\/www.portalalerta.com.br\/index.php\/wp-json\/wp\/v2\/posts\/66045","targetHints":{"allow":["GET"]}}],"collection":[{"href":"https:\/\/www.portalalerta.com.br\/index.php\/wp-json\/wp\/v2\/posts"}],"about":[{"href":"https:\/\/www.portalalerta.com.br\/index.php\/wp-json\/wp\/v2\/types\/post"}],"author":[{"embeddable":true,"href":"https:\/\/www.portalalerta.com.br\/index.php\/wp-json\/wp\/v2\/users\/2"}],"replies":[{"embeddable":true,"href":"https:\/\/www.portalalerta.com.br\/index.php\/wp-json\/wp\/v2\/comments?post=66045"}],"version-history":[{"count":1,"href":"https:\/\/www.portalalerta.com.br\/index.php\/wp-json\/wp\/v2\/posts\/66045\/revisions"}],"predecessor-version":[{"id":66047,"href":"https:\/\/www.portalalerta.com.br\/index.php\/wp-json\/wp\/v2\/posts\/66045\/revisions\/66047"}],"wp:featuredmedia":[{"embeddable":true,"href":"https:\/\/www.portalalerta.com.br\/index.php\/wp-json\/wp\/v2\/media\/66046"}],"wp:attachment":[{"href":"https:\/\/www.portalalerta.com.br\/index.php\/wp-json\/wp\/v2\/media?parent=66045"}],"wp:term":[{"taxonomy":"category","embeddable":true,"href":"https:\/\/www.portalalerta.com.br\/index.php\/wp-json\/wp\/v2\/categories?post=66045"},{"taxonomy":"post_tag","embeddable":true,"href":"https:\/\/www.portalalerta.com.br\/index.php\/wp-json\/wp\/v2\/tags?post=66045"}],"curies":[{"name":"wp","href":"https:\/\/api.w.org\/{rel}","templated":true}]}}