{"id":66048,"date":"2024-12-14T15:32:24","date_gmt":"2024-12-14T18:32:24","guid":{"rendered":"https:\/\/www.portalalerta.com.br\/?p=66048"},"modified":"2024-12-14T15:32:25","modified_gmt":"2024-12-14T18:32:25","slug":"saiba-quem-e-walter-braga-netto-ex-ministro-preso-neste-sabado","status":"publish","type":"post","link":"https:\/\/www.portalalerta.com.br\/index.php\/2024\/12\/14\/saiba-quem-e-walter-braga-netto-ex-ministro-preso-neste-sabado\/","title":{"rendered":"Saiba quem \u00e9 Walter Braga Netto, ex-ministro preso neste s\u00e1bado"},"content":{"rendered":"\n<p>General da reserva \u00e9 apontado pela Pol\u00edcia Federal como articulador de um plano de golpe de Estado ap\u00f3s a elei\u00e7\u00e3o de 2022<\/p>\n\n\n\n<!--more-->\n\n\n\n<p>Preso nesse s\u00e1bado (14) pela Pol\u00edcia Federal, o general da reserva Walter Braga Netto \u00e9 apontado como um dos articuladores de um plano de golpe de Estado ap\u00f3s o resultado da elei\u00e7\u00e3o presidencial de 2022.<\/p>\n\n\n<div class=\"wp-block-image\">\n<figure class=\"alignleft size-large is-resized\"><img fetchpriority=\"high\" decoding=\"async\" src=\"https:\/\/www.portalalerta.com.br\/wp-content\/uploads\/2024\/04\/autoescola-emprego-1024x1024.jpg\" alt=\"\" class=\"wp-image-55693\" width=\"426\" height=\"426\" srcset=\"https:\/\/www.portalalerta.com.br\/wp-content\/uploads\/2024\/04\/autoescola-emprego-1024x1024.jpg 1024w, https:\/\/www.portalalerta.com.br\/wp-content\/uploads\/2024\/04\/autoescola-emprego-240x240.jpg 240w, https:\/\/www.portalalerta.com.br\/wp-content\/uploads\/2024\/04\/autoescola-emprego-768x768.jpg 768w, https:\/\/www.portalalerta.com.br\/wp-content\/uploads\/2024\/04\/autoescola-emprego.jpg 1080w\" sizes=\"(max-width: 426px) 100vw, 426px\" \/><\/figure><\/div>\n\n\n<p>Ele, que foi ministro durante a gest\u00e3o de Jair Bolsonaro, ganhou notoriedade na m\u00eddia quando anunciou, em 2018, que haveria uma transi\u00e7\u00e3o na interven\u00e7\u00e3o federal do Rio de Janeiro. Na \u00e9poca, Braga Netto era interventor na seguran\u00e7a p\u00fablica do Rio, a pedido do governo federal \u2013 na \u00e9poca chefiado por Michel Temer.<\/p>\n\n\n\n<p>O general da reserva, nascido em Belo Horizonte, entrou para o Ex\u00e9rcito em 1974, aos 17 anos de idade. Durante sua carreira militar, foi chefe do Grupo de Observadores Militares das Na\u00e7\u00f5es Unidas no Timor Leste e adido do Ex\u00e9rcito na Pol\u00f4nia, no Canad\u00e1 e nos Estados Unidos. Recebeu os t\u00edtulos de Mestre em Opera\u00e7\u00f5es Militares da Escola de Aperfei\u00e7oamento de Oficiais, em 1988, e de Doutor em Aplica\u00e7\u00f5es, Planejamento e Estudos Militares do Curso de Altos Estudos da Escola de Comando do Estado-Maior do Ex\u00e9rcito em 1994.<\/p>\n\n\n\n<p><strong>Rela\u00e7\u00e3o com Bolsonaro<\/strong><\/p>\n\n\n\n<p>Braga Netto iniciou seus trabalhos no governo de Jair Bolsonaro atuando como ministro da Casa Civil em 2020, tendo sido o respons\u00e1vel pela coordena\u00e7\u00e3o do repasse de informa\u00e7\u00f5es e respostas do governo federal a respeito da pandemia de Covid-19.<\/p>\n\n\n\n<p>Depois, passou para a pasta da Defesa e se filiou ao Partido Liberal (PL), de Bolsonaro.<\/p>\n\n\n\n<p>Durante seu tempo como ministro, chegou a\u00a0celebrar o golpe militar de 1964, que classificou como um \u201cmarco hist\u00f3rico da evolu\u00e7\u00e3o pol\u00edtica brasileira\u201d.<\/p>\n\n\n\n<p>Na elei\u00e7\u00e3o de 2022, foi candidato \u00e0 vice-presid\u00eancia na chapa de Jair Bolsonaro. Ap\u00f3s a vit\u00f3ria de Luiz In\u00e1cio Lula da Silva, questionou a veracidade dos resultados, defendendo a volta do voto impresso.<\/p>\n\n\n\n<p><strong>Inqu\u00e9rito do golpe<\/strong><\/p>\n\n\n\n<p>Walter Souza Braga Netto\u00a0foi citado 95 vezes no relat\u00f3rio da Pol\u00edcia Federal\u00a0que apura o planejamento de um plano de golpe de Estado.<\/p>\n\n\n\n<p>De acordo com a PF, o ex-ministro teria feito um \u201cmanuscrito\u201d, apreendido na mesa de um dos assessores do general, na sede do PL que afirmava:\u00a0\u201cLula n\u00e3o sobe a rampa\u201d. O material foi encontrado em uma pasta denominada \u201cmem\u00f3rias importantes\u201d e funcionava como um \u201cesbo\u00e7o de a\u00e7\u00f5es planejadas para a denominada Opera\u00e7\u00e3o 142\u201d.<\/p>\n\n\n\n<p>A Pol\u00edcia Federal indica, com base nas apura\u00e7\u00f5es,\u00a0que o general atuava como um articulador do plano. De acordo com o relat\u00f3rio, Braga Netto teria utilizado o \u201cmodo de agir\u201d da mil\u00edcia digital e instru\u00eddo o major reformado do Ex\u00e9rcito, Ailton Barros, a direcionar \u201cataques pessoais\u201d aos comandantes do Ex\u00e9rcito, general Freire Gomes e da Aeron\u00e1utica, tenente-brigadeiro Baptista J\u00fanior, por terem se oposto a colaborar com o golpe de Estado.<\/p>\n\n\n\n<p>Al\u00e9m das determina\u00e7\u00f5es feitas a militares, Braga Netto tamb\u00e9m era o respons\u00e1vel por receber o planejamento operacional para a\u00e7\u00f5es das For\u00e7as Especiais para realizar o golpe.<\/p>\n\n\n\n<p>De acordo com a PF, o golpe de Estado, elaborado pelo grupo criminoso, pretendia criar um \u201cGabinete de Gest\u00e3o de Crise\u201d, que seria comandado por Braga Netto, como coordenador-geral. O objetivo do gabinete seria o de \u201cassessorar\u201d Bolsonaro na administra\u00e7\u00e3o do pa\u00eds ap\u00f3s a concretiza\u00e7\u00e3o do golpe.<\/p>\n\n\n\n<p>O plano, afirma a PF, teria sido aprovado pelo general em uma\u00a0reuni\u00e3o com militares\u00a0na casa de Braga Netto, em 12 de novembro de 2022.<\/p>\n\n\n\n<p><strong>Pris\u00e3o preventiva<\/strong><\/p>\n\n\n\n<p>A Pol\u00edcia Federal\u00a0prendeu o ex-ministro\u00a0na manh\u00e3 deste s\u00e1bado (14),\u00a0ap\u00f3s ele voltar de viagem.\u00a0<\/p>\n\n\n\n<p>A Procuradoria-Geral da Uni\u00e3o (PGR), afirmou, em uma manifesta\u00e7\u00e3o, que a\u00a0pris\u00e3o preventiva do general evita interfer\u00eancias na investiga\u00e7\u00e3o.\u00a0<\/p>\n\n\n\n<p>Em depoimento no dia 5 de fevereiro de 2024, Mauro Cid confirmou que Braga Netto e \u201coutros intermedi\u00e1rios\u201d procuraram seu pai por telefone\u00a0para saber informa\u00e7\u00f5es sobre a colabora\u00e7\u00e3o premiada\u00a0firmada pelo ex-ajudante de ordens.<\/p>\n\n\n\n<p>O ex-ministro se encontra na Superintend\u00eancia da Pol\u00edcia Federal do Rio de Janeiro para exame de corpo de delito e ser\u00e1 encaminhado para a sede do Comando Militar do Leste tamb\u00e9m no Rio de Janeiro.\u00a0Ele est\u00e1 impedido de conversar com demais investigados no caso.<\/p>\n\n\n\n<p><em>Fonte: CNN<\/em><\/p>\n","protected":false},"excerpt":{"rendered":"<p>General da reserva \u00e9 apontado pela Pol\u00edcia Federal como articulador de um plano de golpe de Estado ap\u00f3s a elei\u00e7\u00e3o de 2022<\/p>\n","protected":false},"author":2,"featured_media":41674,"comment_status":"open","ping_status":"open","sticky":false,"template":"","format":"standard","meta":{"om_disable_all_campaigns":false,"_monsterinsights_skip_tracking":false,"_monsterinsights_sitenote_active":false,"_monsterinsights_sitenote_note":"","_monsterinsights_sitenote_category":0,"footnotes":""},"categories":[34,70,69,21],"tags":[100,71,48,93,75,4178,4180,129,107,3398,839,4181,132,230,106,203,120,51,173,77,109,88,47,111,190],"class_list":["post-66048","post","type-post","status-publish","format-standard","has-post-thumbnail","hentry","category-brasil","category-destaques","category-noticias2","category-politica","tag-adustina","tag-antas","tag-araci","tag-brasil","tag-cicero-dantas","tag-cipo-2","tag-crisopolis-2","tag-euclides-da-cunha","tag-fatima","tag-general-braga-netto","tag-golpe","tag-heliopolis-2","tag-itapicuru","tag-jeremoabo","tag-nova-soure","tag-novo-triunfo","tag-olindina","tag-paripiranga","tag-policia-federal","tag-preso","tag-quijingue","tag-ribeira-do-amparo","tag-ribeira-do-pombal","tag-sitio-do-quinto","tag-tucano"],"aioseo_notices":[],"_links":{"self":[{"href":"https:\/\/www.portalalerta.com.br\/index.php\/wp-json\/wp\/v2\/posts\/66048","targetHints":{"allow":["GET"]}}],"collection":[{"href":"https:\/\/www.portalalerta.com.br\/index.php\/wp-json\/wp\/v2\/posts"}],"about":[{"href":"https:\/\/www.portalalerta.com.br\/index.php\/wp-json\/wp\/v2\/types\/post"}],"author":[{"embeddable":true,"href":"https:\/\/www.portalalerta.com.br\/index.php\/wp-json\/wp\/v2\/users\/2"}],"replies":[{"embeddable":true,"href":"https:\/\/www.portalalerta.com.br\/index.php\/wp-json\/wp\/v2\/comments?post=66048"}],"version-history":[{"count":2,"href":"https:\/\/www.portalalerta.com.br\/index.php\/wp-json\/wp\/v2\/posts\/66048\/revisions"}],"predecessor-version":[{"id":66050,"href":"https:\/\/www.portalalerta.com.br\/index.php\/wp-json\/wp\/v2\/posts\/66048\/revisions\/66050"}],"wp:featuredmedia":[{"embeddable":true,"href":"https:\/\/www.portalalerta.com.br\/index.php\/wp-json\/wp\/v2\/media\/41674"}],"wp:attachment":[{"href":"https:\/\/www.portalalerta.com.br\/index.php\/wp-json\/wp\/v2\/media?parent=66048"}],"wp:term":[{"taxonomy":"category","embeddable":true,"href":"https:\/\/www.portalalerta.com.br\/index.php\/wp-json\/wp\/v2\/categories?post=66048"},{"taxonomy":"post_tag","embeddable":true,"href":"https:\/\/www.portalalerta.com.br\/index.php\/wp-json\/wp\/v2\/tags?post=66048"}],"curies":[{"name":"wp","href":"https:\/\/api.w.org\/{rel}","templated":true}]}}