{"id":66250,"date":"2024-12-17T13:53:12","date_gmt":"2024-12-17T16:53:12","guid":{"rendered":"https:\/\/www.portalalerta.com.br\/?p=66250"},"modified":"2024-12-17T13:53:13","modified_gmt":"2024-12-17T16:53:13","slug":"servico-ucraniano-esta-por-tras-do-assassinato-de-general-russo","status":"publish","type":"post","link":"https:\/\/www.portalalerta.com.br\/index.php\/2024\/12\/17\/servico-ucraniano-esta-por-tras-do-assassinato-de-general-russo\/","title":{"rendered":"Servi\u00e7o ucraniano est\u00e1 por tr\u00e1s do assassinato de general russo"},"content":{"rendered":"\n<p>Autoridade morreu em explos\u00e3o do lado de fora de um pr\u00e9dio de apartamentos pr\u00f3ximo ao Kremlin<\/p>\n\n\n\n<!--more-->\n\n\n\n<p>Os servi\u00e7os de seguran\u00e7a da Ucr\u00e2nia estavam por tr\u00e1s do assassinato do tenente-general russo, Igor Kirillov, afirmou uma fonte com conhecimento da opera\u00e7\u00e3o \u00e0&nbsp;CNN.<\/p>\n\n\n\n<p><strong><em>\u201cKirillov era um criminoso de guerra e um alvo absolutamente leg\u00edtimo, pois deu ordens para uso de subst\u00e2ncias qu\u00edmicas proibidas contra militares ucranianos\u201d<\/em><\/strong>, relatou a fonte \u00e0&nbsp;CNN.<\/p>\n\n\n\n<p><strong><em>\u201cUm fim t\u00e3o ingl\u00f3rio aguarda todos os que matam ucranianos. A retribui\u00e7\u00e3o por crimes de guerra \u00e9 inevit\u00e1vel\u201d<\/em><\/strong>, completou.<\/p>\n\n\n\n<p>Ataque a bomba causou danos extensos \u200b\u200bao pr\u00e9dio de apartamentos onde a explos\u00e3o ocorreu.<\/p>\n\n\n\n<p>Janelas foram quebradas e escombros se espalharam pelo ch\u00e3o perto da entrada do edif\u00edcio. Perto do local, dois corpos estavam&nbsp;ca\u00eddos na neve. Um cord\u00e3o policial foi colocado ao redor do pr\u00e9dio.<\/p>\n\n\n<div class=\"wp-block-image\">\n<figure class=\"aligncenter size-full is-resized\"><img fetchpriority=\"high\" decoding=\"async\" src=\"https:\/\/www.portalalerta.com.br\/wp-content\/uploads\/2024\/12\/Igor-Kirillov.jpg\" alt=\"\" class=\"wp-image-66251\" width=\"544\" height=\"362\"\/><figcaption class=\"wp-element-caption\">Igor Kirillov<\/figcaption><\/figure><\/div>\n\n\n<p>Frederik Pleitgen, da&nbsp;CNN, que est\u00e1 no local da explos\u00e3o, viu marcas de explos\u00e3o na entrada do pr\u00e9dio. A porta tamb\u00e9m foi arrancada de sua estrutura e h\u00e1 danos significativos na \u00e1rea ao redor do local da explos\u00e3o.<\/p>\n\n\n\n<p><strong>Entenda a Guerra entre R\u00fassia e Ucr\u00e2nia<\/strong><\/p>\n\n\n\n<p>A R\u00fassia invadiu a Ucr\u00e2nia em fevereiro de 2022 e entrou no territ\u00f3rio por tr\u00eas frentes: pela fronteira russa, pela Crimeia e por Belarus, pa\u00eds forte aliado do Kremlin. For\u00e7as leais ao\u00a0presidente Vladimir Putin\u00a0conseguiram avan\u00e7os significativos nos primeiros dias, mas os ucranianos conseguiram manter o controle de Kiev, ainda que a cidade tamb\u00e9m tenha sido atacada.<\/p>\n\n\n\n<p>A invas\u00e3o foi criticada internacionalmente e o Kremlin foi alvo de\u00a0san\u00e7\u00f5es econ\u00f4micas do Ocidente.<\/p>\n\n\n\n<p>Em outubro de 2024, ap\u00f3s milhares de mortos, a guerra na Ucr\u00e2nia entrou no que analistas descrevem como o momento mais perigoso at\u00e9 agora.<\/p>\n\n\n\n<p>As tens\u00f5es se elevaram quando o presidente russo, Vladimir Putin, ordenou o uso de um\u00a0m\u00edssil hipers\u00f4nico de alcance intermedi\u00e1rio\u00a0durante um ataque em solo ucraniano. O proj\u00e9til carregou ogivas convencionais, mas \u00e9 capaz de levar material nuclear.<\/p>\n\n\n\n<p>O lan\u00e7amento aconteceu ap\u00f3s a Ucr\u00e2nia fazer uma\u00a0ofensiva dentro do territ\u00f3rio russo\u00a0usando armamentos fabricados por pot\u00eancias ocidentais, como os Estados Unidos, o Reino Unido e a Fran\u00e7a.<\/p>\n\n\n\n<p>A intelig\u00eancia ocidental denuncia que a R\u00fassia est\u00e1 usando\u00a0tropas da Coreia do Norte\u00a0no conflito na Ucr\u00e2nia. Moscou e Pyongyang n\u00e3o negam, nem confirmam o relato.<\/p>\n\n\n\n<p>O presidente Vladimir Putin, que\u00a0substituiu seu ministro da Defesa em maio, disse que as for\u00e7as russas est\u00e3o\u00a0avan\u00e7ando muito mais efetivamente\u00a0\u2013 e que a R\u00fassia alcan\u00e7ar\u00e1 todos os seus objetivos na Ucr\u00e2nia, embora ele n\u00e3o tenha dado detalhes.<\/p>\n\n\n\n<p>O presidente ucraniano, Volodymyr Zelensky, disse acreditar que os principais objetivos de Putin s\u00e3o ocupar toda a regi\u00e3o de Donbass, abrangendo as regi\u00f5es de Donetsk e Luhansk, e expulsar as tropas ucranianas da regi\u00e3o de Kursk, na R\u00fassia, das quais controlam partes desde agosto.<\/p>\n\n\n\n<p><em>Fonte: CNN<\/em><\/p>\n","protected":false},"excerpt":{"rendered":"<p>Autoridade morreu em explos\u00e3o do lado de fora de um pr\u00e9dio de apartamentos pr\u00f3ximo ao Kremlin<\/p>\n","protected":false},"author":2,"featured_media":66252,"comment_status":"open","ping_status":"open","sticky":false,"template":"","format":"standard","meta":{"om_disable_all_campaigns":false,"_monsterinsights_skip_tracking":false,"_monsterinsights_sitenote_active":false,"_monsterinsights_sitenote_note":"","_monsterinsights_sitenote_category":0,"footnotes":""},"categories":[70,35,69,22],"tags":[100,71,48,75,4178,4180,129,107,4181,206,132,230,339,106,203,120,51,109,88,47,826,111,190,3331],"class_list":["post-66250","post","type-post","status-publish","format-standard","has-post-thumbnail","hentry","category-destaques","category-mundo","category-noticias2","category-seguranca","tag-adustina","tag-antas","tag-araci","tag-cicero-dantas","tag-cipo-2","tag-crisopolis-2","tag-euclides-da-cunha","tag-fatima","tag-heliopolis-2","tag-homicidio","tag-itapicuru","tag-jeremoabo","tag-mundo","tag-nova-soure","tag-novo-triunfo","tag-olindina","tag-paripiranga","tag-quijingue","tag-ribeira-do-amparo","tag-ribeira-do-pombal","tag-russia","tag-sitio-do-quinto","tag-tucano","tag-ucrania"],"aioseo_notices":[],"_links":{"self":[{"href":"https:\/\/www.portalalerta.com.br\/index.php\/wp-json\/wp\/v2\/posts\/66250","targetHints":{"allow":["GET"]}}],"collection":[{"href":"https:\/\/www.portalalerta.com.br\/index.php\/wp-json\/wp\/v2\/posts"}],"about":[{"href":"https:\/\/www.portalalerta.com.br\/index.php\/wp-json\/wp\/v2\/types\/post"}],"author":[{"embeddable":true,"href":"https:\/\/www.portalalerta.com.br\/index.php\/wp-json\/wp\/v2\/users\/2"}],"replies":[{"embeddable":true,"href":"https:\/\/www.portalalerta.com.br\/index.php\/wp-json\/wp\/v2\/comments?post=66250"}],"version-history":[{"count":2,"href":"https:\/\/www.portalalerta.com.br\/index.php\/wp-json\/wp\/v2\/posts\/66250\/revisions"}],"predecessor-version":[{"id":66256,"href":"https:\/\/www.portalalerta.com.br\/index.php\/wp-json\/wp\/v2\/posts\/66250\/revisions\/66256"}],"wp:featuredmedia":[{"embeddable":true,"href":"https:\/\/www.portalalerta.com.br\/index.php\/wp-json\/wp\/v2\/media\/66252"}],"wp:attachment":[{"href":"https:\/\/www.portalalerta.com.br\/index.php\/wp-json\/wp\/v2\/media?parent=66250"}],"wp:term":[{"taxonomy":"category","embeddable":true,"href":"https:\/\/www.portalalerta.com.br\/index.php\/wp-json\/wp\/v2\/categories?post=66250"},{"taxonomy":"post_tag","embeddable":true,"href":"https:\/\/www.portalalerta.com.br\/index.php\/wp-json\/wp\/v2\/tags?post=66250"}],"curies":[{"name":"wp","href":"https:\/\/api.w.org\/{rel}","templated":true}]}}