{"id":66365,"date":"2024-12-20T01:05:29","date_gmt":"2024-12-20T04:05:29","guid":{"rendered":"https:\/\/www.portalalerta.com.br\/?p=66365"},"modified":"2024-12-20T02:39:11","modified_gmt":"2024-12-20T05:39:11","slug":"em-noite-de-homenagens-vereador-faz-discurso-racista-na-camara-municipal-de-ribeira-do-pombal-ba","status":"publish","type":"post","link":"https:\/\/www.portalalerta.com.br\/index.php\/2024\/12\/20\/em-noite-de-homenagens-vereador-faz-discurso-racista-na-camara-municipal-de-ribeira-do-pombal-ba\/","title":{"rendered":"Em noite de homenagens, vereador faz discurso racista na C\u00e2mara Municipal de Ribeira do Pombal-BA"},"content":{"rendered":"\n<p>A \u00faltima sess\u00e3o da C\u00e2mara de Vereadores de Ribeira do Pombal-BA de 2024, ocorrida na noite da \u00faltima quinta-feira (19), era pra ser marcada por homenagens, aos cidad\u00e3os Honor\u00e1rios e Benem\u00e9ritos da cidade.<\/p>\n\n\n\n<!--more-->\n\n\n\n<p>Estas honrarias s\u00e3o dadas pelos edis ap\u00f3s indica\u00e7\u00e3o e aprova\u00e7\u00e3o da casa, demonstrando a import\u00e2ncia dos agraciados \u00e0 referida cidade, e s\u00e3o ofertadas tanto aos nascidos no munic\u00edpio, quanto para os que chegaram e se instalaram no mesmo.<\/p>\n\n\n<div class=\"wp-block-image\">\n<figure class=\"alignleft size-large is-resized\"><img fetchpriority=\"high\" decoding=\"async\" src=\"https:\/\/www.portalalerta.com.br\/wp-content\/uploads\/2024\/12\/Sabino-Carrinho-de-mao-1024x1024.jpeg\" alt=\"\" class=\"wp-image-65525\" width=\"398\" height=\"398\" srcset=\"https:\/\/www.portalalerta.com.br\/wp-content\/uploads\/2024\/12\/Sabino-Carrinho-de-mao-1024x1024.jpeg 1024w, https:\/\/www.portalalerta.com.br\/wp-content\/uploads\/2024\/12\/Sabino-Carrinho-de-mao-240x240.jpeg 240w, https:\/\/www.portalalerta.com.br\/wp-content\/uploads\/2024\/12\/Sabino-Carrinho-de-mao-768x768.jpeg 768w, https:\/\/www.portalalerta.com.br\/wp-content\/uploads\/2024\/12\/Sabino-Carrinho-de-mao.jpeg 1080w\" sizes=\"(max-width: 398px) 100vw, 398px\" \/><\/figure><\/div>\n\n\n<p>Entre os homenageados estavam Caio Anjos e Yuri Moreno, ambos filhos de Dr. Roberval, que s\u00e3o respons\u00e1veis por um dos maiores Laborat\u00f3rios de An\u00e1lises Cl\u00ednicas da regi\u00e3o, o Laborat\u00f3rio ELAB. O Reconhecimento aos irm\u00e3os, foi uma iniciativa da vereadora Narjara Andrade.<\/p>\n\n\n\n<p>Ap\u00f3s as respectivas entregas dos t\u00edtulos, bem como os discursos dos agraciados, foi dada oportunidade para que os vereadores se pronunciassem, e tamb\u00e9m rendessem as suas homenagens em reconhecimento aos cidad\u00e3os em tela. Mas infelizmente n\u00e3o foi isso que aconteceu.<\/p>\n\n\n\n<p>O primeiro a discursar foi o vereador Marcelo Brito (MDB), e fez uma introdu\u00e7\u00e3o, se dirigindo a todos os homenageados, que de forma resumida, falou que todos eles tinham motivos de se orgulhar, porque s\u00e3o conterr\u00e2neos de grandes nomes pombalenses, profissionais de diversas \u00e1reas mas que se destacaram ao longo da hist\u00f3ria. Por\u00e9m ao se dirigir aos irm\u00e3os, Marcelo fez uma refer\u00eancia ao seu pai, Dr. Roberval, e utilizou as seguintes palavras: <strong><em>\u201cEu tenho orgulho. Seu pai n\u00e3o \u00e9 negro, seu pai \u00e9 branco, porque tem boas pr\u00e1ticas, boas li\u00e7\u00f5es, tem honra. Desde quando chegou a Ribeira do Pombal, ma\u00e7onicamente conhe\u00e7o o seu irm\u00e3o. Nunca ouvir um deslize de Dr. Roberval, me lembro&#8230;\u201d.<\/em><\/strong><\/p>\n\n\n\n<p>O \u00fanico vereador que foi em defesa de Dr. Roberval e contra Marcelo em rela\u00e7\u00e3o ao caso, foi o vereador Reinivaldo (Nego Ri). Na sequ\u00eancia, Marcelo retornou \u00e0 tribuna e refor\u00e7ou o seu discurso, em que voltou a dizer que &#8220;Dr. Roberval \u00e9 negro por fora, mas branco por dentro&#8221;. Confira o toda repercuss\u00e3o: <\/p>\n\n\n\n<figure class=\"wp-block-embed is-type-video is-provider-youtube wp-block-embed-youtube wp-embed-aspect-4-3 wp-has-aspect-ratio\"><div class=\"wp-block-embed__wrapper\">\n<iframe title=\"Em noite de homenagens, vereador faz discurso racista na C\u00e2mara Municipal de Ribeira do Pombal-BA\" width=\"500\" height=\"375\" src=\"https:\/\/www.youtube.com\/embed\/Nf-QPNiY1EE?feature=oembed\" frameborder=\"0\" allow=\"accelerometer; autoplay; clipboard-write; encrypted-media; gyroscope; picture-in-picture; web-share\" referrerpolicy=\"strict-origin-when-cross-origin\" allowfullscreen><\/iframe>\n<\/div><\/figure>\n\n\n\n<p><em>Reda\u00e7\u00e3o: Portal Alerta<\/em><\/p>\n","protected":false},"excerpt":{"rendered":"<p>A \u00faltima sess\u00e3o da C\u00e2mara de Vereadores de Ribeira do Pombal-BA de 2024, ocorrida na noite da \u00faltima quinta-feira (19), era pra ser marcada por homenagens, aos cidad\u00e3os Honor\u00e1rios e Benem\u00e9ritos da cidade.<\/p>\n","protected":false},"author":2,"featured_media":66366,"comment_status":"open","ping_status":"open","sticky":false,"template":"","format":"standard","meta":{"om_disable_all_campaigns":false,"_monsterinsights_skip_tracking":false,"_monsterinsights_sitenote_active":false,"_monsterinsights_sitenote_note":"","_monsterinsights_sitenote_category":0,"footnotes":""},"categories":[70,69,21,32,3,68],"tags":[100,71,48,75,4178,4180,129,107,4181,1271,132,230,106,203,120,51,109,331,88,47,111,190,80],"class_list":["post-66365","post","type-post","status-publish","format-standard","has-post-thumbnail","hentry","category-destaques","category-noticias2","category-politica","category-regiao","category-ribeira-do-pombal","category-videos","tag-adustina","tag-antas","tag-araci","tag-cicero-dantas","tag-cipo-2","tag-crisopolis-2","tag-euclides-da-cunha","tag-fatima","tag-heliopolis-2","tag-homenagem","tag-itapicuru","tag-jeremoabo","tag-nova-soure","tag-novo-triunfo","tag-olindina","tag-paripiranga","tag-quijingue","tag-racismo","tag-ribeira-do-amparo","tag-ribeira-do-pombal","tag-sitio-do-quinto","tag-tucano","tag-vereador"],"aioseo_notices":[],"_links":{"self":[{"href":"https:\/\/www.portalalerta.com.br\/index.php\/wp-json\/wp\/v2\/posts\/66365","targetHints":{"allow":["GET"]}}],"collection":[{"href":"https:\/\/www.portalalerta.com.br\/index.php\/wp-json\/wp\/v2\/posts"}],"about":[{"href":"https:\/\/www.portalalerta.com.br\/index.php\/wp-json\/wp\/v2\/types\/post"}],"author":[{"embeddable":true,"href":"https:\/\/www.portalalerta.com.br\/index.php\/wp-json\/wp\/v2\/users\/2"}],"replies":[{"embeddable":true,"href":"https:\/\/www.portalalerta.com.br\/index.php\/wp-json\/wp\/v2\/comments?post=66365"}],"version-history":[{"count":4,"href":"https:\/\/www.portalalerta.com.br\/index.php\/wp-json\/wp\/v2\/posts\/66365\/revisions"}],"predecessor-version":[{"id":66384,"href":"https:\/\/www.portalalerta.com.br\/index.php\/wp-json\/wp\/v2\/posts\/66365\/revisions\/66384"}],"wp:featuredmedia":[{"embeddable":true,"href":"https:\/\/www.portalalerta.com.br\/index.php\/wp-json\/wp\/v2\/media\/66366"}],"wp:attachment":[{"href":"https:\/\/www.portalalerta.com.br\/index.php\/wp-json\/wp\/v2\/media?parent=66365"}],"wp:term":[{"taxonomy":"category","embeddable":true,"href":"https:\/\/www.portalalerta.com.br\/index.php\/wp-json\/wp\/v2\/categories?post=66365"},{"taxonomy":"post_tag","embeddable":true,"href":"https:\/\/www.portalalerta.com.br\/index.php\/wp-json\/wp\/v2\/tags?post=66365"}],"curies":[{"name":"wp","href":"https:\/\/api.w.org\/{rel}","templated":true}]}}