{"id":66404,"date":"2024-12-22T19:35:08","date_gmt":"2024-12-22T22:35:08","guid":{"rendered":"https:\/\/www.portalalerta.com.br\/?p=66404"},"modified":"2024-12-22T19:35:10","modified_gmt":"2024-12-22T22:35:10","slug":"policia-captura-foragido-da-delegacia-de-olindina-ba","status":"publish","type":"post","link":"https:\/\/www.portalalerta.com.br\/index.php\/2024\/12\/22\/policia-captura-foragido-da-delegacia-de-olindina-ba\/","title":{"rendered":"Pol\u00edcia captura foragido da Delegacia de Olindina-BA"},"content":{"rendered":"\n<p>Por volta das 16h da \u00faltima ter\u00e7a-feira (17), policiais militares do Pelot\u00e3o de Emprego T\u00e1tico Operacional (PETO\/ 6\u00aa CIPM), capturaram um foragido da carceragem da Delegacia de Pol\u00edcia Civil de Olindina-BA.<\/p>\n\n\n\n<!--more-->\n\n\n<div class=\"wp-block-image\">\n<figure class=\"alignleft size-large is-resized\"><img fetchpriority=\"high\" decoding=\"async\" src=\"https:\/\/www.portalalerta.com.br\/wp-content\/uploads\/2024\/04\/autoescola-emprego-1024x1024.jpg\" alt=\"\" class=\"wp-image-55693\" width=\"415\" height=\"415\" srcset=\"https:\/\/www.portalalerta.com.br\/wp-content\/uploads\/2024\/04\/autoescola-emprego-1024x1024.jpg 1024w, https:\/\/www.portalalerta.com.br\/wp-content\/uploads\/2024\/04\/autoescola-emprego-240x240.jpg 240w, https:\/\/www.portalalerta.com.br\/wp-content\/uploads\/2024\/04\/autoescola-emprego-768x768.jpg 768w, https:\/\/www.portalalerta.com.br\/wp-content\/uploads\/2024\/04\/autoescola-emprego.jpg 1080w\" sizes=\"(max-width: 415px) 100vw, 415px\" \/><\/figure><\/div>\n\n\n<p>O homem cuja identidade n\u00e3o foi divulgada, foi capturado entre os povoados Col\u00f4nia Nova em Olindina, e Lages e Inhambupe.<\/p>\n\n\n\n<p>Ap\u00f3s a pris\u00e3o, o criminoso foi conduzido para a Delegacia de Pol\u00edcia Civil, para a ado\u00e7\u00e3o das medidas cab\u00edveis.<\/p>\n\n\n\n<p>A Pol\u00edcia n\u00e3o divulgou a data, tampouco as circunst\u00e2ncias da fuga.<\/p>\n\n\n\n<p><em>Reda\u00e7\u00e3o: Portal Alerta<\/em><\/p>\n","protected":false},"excerpt":{"rendered":"<p>Por volta das 16h da \u00faltima ter\u00e7a-feira (17), policiais militares do Pelot\u00e3o de Emprego T\u00e1tico Operacional (PETO\/ 6\u00aa CIPM), capturaram um foragido da carceragem da Delegacia de Pol\u00edcia Civil de Olindina-BA.<\/p>\n","protected":false},"author":2,"featured_media":55777,"comment_status":"open","ping_status":"open","sticky":false,"template":"","format":"standard","meta":{"om_disable_all_campaigns":false,"_monsterinsights_skip_tracking":false,"_monsterinsights_sitenote_active":false,"_monsterinsights_sitenote_note":"","_monsterinsights_sitenote_category":0,"footnotes":""},"categories":[70,69,15,32,22],"tags":[181,100,71,48,75,4178,4180,129,107,5255,4181,132,230,106,203,120,51,245,79,77,109,88,47,111,190],"class_list":["post-66404","post","type-post","status-publish","format-standard","has-post-thumbnail","hentry","category-destaques","category-noticias2","category-olindina","category-regiao","category-seguranca","tag-6a-cipm","tag-adustina","tag-antas","tag-araci","tag-cicero-dantas","tag-cipo-2","tag-crisopolis-2","tag-euclides-da-cunha","tag-fatima","tag-fuga-de-presos","tag-heliopolis-2","tag-itapicuru","tag-jeremoabo","tag-nova-soure","tag-novo-triunfo","tag-olindina","tag-paripiranga","tag-peto","tag-policia-militar","tag-preso","tag-quijingue","tag-ribeira-do-amparo","tag-ribeira-do-pombal","tag-sitio-do-quinto","tag-tucano"],"aioseo_notices":[],"_links":{"self":[{"href":"https:\/\/www.portalalerta.com.br\/index.php\/wp-json\/wp\/v2\/posts\/66404","targetHints":{"allow":["GET"]}}],"collection":[{"href":"https:\/\/www.portalalerta.com.br\/index.php\/wp-json\/wp\/v2\/posts"}],"about":[{"href":"https:\/\/www.portalalerta.com.br\/index.php\/wp-json\/wp\/v2\/types\/post"}],"author":[{"embeddable":true,"href":"https:\/\/www.portalalerta.com.br\/index.php\/wp-json\/wp\/v2\/users\/2"}],"replies":[{"embeddable":true,"href":"https:\/\/www.portalalerta.com.br\/index.php\/wp-json\/wp\/v2\/comments?post=66404"}],"version-history":[{"count":1,"href":"https:\/\/www.portalalerta.com.br\/index.php\/wp-json\/wp\/v2\/posts\/66404\/revisions"}],"predecessor-version":[{"id":66405,"href":"https:\/\/www.portalalerta.com.br\/index.php\/wp-json\/wp\/v2\/posts\/66404\/revisions\/66405"}],"wp:featuredmedia":[{"embeddable":true,"href":"https:\/\/www.portalalerta.com.br\/index.php\/wp-json\/wp\/v2\/media\/55777"}],"wp:attachment":[{"href":"https:\/\/www.portalalerta.com.br\/index.php\/wp-json\/wp\/v2\/media?parent=66404"}],"wp:term":[{"taxonomy":"category","embeddable":true,"href":"https:\/\/www.portalalerta.com.br\/index.php\/wp-json\/wp\/v2\/categories?post=66404"},{"taxonomy":"post_tag","embeddable":true,"href":"https:\/\/www.portalalerta.com.br\/index.php\/wp-json\/wp\/v2\/tags?post=66404"}],"curies":[{"name":"wp","href":"https:\/\/api.w.org\/{rel}","templated":true}]}}