{"id":66465,"date":"2024-12-23T06:00:00","date_gmt":"2024-12-23T09:00:00","guid":{"rendered":"https:\/\/www.portalalerta.com.br\/?p=66465"},"modified":"2024-12-23T00:38:14","modified_gmt":"2024-12-23T03:38:14","slug":"vereador-pombalense-se-desculpa-apos-discurso-racista","status":"publish","type":"post","link":"https:\/\/www.portalalerta.com.br\/index.php\/2024\/12\/23\/vereador-pombalense-se-desculpa-apos-discurso-racista\/","title":{"rendered":"Vereador pombalense se desculpa ap\u00f3s discurso racista"},"content":{"rendered":"\n<p>Ap\u00f3s a repercuss\u00e3o nacional de suas falas durante a sess\u00e3o solene na C\u00e2mara de Vereadores de Ribeira do Pombal-BA, o vereador Marcelo Brito (MDB) emitiu uma nota p\u00fablica ainda na sexta-feira (20), reconhecendo a infelicidade de suas palavras e pedindo desculpas a todos que se sentiram ofendidos. <strong><a href=\"https:\/\/www.portalalerta.com.br\/index.php\/2024\/12\/20\/em-noite-de-homenagens-vereador-faz-discurso-racista-na-camara-municipal-de-ribeira-do-pombal-ba\/\" title=\"\">Entenda o caso<\/a><\/strong><\/p>\n\n\n\n<!--more-->\n\n\n\n<p>No comunicado, Marcelo Brito lamentou o ocorrido, dizendo: <strong><em>\u201cPe\u00e7o desculpas, de cora\u00e7\u00e3o, a todos que se sentiram ofendidos. Tenho plena consci\u00eancia de que minha trajet\u00f3ria p\u00fablica reflete o compromisso de nunca agir de maneira preconceituosa\u201d.<\/em><\/strong> &nbsp;O vereador tamb\u00e9m destacou sua admira\u00e7\u00e3o por Dr. Roberval, o homenageado durante a sess\u00e3o, classificando-o como um <strong><em>\u201cprofissional de excel\u00eancia, pai exemplar e pilar da comunidade\u201d<\/em><\/strong>. Ainda refor\u00e7ou que n\u00e3o teve inten\u00e7\u00e3o de desmerecer a hist\u00f3ria ou realizar coment\u00e1rios que pudessem ser interpretados de forma negativa.<\/p>\n\n\n\n<p>Marcelo Brito afirmou que o epis\u00f3dio trouxe um aprendizado e renovou seu compromisso com uma postura mais respons\u00e1vel e sens\u00edvel, e disse: <strong><em>\u201cReitero meu pedido de desculpas com a convic\u00e7\u00e3o de que n\u00e3o sou, e jamais serei, racista\u201d<\/em><\/strong>. A declara\u00e7\u00e3o ocorre em meio \u00e0 repercuss\u00e3o do caso, que ganhou destaque nas redes sociais e na m\u00eddia nacional. A C\u00e2mara Municipal j\u00e1 havia emitido uma nota oficial repudiando as falas do vereador, e entidades e personalidades p\u00fablicas tamb\u00e9m se manifestaram contra o epis\u00f3dio.<\/p>\n\n\n\n<p><em>Fonte: Dia a Dia Nordeste<\/em><\/p>\n","protected":false},"excerpt":{"rendered":"<p>Ap\u00f3s a repercuss\u00e3o nacional de suas falas durante a sess\u00e3o solene na C\u00e2mara de Vereadores de Ribeira do Pombal-BA, o vereador Marcelo Brito (MDB) emitiu uma nota p\u00fablica ainda na sexta-feira (20), reconhecendo a infelicidade de suas palavras e pedindo desculpas a todos que se sentiram ofendidos. Entenda o caso<\/p>\n","protected":false},"author":2,"featured_media":66366,"comment_status":"open","ping_status":"open","sticky":false,"template":"","format":"standard","meta":{"om_disable_all_campaigns":false,"_monsterinsights_skip_tracking":false,"_monsterinsights_sitenote_active":false,"_monsterinsights_sitenote_note":"","_monsterinsights_sitenote_category":0,"footnotes":""},"categories":[70,69,21,32,3],"tags":[100,71,48,75,4178,4180,129,107,4181,132,230,811,106,203,120,51,109,331,88,47,111,190,80],"class_list":["post-66465","post","type-post","status-publish","format-standard","has-post-thumbnail","hentry","category-destaques","category-noticias2","category-politica","category-regiao","category-ribeira-do-pombal","tag-adustina","tag-antas","tag-araci","tag-cicero-dantas","tag-cipo-2","tag-crisopolis-2","tag-euclides-da-cunha","tag-fatima","tag-heliopolis-2","tag-itapicuru","tag-jeremoabo","tag-marcelo-brito","tag-nova-soure","tag-novo-triunfo","tag-olindina","tag-paripiranga","tag-quijingue","tag-racismo","tag-ribeira-do-amparo","tag-ribeira-do-pombal","tag-sitio-do-quinto","tag-tucano","tag-vereador"],"aioseo_notices":[],"_links":{"self":[{"href":"https:\/\/www.portalalerta.com.br\/index.php\/wp-json\/wp\/v2\/posts\/66465","targetHints":{"allow":["GET"]}}],"collection":[{"href":"https:\/\/www.portalalerta.com.br\/index.php\/wp-json\/wp\/v2\/posts"}],"about":[{"href":"https:\/\/www.portalalerta.com.br\/index.php\/wp-json\/wp\/v2\/types\/post"}],"author":[{"embeddable":true,"href":"https:\/\/www.portalalerta.com.br\/index.php\/wp-json\/wp\/v2\/users\/2"}],"replies":[{"embeddable":true,"href":"https:\/\/www.portalalerta.com.br\/index.php\/wp-json\/wp\/v2\/comments?post=66465"}],"version-history":[{"count":1,"href":"https:\/\/www.portalalerta.com.br\/index.php\/wp-json\/wp\/v2\/posts\/66465\/revisions"}],"predecessor-version":[{"id":66466,"href":"https:\/\/www.portalalerta.com.br\/index.php\/wp-json\/wp\/v2\/posts\/66465\/revisions\/66466"}],"wp:featuredmedia":[{"embeddable":true,"href":"https:\/\/www.portalalerta.com.br\/index.php\/wp-json\/wp\/v2\/media\/66366"}],"wp:attachment":[{"href":"https:\/\/www.portalalerta.com.br\/index.php\/wp-json\/wp\/v2\/media?parent=66465"}],"wp:term":[{"taxonomy":"category","embeddable":true,"href":"https:\/\/www.portalalerta.com.br\/index.php\/wp-json\/wp\/v2\/categories?post=66465"},{"taxonomy":"post_tag","embeddable":true,"href":"https:\/\/www.portalalerta.com.br\/index.php\/wp-json\/wp\/v2\/tags?post=66465"}],"curies":[{"name":"wp","href":"https:\/\/api.w.org\/{rel}","templated":true}]}}