{"id":66621,"date":"2024-12-27T11:01:00","date_gmt":"2024-12-27T14:01:00","guid":{"rendered":"https:\/\/www.portalalerta.com.br\/?p=66621"},"modified":"2024-12-27T04:15:23","modified_gmt":"2024-12-27T07:15:23","slug":"suspeito-de-tentar-matar-mulher-com-facao-em-araci-e-preso-em-sao-paulo-crime-ocorreu-em-2021","status":"publish","type":"post","link":"https:\/\/www.portalalerta.com.br\/index.php\/2024\/12\/27\/suspeito-de-tentar-matar-mulher-com-facao-em-araci-e-preso-em-sao-paulo-crime-ocorreu-em-2021\/","title":{"rendered":"Suspeito de tentar matar mulher com fac\u00e3o em Araci \u00e9 preso em S\u00e3o Paulo; crime ocorreu em 2021"},"content":{"rendered":"\n<p>Um homem de 30 anos, suspeito de tentativa de homic\u00eddio contra uma mulher na zona rural de Araci, regi\u00e3o sisaleira da Bahia, foi preso na tarde desta quinta-feira (26) em S\u00e3o Paulo. A a\u00e7\u00e3o foi realizada em conjunto por equipes da Pol\u00edcia Civil da Bahia e da capital paulista.<\/p>\n\n\n\n<!--more-->\n\n\n\n<p>De acordo com a Pol\u00edcia Civil, o crime ocorreu em 26 de outubro de 2021, no distrito Jo\u00e3o Vieira. O suspeito e um adolescente, ambos armados com fac\u00f5es, invadiram a casa da v\u00edtima. A mulher foi arrastada para fora da resid\u00eancia e agredida com diversos golpes, al\u00e9m de ter os cabelos cortados. As filhas da v\u00edtima, de 3, 7 e 12 anos, presenciaram o ataque.<\/p>\n\n\n<div class=\"wp-block-image\">\n<figure class=\"alignleft size-large is-resized\"><img fetchpriority=\"high\" decoding=\"async\" src=\"https:\/\/www.portalalerta.com.br\/wp-content\/uploads\/2024\/04\/autoescola-emprego-1024x1024.jpg\" alt=\"\" class=\"wp-image-55693\" width=\"485\" height=\"485\" srcset=\"https:\/\/www.portalalerta.com.br\/wp-content\/uploads\/2024\/04\/autoescola-emprego-1024x1024.jpg 1024w, https:\/\/www.portalalerta.com.br\/wp-content\/uploads\/2024\/04\/autoescola-emprego-240x240.jpg 240w, https:\/\/www.portalalerta.com.br\/wp-content\/uploads\/2024\/04\/autoescola-emprego-768x768.jpg 768w, https:\/\/www.portalalerta.com.br\/wp-content\/uploads\/2024\/04\/autoescola-emprego.jpg 1080w\" sizes=\"(max-width: 485px) 100vw, 485px\" \/><\/figure><\/div>\n\n\n<p>Na \u00e9poca do crime, a mulher foi socorrida para o hospital municipal de Araci e, em seguida, transferida para o Hospital Geral do Estado (HGE), em Salvador, devido \u00e0 gravidade dos ferimentos. Desde ent\u00e3o, o homem era considerado foragido.<\/p>\n\n\n\n<p>A investiga\u00e7\u00e3o aponta que a tentativa de homic\u00eddio teria sido motivada por um desentendimento entre a m\u00e3e do suspeito e a v\u00edtima.<\/p>\n\n\n\n<p>O mandado de pris\u00e3o preventiva contra o homem foi expedido pelo juiz Jos\u00e9 de Souza Brand\u00e3o Netto, da comarca de Araci, a pedido do delegado Hidelbrando Alves. O suspeito foi localizado na Vila Romana, zona oeste de S\u00e3o Paulo, e levado para o 7\u00ba Distrito Policial da Lapa, onde permaneceu custodiado \u00e0 disposi\u00e7\u00e3o da Justi\u00e7a.<\/p>\n\n\n\n<p>A pol\u00edcia informou tamb\u00e9m que o adolescente que participou da tentativa de homic\u00eddio contra a mulher foi assassinado algum tempo depois, mas n\u00e3o divulgou detalhes sobre a morte.<\/p>\n\n\n\n<p><em>Fonte: Not\u00edcias de SantaLuz<\/em><\/p>\n","protected":false},"excerpt":{"rendered":"<p>Um homem de 30 anos, suspeito de tentativa de homic\u00eddio contra uma mulher na zona rural de Araci, regi\u00e3o sisaleira da Bahia, foi preso na tarde desta quinta-feira (26) em S\u00e3o Paulo. A a\u00e7\u00e3o foi realizada em conjunto por equipes da Pol\u00edcia Civil da Bahia e da capital paulista.<\/p>\n","protected":false},"author":2,"featured_media":29393,"comment_status":"open","ping_status":"open","sticky":false,"template":"","format":"standard","meta":{"om_disable_all_campaigns":false,"_monsterinsights_skip_tracking":false,"_monsterinsights_sitenote_active":false,"_monsterinsights_sitenote_note":"","_monsterinsights_sitenote_category":0,"footnotes":""},"categories":[41,34,70,69,32,22],"tags":[100,71,48,75,4178,4180,129,1014,107,4181,132,230,106,203,120,51,109,88,47,404,111,105,190],"class_list":["post-66621","post","type-post","status-publish","format-standard","has-post-thumbnail","hentry","category-araci","category-brasil","category-destaques","category-noticias2","category-regiao","category-seguranca","tag-adustina","tag-antas","tag-araci","tag-cicero-dantas","tag-cipo-2","tag-crisopolis-2","tag-euclides-da-cunha","tag-facao","tag-fatima","tag-heliopolis-2","tag-itapicuru","tag-jeremoabo","tag-nova-soure","tag-novo-triunfo","tag-olindina","tag-paripiranga","tag-quijingue","tag-ribeira-do-amparo","tag-ribeira-do-pombal","tag-sao-paulo","tag-sitio-do-quinto","tag-tentativa-de-homicidio","tag-tucano"],"aioseo_notices":[],"_links":{"self":[{"href":"https:\/\/www.portalalerta.com.br\/index.php\/wp-json\/wp\/v2\/posts\/66621","targetHints":{"allow":["GET"]}}],"collection":[{"href":"https:\/\/www.portalalerta.com.br\/index.php\/wp-json\/wp\/v2\/posts"}],"about":[{"href":"https:\/\/www.portalalerta.com.br\/index.php\/wp-json\/wp\/v2\/types\/post"}],"author":[{"embeddable":true,"href":"https:\/\/www.portalalerta.com.br\/index.php\/wp-json\/wp\/v2\/users\/2"}],"replies":[{"embeddable":true,"href":"https:\/\/www.portalalerta.com.br\/index.php\/wp-json\/wp\/v2\/comments?post=66621"}],"version-history":[{"count":2,"href":"https:\/\/www.portalalerta.com.br\/index.php\/wp-json\/wp\/v2\/posts\/66621\/revisions"}],"predecessor-version":[{"id":66623,"href":"https:\/\/www.portalalerta.com.br\/index.php\/wp-json\/wp\/v2\/posts\/66621\/revisions\/66623"}],"wp:featuredmedia":[{"embeddable":true,"href":"https:\/\/www.portalalerta.com.br\/index.php\/wp-json\/wp\/v2\/media\/29393"}],"wp:attachment":[{"href":"https:\/\/www.portalalerta.com.br\/index.php\/wp-json\/wp\/v2\/media?parent=66621"}],"wp:term":[{"taxonomy":"category","embeddable":true,"href":"https:\/\/www.portalalerta.com.br\/index.php\/wp-json\/wp\/v2\/categories?post=66621"},{"taxonomy":"post_tag","embeddable":true,"href":"https:\/\/www.portalalerta.com.br\/index.php\/wp-json\/wp\/v2\/tags?post=66621"}],"curies":[{"name":"wp","href":"https:\/\/api.w.org\/{rel}","templated":true}]}}