{"id":66833,"date":"2025-01-03T18:06:56","date_gmt":"2025-01-03T21:06:56","guid":{"rendered":"https:\/\/www.portalalerta.com.br\/?p=66833"},"modified":"2025-01-03T18:06:57","modified_gmt":"2025-01-03T21:06:57","slug":"prefeito-de-ribeira-do-pombal-ba-publica-novas-nomeacoes-para-administracao-municipal","status":"publish","type":"post","link":"https:\/\/www.portalalerta.com.br\/index.php\/2025\/01\/03\/prefeito-de-ribeira-do-pombal-ba-publica-novas-nomeacoes-para-administracao-municipal\/","title":{"rendered":"Prefeito de Ribeira do Pombal-BA publica novas nomea\u00e7\u00f5es para administra\u00e7\u00e3o municipal"},"content":{"rendered":"\n<p>Ap\u00f3s ser empossado como prefeito reeleito de Ribeira do Pombal-BA, e ter definido os nomes que ir\u00e3o compor o secretariado municipal, Eriksson Silva nomeou novos membros para diretorias e chefias em sua nova gest\u00e3o.<\/p>\n\n\n\n<!--more-->\n\n\n<div class=\"wp-block-image\">\n<figure class=\"alignleft size-large is-resized\"><img fetchpriority=\"high\" decoding=\"async\" src=\"https:\/\/www.portalalerta.com.br\/wp-content\/uploads\/2024\/12\/Sabino-Carrinho-de-mao-1024x1024.jpeg\" alt=\"\" class=\"wp-image-65525\" width=\"426\" height=\"426\" srcset=\"https:\/\/www.portalalerta.com.br\/wp-content\/uploads\/2024\/12\/Sabino-Carrinho-de-mao-1024x1024.jpeg 1024w, https:\/\/www.portalalerta.com.br\/wp-content\/uploads\/2024\/12\/Sabino-Carrinho-de-mao-240x240.jpeg 240w, https:\/\/www.portalalerta.com.br\/wp-content\/uploads\/2024\/12\/Sabino-Carrinho-de-mao-768x768.jpeg 768w, https:\/\/www.portalalerta.com.br\/wp-content\/uploads\/2024\/12\/Sabino-Carrinho-de-mao.jpeg 1080w\" sizes=\"(max-width: 426px) 100vw, 426px\" \/><\/figure><\/div>\n\n\n<p>A publica\u00e7\u00e3o foi feita no Di\u00e1rio Oficial, e contemplou nomes bastante conhecidos na pol\u00edtica pombalense. <strong>Confira:<\/strong><\/p>\n\n\n\n<p><strong>Chefe de Gabinete \u2013 <\/strong>Marcelo Silva, <strong>Assessores Especiais<\/strong> \u2013 Junior Fonseca e Sandro Aguiar; <strong>Chefe da Garagem \u2013<\/strong> Frai de Demar; <strong>Diretor de Obras \u2013<\/strong> Rom\u00e1rio Lanches; <strong>Diretor de Comunica\u00e7\u00e3o \u2013<\/strong> Cleisson Cardoso; <strong>Assessor de Comunica\u00e7\u00e3o \u2013<\/strong> Mikael Gama; e <strong>Procurador Municipal \u2013<\/strong> Beto Gon\u00e7alves.<\/p>\n\n\n\n<p><em>Reda\u00e7\u00e3o: Portal Alerta<\/em><\/p>\n","protected":false},"excerpt":{"rendered":"<p>Ap\u00f3s ser empossado como prefeito reeleito de Ribeira do Pombal-BA, e ter definido os nomes que ir\u00e3o compor o secretariado municipal, Eriksson Silva nomeou novos membros para diretorias e chefias em sua nova gest\u00e3o.<\/p>\n","protected":false},"author":2,"featured_media":39270,"comment_status":"open","ping_status":"open","sticky":false,"template":"","format":"standard","meta":{"om_disable_all_campaigns":false,"_monsterinsights_skip_tracking":false,"_monsterinsights_sitenote_active":false,"_monsterinsights_sitenote_note":"","_monsterinsights_sitenote_category":0,"footnotes":""},"categories":[70,69,21,32,3],"tags":[100,71,48,75,4178,4180,129,107,4181,132,230,2625,106,203,120,51,109,88,47,111,190],"class_list":["post-66833","post","type-post","status-publish","format-standard","has-post-thumbnail","hentry","category-destaques","category-noticias2","category-politica","category-regiao","category-ribeira-do-pombal","tag-adustina","tag-antas","tag-araci","tag-cicero-dantas","tag-cipo-2","tag-crisopolis-2","tag-euclides-da-cunha","tag-fatima","tag-heliopolis-2","tag-itapicuru","tag-jeremoabo","tag-nomeacao","tag-nova-soure","tag-novo-triunfo","tag-olindina","tag-paripiranga","tag-quijingue","tag-ribeira-do-amparo","tag-ribeira-do-pombal","tag-sitio-do-quinto","tag-tucano"],"aioseo_notices":[],"_links":{"self":[{"href":"https:\/\/www.portalalerta.com.br\/index.php\/wp-json\/wp\/v2\/posts\/66833","targetHints":{"allow":["GET"]}}],"collection":[{"href":"https:\/\/www.portalalerta.com.br\/index.php\/wp-json\/wp\/v2\/posts"}],"about":[{"href":"https:\/\/www.portalalerta.com.br\/index.php\/wp-json\/wp\/v2\/types\/post"}],"author":[{"embeddable":true,"href":"https:\/\/www.portalalerta.com.br\/index.php\/wp-json\/wp\/v2\/users\/2"}],"replies":[{"embeddable":true,"href":"https:\/\/www.portalalerta.com.br\/index.php\/wp-json\/wp\/v2\/comments?post=66833"}],"version-history":[{"count":1,"href":"https:\/\/www.portalalerta.com.br\/index.php\/wp-json\/wp\/v2\/posts\/66833\/revisions"}],"predecessor-version":[{"id":66835,"href":"https:\/\/www.portalalerta.com.br\/index.php\/wp-json\/wp\/v2\/posts\/66833\/revisions\/66835"}],"wp:featuredmedia":[{"embeddable":true,"href":"https:\/\/www.portalalerta.com.br\/index.php\/wp-json\/wp\/v2\/media\/39270"}],"wp:attachment":[{"href":"https:\/\/www.portalalerta.com.br\/index.php\/wp-json\/wp\/v2\/media?parent=66833"}],"wp:term":[{"taxonomy":"category","embeddable":true,"href":"https:\/\/www.portalalerta.com.br\/index.php\/wp-json\/wp\/v2\/categories?post=66833"},{"taxonomy":"post_tag","embeddable":true,"href":"https:\/\/www.portalalerta.com.br\/index.php\/wp-json\/wp\/v2\/tags?post=66833"}],"curies":[{"name":"wp","href":"https:\/\/api.w.org\/{rel}","templated":true}]}}