{"id":66996,"date":"2025-01-05T17:44:30","date_gmt":"2025-01-05T20:44:30","guid":{"rendered":"https:\/\/www.portalalerta.com.br\/?p=66996"},"modified":"2025-01-05T17:44:31","modified_gmt":"2025-01-05T20:44:31","slug":"prefeito-de-euclides-da-cunha-ba-mantem-secretariado-e-reconduz-diego-costa-a-sua-antiga-pasta","status":"publish","type":"post","link":"https:\/\/www.portalalerta.com.br\/index.php\/2025\/01\/05\/prefeito-de-euclides-da-cunha-ba-mantem-secretariado-e-reconduz-diego-costa-a-sua-antiga-pasta\/","title":{"rendered":"Prefeito de Euclides da Cunha-BA mant\u00e9m secretariado e reconduz Diego Costa \u00e0 sua antiga pasta"},"content":{"rendered":"\n<p>Foi oficializada na manh\u00e3 desta sexta-feira (03) pelo atual prefeito de Euclides da Cunha, Heldinho Macedo (PDT), a decis\u00e3o de manter todos os secret\u00e1rios municipais em suas respectivas pastas.<\/p>\n\n\n\n<!--more-->\n\n\n\n<p>O an\u00fancio foi publicado nas redes sociais ap\u00f3s uma reuni\u00e3o realizada no gabinete da prefeitura, fortalecendo a continuidade da equipe da gest\u00e3o anterior administrada pelo ex-prefeito Luciano Pinheiro (PDT).<\/p>\n\n\n<div class=\"wp-block-image\">\n<figure class=\"alignleft size-large is-resized\"><img fetchpriority=\"high\" decoding=\"async\" src=\"https:\/\/www.portalalerta.com.br\/wp-content\/uploads\/2024\/12\/Sabino-Carrinho-de-mao-1024x1024.jpeg\" alt=\"\" class=\"wp-image-65525\" width=\"405\" height=\"405\" srcset=\"https:\/\/www.portalalerta.com.br\/wp-content\/uploads\/2024\/12\/Sabino-Carrinho-de-mao-1024x1024.jpeg 1024w, https:\/\/www.portalalerta.com.br\/wp-content\/uploads\/2024\/12\/Sabino-Carrinho-de-mao-240x240.jpeg 240w, https:\/\/www.portalalerta.com.br\/wp-content\/uploads\/2024\/12\/Sabino-Carrinho-de-mao-768x768.jpeg 768w, https:\/\/www.portalalerta.com.br\/wp-content\/uploads\/2024\/12\/Sabino-Carrinho-de-mao.jpeg 1080w\" sizes=\"(max-width: 405px) 100vw, 405px\" \/><\/figure><\/div>\n\n\n<p>Nesta gest\u00e3o, a \u00fanica novidade na estrutura administrativa \u00e9 a nomea\u00e7\u00e3o do ex-vereador Diego Costa para comandar a Secretaria de Governo, Comunica\u00e7\u00e3o, Esporte, Eventos e Cultura. Diego, que j\u00e1 possui experi\u00eancia na gest\u00e3o p\u00fablica, ocupou a mesma pasta durante a administra\u00e7\u00e3o do ex-prefeito Luciano Pinheiro.<\/p>\n\n\n\n<p>Permanecem: <strong>Maria Djalma Abreu<\/strong>, na Secretaria de Agricultura, Pecu\u00e1ria, Meio Ambiente e Recursos H\u00eddricos; <strong>Rafael Moura<\/strong>, em Finan\u00e7as; <strong>Anderson Fran\u00e7a<\/strong>, na Sa\u00fade; <strong>Ericson Mota<\/strong>, em Obras, Infraestrutura e Desenvolvimento Urbano; <strong>William Varj\u00e3o<\/strong>, em Administra\u00e7\u00e3o, Planejamento, Tr\u00e2nsito e Transporte; <strong>Maria das Dores<\/strong>, na Assist\u00eancia e Desenvolvimento Social; <strong>Alvany Morais<\/strong>, na Educa\u00e7\u00e3o; <strong>Vera L\u00facia Lima<\/strong>, na Procuradoria Geral; <strong>Julles Breno<\/strong>, na Chefia de Gabinete; <strong>Jo\u00e3o Neto<\/strong>, na Secretaria de Com\u00e9rcio, Ind\u00fastria, Turismo, Emprego e Renda; e <strong>Domingos Caetano<\/strong>, na Controladoria Interna.<\/p>\n\n\n\n<p>Com a equipe definida, a gest\u00e3o de Heldinho Macedo se prepara para novos desafios e reafirma o compromisso de trabalhar em prol do desenvolvimento do Munic\u00edpio de Euclides da Cunha.<\/p>\n\n\n\n<p><em>Fonte: euclidesdacunha.com.br<\/em><\/p>\n","protected":false},"excerpt":{"rendered":"<p>Foi oficializada na manh\u00e3 desta sexta-feira (03) pelo atual prefeito de Euclides da Cunha, Heldinho Macedo (PDT), a decis\u00e3o de manter todos os secret\u00e1rios municipais em suas respectivas pastas.<\/p>\n","protected":false},"author":2,"featured_media":66997,"comment_status":"open","ping_status":"open","sticky":false,"template":"","format":"standard","meta":{"om_disable_all_campaigns":false,"_monsterinsights_skip_tracking":false,"_monsterinsights_sitenote_active":false,"_monsterinsights_sitenote_note":"","_monsterinsights_sitenote_category":0,"footnotes":""},"categories":[70,17,69,21,32],"tags":[100,71,48,75,4178,4180,129,107,7443,4181,132,230,106,203,120,51,198,109,88,47,3553,111,190],"class_list":["post-66996","post","type-post","status-publish","format-standard","has-post-thumbnail","hentry","category-destaques","category-euclides-da-cunha","category-noticias2","category-politica","category-regiao","tag-adustina","tag-antas","tag-araci","tag-cicero-dantas","tag-cipo-2","tag-crisopolis-2","tag-euclides-da-cunha","tag-fatima","tag-heldinho-macedo","tag-heliopolis-2","tag-itapicuru","tag-jeremoabo","tag-nova-soure","tag-novo-triunfo","tag-olindina","tag-paripiranga","tag-prefeito","tag-quijingue","tag-ribeira-do-amparo","tag-ribeira-do-pombal","tag-secretarios","tag-sitio-do-quinto","tag-tucano"],"aioseo_notices":[],"_links":{"self":[{"href":"https:\/\/www.portalalerta.com.br\/index.php\/wp-json\/wp\/v2\/posts\/66996","targetHints":{"allow":["GET"]}}],"collection":[{"href":"https:\/\/www.portalalerta.com.br\/index.php\/wp-json\/wp\/v2\/posts"}],"about":[{"href":"https:\/\/www.portalalerta.com.br\/index.php\/wp-json\/wp\/v2\/types\/post"}],"author":[{"embeddable":true,"href":"https:\/\/www.portalalerta.com.br\/index.php\/wp-json\/wp\/v2\/users\/2"}],"replies":[{"embeddable":true,"href":"https:\/\/www.portalalerta.com.br\/index.php\/wp-json\/wp\/v2\/comments?post=66996"}],"version-history":[{"count":1,"href":"https:\/\/www.portalalerta.com.br\/index.php\/wp-json\/wp\/v2\/posts\/66996\/revisions"}],"predecessor-version":[{"id":66998,"href":"https:\/\/www.portalalerta.com.br\/index.php\/wp-json\/wp\/v2\/posts\/66996\/revisions\/66998"}],"wp:featuredmedia":[{"embeddable":true,"href":"https:\/\/www.portalalerta.com.br\/index.php\/wp-json\/wp\/v2\/media\/66997"}],"wp:attachment":[{"href":"https:\/\/www.portalalerta.com.br\/index.php\/wp-json\/wp\/v2\/media?parent=66996"}],"wp:term":[{"taxonomy":"category","embeddable":true,"href":"https:\/\/www.portalalerta.com.br\/index.php\/wp-json\/wp\/v2\/categories?post=66996"},{"taxonomy":"post_tag","embeddable":true,"href":"https:\/\/www.portalalerta.com.br\/index.php\/wp-json\/wp\/v2\/tags?post=66996"}],"curies":[{"name":"wp","href":"https:\/\/api.w.org\/{rel}","templated":true}]}}