{"id":67676,"date":"2025-01-14T20:43:27","date_gmt":"2025-01-14T23:43:27","guid":{"rendered":"https:\/\/www.portalalerta.com.br\/?p=67676"},"modified":"2025-01-14T20:43:29","modified_gmt":"2025-01-14T23:43:29","slug":"governo-autoriza-envio-da-forca-nacional-a-rondonia","status":"publish","type":"post","link":"https:\/\/www.portalalerta.com.br\/index.php\/2025\/01\/14\/governo-autoriza-envio-da-forca-nacional-a-rondonia\/","title":{"rendered":"Governo autoriza envio da For\u00e7a Nacional a Rond\u00f4nia"},"content":{"rendered":"\n<p>Capital do estado enfrenta crise na seguran\u00e7a p\u00fablica; \u00f4nibus foram incendiados<\/p>\n\n\n\n<!--more-->\n\n\n\n<p>Uma portaria do Minist\u00e9rio da Justi\u00e7a e Seguran\u00e7a P\u00fablica, assinada nesta ter\u00e7a-feira (14), autoriza o emprego da For\u00e7a Nacional em Porto Velho (RO).<\/p>\n\n\n\n<p>O efetivo vai atuar em apoio ao governo local, com o objetivo de preservar a ordem p\u00fablica e garantir a seguran\u00e7a das pessoas e do patrim\u00f4nio.<\/p>\n\n\n\n<p>A medida \u00e9 uma resposta aos recentes incidentes que resultaram na interrup\u00e7\u00e3o da circula\u00e7\u00e3o de \u00f4nibus na capital, ap\u00f3s ve\u00edculos serem incendiados. A portaria prev\u00ea o emprego da tropa por um per\u00edodo inicial de 90 dias.<\/p>\n\n\n\n<p>O quantitativo de profissionais que v\u00e3o compor o efetivo obedecer\u00e1 ao planejamento definido pela Diretoria da For\u00e7a Nacional de Seguran\u00e7a P\u00fablica, da Secretaria Nacional de Seguran\u00e7a P\u00fablica (Senasp).<\/p>\n\n\n\n<p>Segundo o MJSP, agentes da For\u00e7a Nacional atuam no estado desde setembro de 2024 em a\u00e7\u00e3o de combate a queimadas e crimes ambientais.<\/p>\n\n\n\n<p><strong>Onda de crimes<\/strong><\/p>\n\n\n\n<p>A capital de Rond\u00f4nia, Porto Velho, amanheceu sem transporte coletivo nesta ter\u00e7a-feira (14) ap\u00f3s uma s\u00e9rie de ataques de inc\u00eandios a \u00f4nibus.<\/p>\n\n\n\n<p>Os atos resultaram na paralisa\u00e7\u00e3o completa do servi\u00e7o e deixaram milhares de passageiros sem op\u00e7\u00e3o de deslocamento.<\/p>\n\n\n\n<p><em>Fonte: CNN<\/em><\/p>\n","protected":false},"excerpt":{"rendered":"<p>Capital do estado enfrenta crise na seguran\u00e7a p\u00fablica; \u00f4nibus foram incendiados<\/p>\n","protected":false},"author":2,"featured_media":67677,"comment_status":"open","ping_status":"open","sticky":false,"template":"","format":"standard","meta":{"om_disable_all_campaigns":false,"_monsterinsights_skip_tracking":false,"_monsterinsights_sitenote_active":false,"_monsterinsights_sitenote_note":"","_monsterinsights_sitenote_category":0,"footnotes":""},"categories":[34,70,69,22],"tags":[100,71,48,93,75,4178,162,4180,129,107,2043,4181,132,230,106,203,120,51,109,88,47,2482,111,190],"class_list":["post-67676","post","type-post","status-publish","format-standard","has-post-thumbnail","hentry","category-brasil","category-destaques","category-noticias2","category-seguranca","tag-adustina","tag-antas","tag-araci","tag-brasil","tag-cicero-dantas","tag-cipo-2","tag-crime-organizado","tag-crisopolis-2","tag-euclides-da-cunha","tag-fatima","tag-forca-nacional","tag-heliopolis-2","tag-itapicuru","tag-jeremoabo","tag-nova-soure","tag-novo-triunfo","tag-olindina","tag-paripiranga","tag-quijingue","tag-ribeira-do-amparo","tag-ribeira-do-pombal","tag-rondonia","tag-sitio-do-quinto","tag-tucano"],"aioseo_notices":[],"_links":{"self":[{"href":"https:\/\/www.portalalerta.com.br\/index.php\/wp-json\/wp\/v2\/posts\/67676","targetHints":{"allow":["GET"]}}],"collection":[{"href":"https:\/\/www.portalalerta.com.br\/index.php\/wp-json\/wp\/v2\/posts"}],"about":[{"href":"https:\/\/www.portalalerta.com.br\/index.php\/wp-json\/wp\/v2\/types\/post"}],"author":[{"embeddable":true,"href":"https:\/\/www.portalalerta.com.br\/index.php\/wp-json\/wp\/v2\/users\/2"}],"replies":[{"embeddable":true,"href":"https:\/\/www.portalalerta.com.br\/index.php\/wp-json\/wp\/v2\/comments?post=67676"}],"version-history":[{"count":1,"href":"https:\/\/www.portalalerta.com.br\/index.php\/wp-json\/wp\/v2\/posts\/67676\/revisions"}],"predecessor-version":[{"id":67678,"href":"https:\/\/www.portalalerta.com.br\/index.php\/wp-json\/wp\/v2\/posts\/67676\/revisions\/67678"}],"wp:featuredmedia":[{"embeddable":true,"href":"https:\/\/www.portalalerta.com.br\/index.php\/wp-json\/wp\/v2\/media\/67677"}],"wp:attachment":[{"href":"https:\/\/www.portalalerta.com.br\/index.php\/wp-json\/wp\/v2\/media?parent=67676"}],"wp:term":[{"taxonomy":"category","embeddable":true,"href":"https:\/\/www.portalalerta.com.br\/index.php\/wp-json\/wp\/v2\/categories?post=67676"},{"taxonomy":"post_tag","embeddable":true,"href":"https:\/\/www.portalalerta.com.br\/index.php\/wp-json\/wp\/v2\/tags?post=67676"}],"curies":[{"name":"wp","href":"https:\/\/api.w.org\/{rel}","templated":true}]}}