{"id":67774,"date":"2025-01-16T17:07:56","date_gmt":"2025-01-16T20:07:56","guid":{"rendered":"https:\/\/www.portalalerta.com.br\/?p=67774"},"modified":"2025-01-16T20:15:24","modified_gmt":"2025-01-16T23:15:24","slug":"mulher-e-assassinada-a-tiros-em-fatima-ba-e-policia-suspeita-de-latrocinio","status":"publish","type":"post","link":"https:\/\/www.portalalerta.com.br\/index.php\/2025\/01\/16\/mulher-e-assassinada-a-tiros-em-fatima-ba-e-policia-suspeita-de-latrocinio\/","title":{"rendered":"Mulher \u00e9 assassinada a tiros em F\u00e1tima-BA e pol\u00edcia suspeita de latroc\u00ednio"},"content":{"rendered":"\n<p>Na manh\u00e3 da \u00faltima quarta-feira (15) uma mulher foi assassinada a tiros no povoado Alto dos Nunes, regi\u00e3o do Povoado Formigueiro, zona rural de F\u00e1tima-BA.<\/p>\n\n\n\n<!--more-->\n\n\n<div class=\"wp-block-image\">\n<figure class=\"alignleft size-large is-resized\"><img fetchpriority=\"high\" decoding=\"async\" src=\"https:\/\/www.portalalerta.com.br\/wp-content\/uploads\/2024\/04\/autoescola-emprego-1024x1024.jpg\" alt=\"\" class=\"wp-image-55693\" width=\"349\" height=\"349\" srcset=\"https:\/\/www.portalalerta.com.br\/wp-content\/uploads\/2024\/04\/autoescola-emprego-1024x1024.jpg 1024w, https:\/\/www.portalalerta.com.br\/wp-content\/uploads\/2024\/04\/autoescola-emprego-240x240.jpg 240w, https:\/\/www.portalalerta.com.br\/wp-content\/uploads\/2024\/04\/autoescola-emprego-768x768.jpg 768w, https:\/\/www.portalalerta.com.br\/wp-content\/uploads\/2024\/04\/autoescola-emprego.jpg 1080w\" sizes=\"(max-width: 349px) 100vw, 349px\" \/><\/figure><\/div>\n\n\n<p>O caso foi informado aos profissionais de seguran\u00e7a p\u00fablica da cidade, que se dirigiram at\u00e9 o local, onde constataram a veracidade da informa\u00e7\u00e3o. A v\u00edtima, foi identificada como Josefa Elma Jesus Neves, 43 anos, e foi atingida pelos disparos, nas costas, tendo o seu \u00f3bito confirmado ainda no local.<\/p>\n\n\n\n<p>De acordo com uma testemunha, dois homens a bordo de uma moto Honda CG, cujos dados n\u00e3o foram divulgados, teriam anunciado o assalto, momento em que Josefa correu em dire\u00e7\u00e3o \u00e0 testemunha gritando afirmando est\u00e1 acontecendo um roubo. Na ocasi\u00e3o, os criminosos teriam efetuado os disparos, fugindo logo na sequ\u00eancia para um destino ignorado. Foram realizadas buscas na regi\u00e3o, por\u00e9m at\u00e9 o fechamento desta mat\u00e9ria n\u00e3o havia relatos de pris\u00f5es dos suspeitos.<\/p>\n\n\n\n<p>A Pol\u00edcia Civil investiga o caso, tendo como principal suspeita a hip\u00f3tese de latroc\u00ednio, mas ainda sem pistas da autoria. Este o primeiro homic\u00eddio ocorrido no munic\u00edpio em 2025. Vale ressaltar, que F\u00e1tima-BA foi a cidade que teve o maior aumento de assassinatos em rela\u00e7\u00e3o ao ano anterior. Em 2024 foram 05 homic\u00eddios no total, quatro a mais que em 2023, representando um aumento de 400%.<\/p>\n\n\n\n<figure class=\"wp-block-embed is-type-video is-provider-youtube wp-block-embed-youtube wp-embed-aspect-4-3 wp-has-aspect-ratio\"><div class=\"wp-block-embed__wrapper\">\n<iframe title=\"Mulher \u00e9 assassinada a tiros em F\u00e1tima-BA e pol\u00edcia suspeita de latroc\u00ednio\" width=\"500\" height=\"375\" src=\"https:\/\/www.youtube.com\/embed\/sxycGyvsmYw?feature=oembed\" frameborder=\"0\" allow=\"accelerometer; autoplay; clipboard-write; encrypted-media; gyroscope; picture-in-picture; web-share\" referrerpolicy=\"strict-origin-when-cross-origin\" allowfullscreen><\/iframe>\n<\/div><\/figure>\n\n\n\n<p><em>Reda\u00e7\u00e3o: Portal Alerta<\/em><\/p>\n","protected":false},"excerpt":{"rendered":"<p>Na manh\u00e3 da \u00faltima quarta-feira (15) uma mulher foi assassinada a tiros no povoado Alto dos Nunes, regi\u00e3o do Povoado Formigueiro, zona rural de F\u00e1tima-BA.<\/p>\n","protected":false},"author":2,"featured_media":13265,"comment_status":"open","ping_status":"open","sticky":false,"template":"","format":"standard","meta":{"om_disable_all_campaigns":false,"_monsterinsights_skip_tracking":false,"_monsterinsights_sitenote_active":false,"_monsterinsights_sitenote_note":"","_monsterinsights_sitenote_category":0,"footnotes":""},"categories":[70,10,69,32,22,68],"tags":[100,71,48,75,4178,4180,129,107,4181,206,132,230,1547,106,203,120,51,109,88,47,111,190],"class_list":["post-67774","post","type-post","status-publish","format-standard","has-post-thumbnail","hentry","category-destaques","category-fatima","category-noticias2","category-regiao","category-seguranca","category-videos","tag-adustina","tag-antas","tag-araci","tag-cicero-dantas","tag-cipo-2","tag-crisopolis-2","tag-euclides-da-cunha","tag-fatima","tag-heliopolis-2","tag-homicidio","tag-itapicuru","tag-jeremoabo","tag-latrocinio","tag-nova-soure","tag-novo-triunfo","tag-olindina","tag-paripiranga","tag-quijingue","tag-ribeira-do-amparo","tag-ribeira-do-pombal","tag-sitio-do-quinto","tag-tucano"],"aioseo_notices":[],"_links":{"self":[{"href":"https:\/\/www.portalalerta.com.br\/index.php\/wp-json\/wp\/v2\/posts\/67774","targetHints":{"allow":["GET"]}}],"collection":[{"href":"https:\/\/www.portalalerta.com.br\/index.php\/wp-json\/wp\/v2\/posts"}],"about":[{"href":"https:\/\/www.portalalerta.com.br\/index.php\/wp-json\/wp\/v2\/types\/post"}],"author":[{"embeddable":true,"href":"https:\/\/www.portalalerta.com.br\/index.php\/wp-json\/wp\/v2\/users\/2"}],"replies":[{"embeddable":true,"href":"https:\/\/www.portalalerta.com.br\/index.php\/wp-json\/wp\/v2\/comments?post=67774"}],"version-history":[{"count":3,"href":"https:\/\/www.portalalerta.com.br\/index.php\/wp-json\/wp\/v2\/posts\/67774\/revisions"}],"predecessor-version":[{"id":67828,"href":"https:\/\/www.portalalerta.com.br\/index.php\/wp-json\/wp\/v2\/posts\/67774\/revisions\/67828"}],"wp:featuredmedia":[{"embeddable":true,"href":"https:\/\/www.portalalerta.com.br\/index.php\/wp-json\/wp\/v2\/media\/13265"}],"wp:attachment":[{"href":"https:\/\/www.portalalerta.com.br\/index.php\/wp-json\/wp\/v2\/media?parent=67774"}],"wp:term":[{"taxonomy":"category","embeddable":true,"href":"https:\/\/www.portalalerta.com.br\/index.php\/wp-json\/wp\/v2\/categories?post=67774"},{"taxonomy":"post_tag","embeddable":true,"href":"https:\/\/www.portalalerta.com.br\/index.php\/wp-json\/wp\/v2\/tags?post=67774"}],"curies":[{"name":"wp","href":"https:\/\/api.w.org\/{rel}","templated":true}]}}