{"id":67781,"date":"2025-01-16T17:20:24","date_gmt":"2025-01-16T20:20:24","guid":{"rendered":"https:\/\/www.portalalerta.com.br\/?p=67781"},"modified":"2025-01-16T17:20:26","modified_gmt":"2025-01-16T20:20:26","slug":"moraes-aponta-possibilidade-de-fuga-ao-negar-passaporte-a-bolsonaro","status":"publish","type":"post","link":"https:\/\/www.portalalerta.com.br\/index.php\/2025\/01\/16\/moraes-aponta-possibilidade-de-fuga-ao-negar-passaporte-a-bolsonaro\/","title":{"rendered":"Moraes aponta \u201cpossibilidade de fuga\u201d ao negar passaporte a Bolsonaro"},"content":{"rendered":"\n<p>Defesa de ex-presidente havia solicitado documento para ir \u00e0 posse de Trump nos Estados Unidos<\/p>\n\n\n\n<!--more-->\n\n\n\n<p>O ministro Alexandre de Moraes, do Supremo Tribunal Federal (STF), apontou que as medidas impostas ao ex-presidente Jair Bolsonaro no ano passado devem permanecer porque, segundo o magistrado, h\u00e1 risco de tentativa de fuga.<\/p>\n\n\n<div class=\"wp-block-image\">\n<figure class=\"alignleft size-full is-resized\"><img fetchpriority=\"high\" decoding=\"async\" src=\"https:\/\/www.portalalerta.com.br\/wp-content\/uploads\/2025\/01\/Vola-as-aulas-Real-Calcados-2025.jpg\" alt=\"\" class=\"wp-image-67304\" width=\"397\" height=\"397\" srcset=\"https:\/\/www.portalalerta.com.br\/wp-content\/uploads\/2025\/01\/Vola-as-aulas-Real-Calcados-2025.jpg 500w, https:\/\/www.portalalerta.com.br\/wp-content\/uploads\/2025\/01\/Vola-as-aulas-Real-Calcados-2025-240x240.jpg 240w\" sizes=\"(max-width: 397px) 100vw, 397px\" \/><\/figure><\/div>\n\n\n<p><strong><em>\u201cO cen\u00e1rio que fundamentou a imposi\u00e7\u00e3o de proibi\u00e7\u00e3o de se ausentar do pa\u00eds, com entrega de passaportes, continua a indicar a possibilidade de tentativa de evas\u00e3o do indiciado JAIR MESSIAS BOLSONARO, para se furtar \u00e0 aplica\u00e7\u00e3o da lei penal\u201d<\/em><\/strong>, aponta o ministro na decis\u00e3o desta quinta-feira (16).<\/p>\n\n\n\n<p>Moraes tamb\u00e9m destaca, no documento, que o ex-presidente pode proceder <strong><em>\u201cda mesma maneira como vem defendendo a fuga do pa\u00eds e o asilo no exterior para os diversos condenados com tr\u00e2nsito em julgado pelo plen\u00e1rio do STF, em casos conexos \u00e0 presente investiga\u00e7\u00e3o\u201d<\/em><\/strong>.<\/p>\n\n\n\n<p>Esse \u00e9 um dos\u00a0argumentos do ministro para negar a devolu\u00e7\u00e3o do passaporte a Bolsonaro, que foi solicitado pela defesa do ex-presidente para que ele pudesse ir \u00e0 posse de Donald Trump nos Estados Unidos.<\/p>\n\n\n\n<p>A decis\u00e3o segue o entendimento da Procuradoria-Geral da Rep\u00fablica (PGR), que se manifestou de maneira contr\u00e1ria \u00e0 libera\u00e7\u00e3o do documento e \u00e0 autoriza\u00e7\u00e3o da viagem.<\/p>\n\n\n\n<p>O documento de Bolsonaro foi apreendido em fevereiro do ano passado pela Pol\u00edcia Federal (PF).<\/p>\n\n\n\n<p>O procurador-geral afirmou a Moraes, na quarta-feira (15), que n\u00e3o h\u00e1, no pedido da defesa de Bolsonaro, evid\u00eancia de que a viagem aos Estados Unidos <strong><em>\u201cacudiria a algum interesse vital\u201d<\/em><\/strong> do ex-presidente, <strong><em>\u201ccapaz de sobrelevar o interesse p\u00fablico que se op\u00f5e \u00e0 sa\u00edda\u201d<\/em><\/strong> dele do pa\u00eds.<\/p>\n\n\n\n<p><em>Fonte: CNN<\/em><\/p>\n","protected":false},"excerpt":{"rendered":"<p>Defesa de ex-presidente havia solicitado documento para ir \u00e0 posse de Trump nos Estados Unidos<\/p>\n","protected":false},"author":2,"featured_media":42744,"comment_status":"open","ping_status":"open","sticky":false,"template":"","format":"standard","meta":{"om_disable_all_campaigns":false,"_monsterinsights_skip_tracking":false,"_monsterinsights_sitenote_active":false,"_monsterinsights_sitenote_note":"","_monsterinsights_sitenote_category":0,"footnotes":""},"categories":[34,70,35,69,21],"tags":[100,1173,71,48,93,75,4178,4180,897,327,129,107,4181,132,1395,230,106,203,120,51,489,603,109,88,47,111,216,190],"class_list":["post-67781","post","type-post","status-publish","format-standard","has-post-thumbnail","hentry","category-brasil","category-destaques","category-mundo","category-noticias2","category-politica","tag-adustina","tag-alexandre-de-moraes","tag-antas","tag-araci","tag-brasil","tag-cicero-dantas","tag-cipo-2","tag-crisopolis-2","tag-donald-trump","tag-eua","tag-euclides-da-cunha","tag-fatima","tag-heliopolis-2","tag-itapicuru","tag-jair-bolsonaro","tag-jeremoabo","tag-nova-soure","tag-novo-triunfo","tag-olindina","tag-paripiranga","tag-passaporte","tag-posse","tag-quijingue","tag-ribeira-do-amparo","tag-ribeira-do-pombal","tag-sitio-do-quinto","tag-stf","tag-tucano"],"aioseo_notices":[],"_links":{"self":[{"href":"https:\/\/www.portalalerta.com.br\/index.php\/wp-json\/wp\/v2\/posts\/67781","targetHints":{"allow":["GET"]}}],"collection":[{"href":"https:\/\/www.portalalerta.com.br\/index.php\/wp-json\/wp\/v2\/posts"}],"about":[{"href":"https:\/\/www.portalalerta.com.br\/index.php\/wp-json\/wp\/v2\/types\/post"}],"author":[{"embeddable":true,"href":"https:\/\/www.portalalerta.com.br\/index.php\/wp-json\/wp\/v2\/users\/2"}],"replies":[{"embeddable":true,"href":"https:\/\/www.portalalerta.com.br\/index.php\/wp-json\/wp\/v2\/comments?post=67781"}],"version-history":[{"count":1,"href":"https:\/\/www.portalalerta.com.br\/index.php\/wp-json\/wp\/v2\/posts\/67781\/revisions"}],"predecessor-version":[{"id":67782,"href":"https:\/\/www.portalalerta.com.br\/index.php\/wp-json\/wp\/v2\/posts\/67781\/revisions\/67782"}],"wp:featuredmedia":[{"embeddable":true,"href":"https:\/\/www.portalalerta.com.br\/index.php\/wp-json\/wp\/v2\/media\/42744"}],"wp:attachment":[{"href":"https:\/\/www.portalalerta.com.br\/index.php\/wp-json\/wp\/v2\/media?parent=67781"}],"wp:term":[{"taxonomy":"category","embeddable":true,"href":"https:\/\/www.portalalerta.com.br\/index.php\/wp-json\/wp\/v2\/categories?post=67781"},{"taxonomy":"post_tag","embeddable":true,"href":"https:\/\/www.portalalerta.com.br\/index.php\/wp-json\/wp\/v2\/tags?post=67781"}],"curies":[{"name":"wp","href":"https:\/\/api.w.org\/{rel}","templated":true}]}}