{"id":67955,"date":"2025-01-20T20:13:43","date_gmt":"2025-01-20T23:13:43","guid":{"rendered":"https:\/\/www.portalalerta.com.br\/?p=67955"},"modified":"2025-01-20T22:09:59","modified_gmt":"2025-01-21T01:09:59","slug":"sitio-do-quinto-ba-reduziu-em-33-o-numero-de-homicidios-em-2024-em-relacao-ao-ano-anterior","status":"publish","type":"post","link":"https:\/\/www.portalalerta.com.br\/index.php\/2025\/01\/20\/sitio-do-quinto-ba-reduziu-em-33-o-numero-de-homicidios-em-2024-em-relacao-ao-ano-anterior\/","title":{"rendered":"S\u00edtio do Quinto-BA reduziu em 33% o n\u00famero de homic\u00eddios em 2024, em rela\u00e7\u00e3o ao ano anterior"},"content":{"rendered":"\n<p>Em 2024, S\u00edtio do Quinto-BA registrou apenas 02 homic\u00eddios em todo o ano, um a menos que em 2023, representando uma redu\u00e7\u00e3o de 33%.<\/p>\n\n\n\n<!--more-->\n\n\n\n<p>Atualmente S\u00edtio do Quinto \u00e9 habitada por 14.773 pessoas, de acordo com a \u00faltima estimativa do IBGE. Desta forma, analisando em propor\u00e7\u00e3o, ficou com uma m\u00e9dia de 13 homic\u00eddios para cada 100.000 habitantes.<\/p>\n\n\n\n<p>Vale ressaltar que estes dados s\u00e3o baseados em mat\u00e9rias jornal\u00edsticas do site PORTAL ALERTA, n\u00e3o incluindo mortes por interven\u00e7\u00f5es policiais e tentativas de homic\u00eddios que evolu\u00edram a \u00f3bito, o que podem ser contestadas pelas autoridades policiais.<\/p>\n\n\n\n<p><strong>Confira o Mapa:<\/strong><\/p>\n\n\n<div class=\"wp-block-image\">\n<figure class=\"aligncenter size-full\"><img fetchpriority=\"high\" decoding=\"async\" width=\"500\" height=\"414\" src=\"https:\/\/www.portalalerta.com.br\/wp-content\/uploads\/2025\/01\/mancha-criminal-em-Sitio-do-Quinto-2024.jpg\" alt=\"\" class=\"wp-image-67957\" srcset=\"https:\/\/www.portalalerta.com.br\/wp-content\/uploads\/2025\/01\/mancha-criminal-em-Sitio-do-Quinto-2024.jpg 500w, https:\/\/www.portalalerta.com.br\/wp-content\/uploads\/2025\/01\/mancha-criminal-em-Sitio-do-Quinto-2024-290x240.jpg 290w\" sizes=\"(max-width: 500px) 100vw, 500px\" \/><\/figure><\/div>\n\n\n<p><a href=\"https:\/\/www.portalalerta.com.br\/index.php\/2024\/02\/21\/sitio-do-quinto-ba-registra-o-primeiro-homicidio-do-ano-2\/\"><strong>1 \u2013 Joeldo Santana Campos, 36 anos, em 20\/02\/2024<\/strong><\/a><strong><\/strong><\/p>\n\n\n\n<p><strong>Local:<\/strong> Rua S\u00e3o Jo\u00e3o, 98<\/p>\n\n\n\n<p><strong>Meio Utilizado:<\/strong> Arma de fogo<\/p>\n\n\n\n<p><strong>Poss\u00edvel Motiva\u00e7\u00e3o:<\/strong> Crime Organizado<\/p>\n\n\n\n<p><a href=\"https:\/\/www.portalalerta.com.br\/index.php\/2024\/07\/27\/homem-e-esfaqueado-ate-a-morte-em-sitio-do-quinto-ba\/\"><strong>2 \u2013 Daniel, em 27\/07\/2024<\/strong><\/a><strong><\/strong><\/p>\n\n\n\n<p><strong>Local:<\/strong> N\u00e3o Informado<\/p>\n\n\n\n<p><strong>Meio Utilizado:<\/strong> Facada<\/p>\n\n\n\n<p><strong>Poss\u00edvel Motiva\u00e7\u00e3o: <\/strong>Desconhecida<\/p>\n\n\n\n<p><\/p>\n\n\n\n<p><strong>Confira o Gr\u00e1fico comparativo entre os anos 2023 e 2024:<\/strong><\/p>\n\n\n<div class=\"wp-block-image\">\n<figure class=\"aligncenter size-full\"><img decoding=\"async\" width=\"550\" height=\"330\" src=\"https:\/\/www.portalalerta.com.br\/wp-content\/uploads\/2025\/01\/Comparativo-mensal-de-homicidios-em-Sitio-do-Quinto-2023-e-2024.jpg\" alt=\"\" class=\"wp-image-67956\" srcset=\"https:\/\/www.portalalerta.com.br\/wp-content\/uploads\/2025\/01\/Comparativo-mensal-de-homicidios-em-Sitio-do-Quinto-2023-e-2024.jpg 550w, https:\/\/www.portalalerta.com.br\/wp-content\/uploads\/2025\/01\/Comparativo-mensal-de-homicidios-em-Sitio-do-Quinto-2023-e-2024-400x240.jpg 400w\" sizes=\"(max-width: 550px) 100vw, 550px\" \/><\/figure><\/div>\n\n\n<figure class=\"wp-block-embed is-type-video is-provider-youtube wp-block-embed-youtube wp-embed-aspect-4-3 wp-has-aspect-ratio\"><div class=\"wp-block-embed__wrapper\">\n<iframe title=\"S\u00edtio do Quinto-BA reduziu em 33% o n\u00famero de homic\u00eddios em 2024, em rela\u00e7\u00e3o ao ano anterior\" width=\"422\" height=\"750\" src=\"https:\/\/www.youtube.com\/embed\/TD0hoMAy1Qs?feature=oembed\" frameborder=\"0\" allow=\"accelerometer; autoplay; clipboard-write; encrypted-media; gyroscope; picture-in-picture; web-share\" referrerpolicy=\"strict-origin-when-cross-origin\" allowfullscreen><\/iframe>\n<\/div><\/figure>\n\n\n\n<p><em>Reda\u00e7\u00e3o: Porta Alerta<\/em><\/p>\n","protected":false},"excerpt":{"rendered":"<p>Em 2024, S\u00edtio do Quinto-BA registrou apenas 02 homic\u00eddios em todo o ano, um a menos que em 2023, representando uma redu\u00e7\u00e3o de 33%.<\/p>\n","protected":false},"author":2,"featured_media":24928,"comment_status":"open","ping_status":"open","sticky":false,"template":"","format":"standard","meta":{"om_disable_all_campaigns":false,"_monsterinsights_skip_tracking":false,"_monsterinsights_sitenote_active":false,"_monsterinsights_sitenote_note":"","_monsterinsights_sitenote_category":0,"footnotes":""},"categories":[70,69,32,22,7,68],"tags":[6538,100,71,48,75,4178,4180,129,107,4181,2074,132,230,500,439,106,203,120,51,109,88,47,111,190],"class_list":["post-67955","post","type-post","status-publish","format-standard","has-post-thumbnail","hentry","category-destaques","category-noticias2","category-regiao","category-seguranca","category-sitio-do-quinto","category-videos","tag-6538","tag-adustina","tag-antas","tag-araci","tag-cicero-dantas","tag-cipo-2","tag-crisopolis-2","tag-euclides-da-cunha","tag-fatima","tag-heliopolis-2","tag-homicidios","tag-itapicuru","tag-jeremoabo","tag-mancha-criminal","tag-mortes","tag-nova-soure","tag-novo-triunfo","tag-olindina","tag-paripiranga","tag-quijingue","tag-ribeira-do-amparo","tag-ribeira-do-pombal","tag-sitio-do-quinto","tag-tucano"],"aioseo_notices":[],"_links":{"self":[{"href":"https:\/\/www.portalalerta.com.br\/index.php\/wp-json\/wp\/v2\/posts\/67955","targetHints":{"allow":["GET"]}}],"collection":[{"href":"https:\/\/www.portalalerta.com.br\/index.php\/wp-json\/wp\/v2\/posts"}],"about":[{"href":"https:\/\/www.portalalerta.com.br\/index.php\/wp-json\/wp\/v2\/types\/post"}],"author":[{"embeddable":true,"href":"https:\/\/www.portalalerta.com.br\/index.php\/wp-json\/wp\/v2\/users\/2"}],"replies":[{"embeddable":true,"href":"https:\/\/www.portalalerta.com.br\/index.php\/wp-json\/wp\/v2\/comments?post=67955"}],"version-history":[{"count":2,"href":"https:\/\/www.portalalerta.com.br\/index.php\/wp-json\/wp\/v2\/posts\/67955\/revisions"}],"predecessor-version":[{"id":67989,"href":"https:\/\/www.portalalerta.com.br\/index.php\/wp-json\/wp\/v2\/posts\/67955\/revisions\/67989"}],"wp:featuredmedia":[{"embeddable":true,"href":"https:\/\/www.portalalerta.com.br\/index.php\/wp-json\/wp\/v2\/media\/24928"}],"wp:attachment":[{"href":"https:\/\/www.portalalerta.com.br\/index.php\/wp-json\/wp\/v2\/media?parent=67955"}],"wp:term":[{"taxonomy":"category","embeddable":true,"href":"https:\/\/www.portalalerta.com.br\/index.php\/wp-json\/wp\/v2\/categories?post=67955"},{"taxonomy":"post_tag","embeddable":true,"href":"https:\/\/www.portalalerta.com.br\/index.php\/wp-json\/wp\/v2\/tags?post=67955"}],"curies":[{"name":"wp","href":"https:\/\/api.w.org\/{rel}","templated":true}]}}