{"id":67963,"date":"2025-01-20T20:46:57","date_gmt":"2025-01-20T23:46:57","guid":{"rendered":"https:\/\/www.portalalerta.com.br\/?p=67963"},"modified":"2025-01-20T20:46:59","modified_gmt":"2025-01-20T23:46:59","slug":"homem-sofre-emboscada-e-e-baleado-na-zona-rural-de-araci-ba","status":"publish","type":"post","link":"https:\/\/www.portalalerta.com.br\/index.php\/2025\/01\/20\/homem-sofre-emboscada-e-e-baleado-na-zona-rural-de-araci-ba\/","title":{"rendered":"Homem sofre emboscada e \u00e9 baleado na zona rural de Araci-BA"},"content":{"rendered":"\n<p>Varcio Barreto Santos, de 38 anos, conhecido como Jacu, foi baleado na tarde do \u00faltimo domingo (19) no povoado Ro\u00e7a de Dentro, em Araci-BA.<\/p>\n\n\n\n<!--more-->\n\n\n<div class=\"wp-block-image\">\n<figure class=\"alignleft size-full is-resized\"><img fetchpriority=\"high\" decoding=\"async\" src=\"https:\/\/www.portalalerta.com.br\/wp-content\/uploads\/2025\/01\/Vola-as-aulas-Real-Calcados-2025.jpg\" alt=\"\" class=\"wp-image-67304\" width=\"370\" height=\"370\" srcset=\"https:\/\/www.portalalerta.com.br\/wp-content\/uploads\/2025\/01\/Vola-as-aulas-Real-Calcados-2025.jpg 500w, https:\/\/www.portalalerta.com.br\/wp-content\/uploads\/2025\/01\/Vola-as-aulas-Real-Calcados-2025-240x240.jpg 240w\" sizes=\"(max-width: 370px) 100vw, 370px\" \/><\/figure><\/div>\n\n\n<p>De acordo com a Guarda Civil Municipal, uma pessoa da fam\u00edlia relatou que Varcio estava em uma motocicleta quando foi surpreendido por dois homens que chegaram em outra moto e atiraram contra ele. Ap\u00f3s os disparos, os suspeitos fugiram do local.<\/p>\n\n\n\n<p>Varcio foi socorrido por familiares e levado para o hospital de Santaluz, onde recebeu atendimento m\u00e9dico e foi estabilizado. Ele foi transferido para o Hospital Geral Cl\u00e9riston Andrade (HGCA), em Feira de Santana. O estado de sa\u00fade dele \u00e9 considerado est\u00e1vel.<\/p>\n\n\n\n<p>A autoria e a motiva\u00e7\u00e3o do crime ainda s\u00e3o desconhecidas. Al\u00e9m da Guarda Municipal, a Pol\u00edcia Militar tamb\u00e9m esteve no hospital para atender a ocorr\u00eancia.<\/p>\n\n\n\n<p><em>Fonte: Not\u00edcias de Santaluz<\/em><\/p>\n","protected":false},"excerpt":{"rendered":"<p>Varcio Barreto Santos, de 38 anos, conhecido como Jacu, foi baleado na tarde do \u00faltimo domingo (19) no povoado Ro\u00e7a de Dentro, em Araci-BA.<\/p>\n","protected":false},"author":2,"featured_media":3247,"comment_status":"open","ping_status":"open","sticky":false,"template":"","format":"standard","meta":{"om_disable_all_campaigns":false,"_monsterinsights_skip_tracking":false,"_monsterinsights_sitenote_active":false,"_monsterinsights_sitenote_note":"","_monsterinsights_sitenote_category":0,"footnotes":""},"categories":[41,70,69,32,22],"tags":[100,71,48,75,4178,4180,4066,129,107,299,4181,132,230,106,203,120,51,109,88,47,111,105,190],"class_list":["post-67963","post","type-post","status-publish","format-standard","has-post-thumbnail","hentry","category-araci","category-destaques","category-noticias2","category-regiao","category-seguranca","tag-adustina","tag-antas","tag-araci","tag-cicero-dantas","tag-cipo-2","tag-crisopolis-2","tag-emboscada","tag-euclides-da-cunha","tag-fatima","tag-ferido","tag-heliopolis-2","tag-itapicuru","tag-jeremoabo","tag-nova-soure","tag-novo-triunfo","tag-olindina","tag-paripiranga","tag-quijingue","tag-ribeira-do-amparo","tag-ribeira-do-pombal","tag-sitio-do-quinto","tag-tentativa-de-homicidio","tag-tucano"],"aioseo_notices":[],"_links":{"self":[{"href":"https:\/\/www.portalalerta.com.br\/index.php\/wp-json\/wp\/v2\/posts\/67963","targetHints":{"allow":["GET"]}}],"collection":[{"href":"https:\/\/www.portalalerta.com.br\/index.php\/wp-json\/wp\/v2\/posts"}],"about":[{"href":"https:\/\/www.portalalerta.com.br\/index.php\/wp-json\/wp\/v2\/types\/post"}],"author":[{"embeddable":true,"href":"https:\/\/www.portalalerta.com.br\/index.php\/wp-json\/wp\/v2\/users\/2"}],"replies":[{"embeddable":true,"href":"https:\/\/www.portalalerta.com.br\/index.php\/wp-json\/wp\/v2\/comments?post=67963"}],"version-history":[{"count":2,"href":"https:\/\/www.portalalerta.com.br\/index.php\/wp-json\/wp\/v2\/posts\/67963\/revisions"}],"predecessor-version":[{"id":67965,"href":"https:\/\/www.portalalerta.com.br\/index.php\/wp-json\/wp\/v2\/posts\/67963\/revisions\/67965"}],"wp:featuredmedia":[{"embeddable":true,"href":"https:\/\/www.portalalerta.com.br\/index.php\/wp-json\/wp\/v2\/media\/3247"}],"wp:attachment":[{"href":"https:\/\/www.portalalerta.com.br\/index.php\/wp-json\/wp\/v2\/media?parent=67963"}],"wp:term":[{"taxonomy":"category","embeddable":true,"href":"https:\/\/www.portalalerta.com.br\/index.php\/wp-json\/wp\/v2\/categories?post=67963"},{"taxonomy":"post_tag","embeddable":true,"href":"https:\/\/www.portalalerta.com.br\/index.php\/wp-json\/wp\/v2\/tags?post=67963"}],"curies":[{"name":"wp","href":"https:\/\/api.w.org\/{rel}","templated":true}]}}