{"id":67993,"date":"2025-01-21T20:59:04","date_gmt":"2025-01-21T23:59:04","guid":{"rendered":"https:\/\/www.portalalerta.com.br\/?p=67993"},"modified":"2025-01-21T20:59:06","modified_gmt":"2025-01-21T23:59:06","slug":"homem-e-morto-a-tiros-ao-ser-usado-como-escudo-humano-em-jeremoabo-ba","status":"publish","type":"post","link":"https:\/\/www.portalalerta.com.br\/index.php\/2025\/01\/21\/homem-e-morto-a-tiros-ao-ser-usado-como-escudo-humano-em-jeremoabo-ba\/","title":{"rendered":"Homem \u00e9 morto a tiros ao ser usado como escudo humano em Jeremoabo-BA"},"content":{"rendered":"\n<p>Na madrugada do \u00faltimo s\u00e1bado (19), por volta de 1h, dois homens armados chegaram nas proximidades do Poeir\u00e3o, na Rua Santa Clara, em Jeremoabo-BA, e efetuaram diversos disparos de arma de fogo. O alvo principal dos tiros, um homem ainda n\u00e3o identificado, tentou se proteger utilizando o senhor Valmir como escudo humano. Infelizmente, Valmir foi atingido na cabe\u00e7a e morreu no local.<\/p>\n\n\n\n<!--more-->\n\n\n<div class=\"wp-block-image\">\n<figure class=\"alignleft size-large is-resized\"><img fetchpriority=\"high\" decoding=\"async\" src=\"https:\/\/www.portalalerta.com.br\/wp-content\/uploads\/2024\/04\/autoescola-emprego-1024x1024.jpg\" alt=\"\" class=\"wp-image-55693\" width=\"420\" height=\"420\" srcset=\"https:\/\/www.portalalerta.com.br\/wp-content\/uploads\/2024\/04\/autoescola-emprego-1024x1024.jpg 1024w, https:\/\/www.portalalerta.com.br\/wp-content\/uploads\/2024\/04\/autoescola-emprego-240x240.jpg 240w, https:\/\/www.portalalerta.com.br\/wp-content\/uploads\/2024\/04\/autoescola-emprego-768x768.jpg 768w, https:\/\/www.portalalerta.com.br\/wp-content\/uploads\/2024\/04\/autoescola-emprego.jpg 1080w\" sizes=\"(max-width: 420px) 100vw, 420px\" \/><\/figure><\/div>\n\n\n<p>O homem n\u00e3o identificado foi atingido por tr\u00eas disparos e levado ao Hospital Geral de Jeremoabo, onde aguarda a libera\u00e7\u00e3o de uma vaga na UTI para ser transferido para outra unidade de sa\u00fade. Outra v\u00edtima, tamb\u00e9m baleada durante o ataque, encontra-se em estado est\u00e1vel, consciente e sem risco de morte.<br><br>A pol\u00edcia est\u00e1 investigando o caso e trabalha com a hip\u00f3tese de que o ataque esteja relacionado \u00e0 disputa entre fac\u00e7\u00f5es criminosas. 0 crime chocou a comunidade refor\u00e7ando as preocupa\u00e7\u00f5es com a escalada da viol\u00eancia na regi\u00e3o.<\/p>\n\n\n\n<p><em>Fonte: Jeremoabo Not\u00edcias<\/em><\/p>\n","protected":false},"excerpt":{"rendered":"<p>Na madrugada do \u00faltimo s\u00e1bado (19), por volta de 1h, dois homens armados chegaram nas proximidades do Poeir\u00e3o, na Rua Santa Clara, em Jeremoabo-BA, e efetuaram diversos disparos de arma de fogo. O alvo principal dos tiros, um homem ainda n\u00e3o identificado, tentou se proteger utilizando o senhor Valmir como escudo humano. Infelizmente, Valmir foi &hellip;<\/p>\n","protected":false},"author":2,"featured_media":67994,"comment_status":"open","ping_status":"open","sticky":false,"template":"","format":"standard","meta":{"om_disable_all_campaigns":false,"_monsterinsights_skip_tracking":false,"_monsterinsights_sitenote_active":false,"_monsterinsights_sitenote_note":"","_monsterinsights_sitenote_category":0,"footnotes":""},"categories":[70,9,69,32,22],"tags":[100,71,48,75,4178,4180,375,129,107,4181,206,132,230,169,106,203,120,51,109,88,47,111,190],"class_list":["post-67993","post","type-post","status-publish","format-standard","has-post-thumbnail","hentry","category-destaques","category-jeremoabo","category-noticias2","category-regiao","category-seguranca","tag-adustina","tag-antas","tag-araci","tag-cicero-dantas","tag-cipo-2","tag-crisopolis-2","tag-disparos-de-arma-de-fogo","tag-euclides-da-cunha","tag-fatima","tag-heliopolis-2","tag-homicidio","tag-itapicuru","tag-jeremoabo","tag-morte","tag-nova-soure","tag-novo-triunfo","tag-olindina","tag-paripiranga","tag-quijingue","tag-ribeira-do-amparo","tag-ribeira-do-pombal","tag-sitio-do-quinto","tag-tucano"],"aioseo_notices":[],"_links":{"self":[{"href":"https:\/\/www.portalalerta.com.br\/index.php\/wp-json\/wp\/v2\/posts\/67993","targetHints":{"allow":["GET"]}}],"collection":[{"href":"https:\/\/www.portalalerta.com.br\/index.php\/wp-json\/wp\/v2\/posts"}],"about":[{"href":"https:\/\/www.portalalerta.com.br\/index.php\/wp-json\/wp\/v2\/types\/post"}],"author":[{"embeddable":true,"href":"https:\/\/www.portalalerta.com.br\/index.php\/wp-json\/wp\/v2\/users\/2"}],"replies":[{"embeddable":true,"href":"https:\/\/www.portalalerta.com.br\/index.php\/wp-json\/wp\/v2\/comments?post=67993"}],"version-history":[{"count":1,"href":"https:\/\/www.portalalerta.com.br\/index.php\/wp-json\/wp\/v2\/posts\/67993\/revisions"}],"predecessor-version":[{"id":67995,"href":"https:\/\/www.portalalerta.com.br\/index.php\/wp-json\/wp\/v2\/posts\/67993\/revisions\/67995"}],"wp:featuredmedia":[{"embeddable":true,"href":"https:\/\/www.portalalerta.com.br\/index.php\/wp-json\/wp\/v2\/media\/67994"}],"wp:attachment":[{"href":"https:\/\/www.portalalerta.com.br\/index.php\/wp-json\/wp\/v2\/media?parent=67993"}],"wp:term":[{"taxonomy":"category","embeddable":true,"href":"https:\/\/www.portalalerta.com.br\/index.php\/wp-json\/wp\/v2\/categories?post=67993"},{"taxonomy":"post_tag","embeddable":true,"href":"https:\/\/www.portalalerta.com.br\/index.php\/wp-json\/wp\/v2\/tags?post=67993"}],"curies":[{"name":"wp","href":"https:\/\/api.w.org\/{rel}","templated":true}]}}