{"id":67996,"date":"2025-01-21T21:02:44","date_gmt":"2025-01-22T00:02:44","guid":{"rendered":"https:\/\/www.portalalerta.com.br\/?p=67996"},"modified":"2025-01-21T21:02:45","modified_gmt":"2025-01-22T00:02:45","slug":"colombia-declara-estado-de-emergencia-em-regiao-com-grupos-rebeldes","status":"publish","type":"post","link":"https:\/\/www.portalalerta.com.br\/index.php\/2025\/01\/21\/colombia-declara-estado-de-emergencia-em-regiao-com-grupos-rebeldes\/","title":{"rendered":"Col\u00f4mbia declara estado de emerg\u00eancia em regi\u00e3o com grupos rebeldes"},"content":{"rendered":"\n<p>Conflito entre guerrilheiros j\u00e1 deixou 80 mortos e 11 mil desabrigados<\/p>\n\n\n\n<!--more-->\n\n\n\n<p>O presidente da Col\u00f4mbia, Gustavo Petro, declarou na segunda-feira (20) <strong><em>\u201cestado de agita\u00e7\u00e3o interna\u201d <\/em><\/strong>e <strong><em>\u201cemerg\u00eancia econ\u00f4mica\u201d<\/em><\/strong> em uma regi\u00e3o do nordeste da Col\u00f4mbia, cen\u00e1rio de uma violenta explos\u00e3o da guerrilha do Ex\u00e9rcito de Liberta\u00e7\u00e3o Nacional (ELN) contra uma fac\u00e7\u00e3o das antigas FARC (For\u00e7as Armadas Revolucion\u00e1rias da Col\u00f4mbia) que deixou 80 mortos e 11 mil desabrigados.<\/p>\n\n\n<div class=\"wp-block-image\">\n<figure class=\"alignleft size-full is-resized\"><img fetchpriority=\"high\" decoding=\"async\" src=\"https:\/\/www.portalalerta.com.br\/wp-content\/uploads\/2025\/01\/Vola-as-aulas-Real-Calcados-2025.jpg\" alt=\"\" class=\"wp-image-67304\" width=\"397\" height=\"397\" srcset=\"https:\/\/www.portalalerta.com.br\/wp-content\/uploads\/2025\/01\/Vola-as-aulas-Real-Calcados-2025.jpg 500w, https:\/\/www.portalalerta.com.br\/wp-content\/uploads\/2025\/01\/Vola-as-aulas-Real-Calcados-2025-240x240.jpg 240w\" sizes=\"(max-width: 397px) 100vw, 397px\" \/><\/figure><\/div>\n\n\n<p>Em publica\u00e7\u00e3o feita no X, Petro declarou o estado de <strong><em>\u201cagita\u00e7\u00e3o interna e emerg\u00eancia econ\u00f4mica\u201d<\/em><\/strong> na \u00e1rea de Catatumbo e acusou as fac\u00e7\u00f5es em guerra de terem <strong><em>\u201cperdido a cabe\u00e7a\u201d<\/em><\/strong>.<\/p>\n\n\n\n<p><strong><em>\u201cEles perderam a cabe\u00e7a. A revolu\u00e7\u00e3o s\u00f3 pode ser feita com o povo e sem viol\u00eancia. A paz \u00e9 a bandeira revolucion\u00e1ria porque \u00e9 a bandeira da vida. Um estado de agita\u00e7\u00e3o interna e emerg\u00eancia econ\u00f4mica \u00e9 declarado\u201d,<\/em><\/strong> escreveu Petro. <strong><em>\u201cAguardo o apoio do judici\u00e1rio. O golpe militar sempre se desenvolver\u00e1 com a transforma\u00e7\u00e3o econ\u00f4mica das regi\u00f5es sob viol\u00eancia.\u201d<\/em><\/strong><\/p>\n\n\n\n<p>O estado de emerg\u00eancia econ\u00f4mica permitir\u00e1 ao presidente alocar rapidamente recursos financeiros para a regi\u00e3o.<\/p>\n\n\n\n<p>A\u00a0escalada de viol\u00eancia na regi\u00e3o de Catatumbo, no departamento de Norte de Santander, na fronteira com a Venezuela, \u00e9 a mais grave da hist\u00f3ria recente do pa\u00eds e provocou a decis\u00e3o de Petro de\u00a0suspender as negocia\u00e7\u00f5es de paz com o ELN.<\/p>\n\n\n\n<p><em>Fonte: CNN<\/em><\/p>\n","protected":false},"excerpt":{"rendered":"<p>Conflito entre guerrilheiros j\u00e1 deixou 80 mortos e 11 mil desabrigados<\/p>\n","protected":false},"author":2,"featured_media":67997,"comment_status":"open","ping_status":"open","sticky":false,"template":"","format":"standard","meta":{"om_disable_all_campaigns":false,"_monsterinsights_skip_tracking":false,"_monsterinsights_sitenote_active":false,"_monsterinsights_sitenote_note":"","_monsterinsights_sitenote_category":0,"footnotes":""},"categories":[70,35,69,22],"tags":[100,71,48,75,4178,992,4180,2471,129,107,6793,4181,132,230,339,106,203,120,51,109,88,47,111,190],"class_list":["post-67996","post","type-post","status-publish","format-standard","has-post-thumbnail","hentry","category-destaques","category-mundo","category-noticias2","category-seguranca","tag-adustina","tag-antas","tag-araci","tag-cicero-dantas","tag-cipo-2","tag-colombia","tag-crisopolis-2","tag-estado-de-emergencia","tag-euclides-da-cunha","tag-fatima","tag-gustavo-petro","tag-heliopolis-2","tag-itapicuru","tag-jeremoabo","tag-mundo","tag-nova-soure","tag-novo-triunfo","tag-olindina","tag-paripiranga","tag-quijingue","tag-ribeira-do-amparo","tag-ribeira-do-pombal","tag-sitio-do-quinto","tag-tucano"],"aioseo_notices":[],"_links":{"self":[{"href":"https:\/\/www.portalalerta.com.br\/index.php\/wp-json\/wp\/v2\/posts\/67996","targetHints":{"allow":["GET"]}}],"collection":[{"href":"https:\/\/www.portalalerta.com.br\/index.php\/wp-json\/wp\/v2\/posts"}],"about":[{"href":"https:\/\/www.portalalerta.com.br\/index.php\/wp-json\/wp\/v2\/types\/post"}],"author":[{"embeddable":true,"href":"https:\/\/www.portalalerta.com.br\/index.php\/wp-json\/wp\/v2\/users\/2"}],"replies":[{"embeddable":true,"href":"https:\/\/www.portalalerta.com.br\/index.php\/wp-json\/wp\/v2\/comments?post=67996"}],"version-history":[{"count":1,"href":"https:\/\/www.portalalerta.com.br\/index.php\/wp-json\/wp\/v2\/posts\/67996\/revisions"}],"predecessor-version":[{"id":67998,"href":"https:\/\/www.portalalerta.com.br\/index.php\/wp-json\/wp\/v2\/posts\/67996\/revisions\/67998"}],"wp:featuredmedia":[{"embeddable":true,"href":"https:\/\/www.portalalerta.com.br\/index.php\/wp-json\/wp\/v2\/media\/67997"}],"wp:attachment":[{"href":"https:\/\/www.portalalerta.com.br\/index.php\/wp-json\/wp\/v2\/media?parent=67996"}],"wp:term":[{"taxonomy":"category","embeddable":true,"href":"https:\/\/www.portalalerta.com.br\/index.php\/wp-json\/wp\/v2\/categories?post=67996"},{"taxonomy":"post_tag","embeddable":true,"href":"https:\/\/www.portalalerta.com.br\/index.php\/wp-json\/wp\/v2\/tags?post=67996"}],"curies":[{"name":"wp","href":"https:\/\/api.w.org\/{rel}","templated":true}]}}