{"id":68,"date":"2017-10-17T14:35:44","date_gmt":"2017-10-17T16:35:44","guid":{"rendered":"http:\/\/www.portalalerta.com.br\/?p=68"},"modified":"2017-10-17T14:35:44","modified_gmt":"2017-10-17T16:35:44","slug":"professora-pombalense-finalista-em-premiacao","status":"publish","type":"post","link":"https:\/\/www.portalalerta.com.br\/index.php\/2017\/10\/17\/professora-pombalense-finalista-em-premiacao\/","title":{"rendered":"PROFESSORA POMBALENSE FINALISTA EM PREMIA\u00c7\u00c3O"},"content":{"rendered":"<div class=\"itemIntroText\">\n<p><img fetchpriority=\"high\" decoding=\"async\" class=\"size-full wp-image-69 alignleft\" src=\"http:\/\/www.portalalerta.com.br\/wp-content\/uploads\/2017\/10\/acaodestaque2017.jpg\" alt=\"\" width=\"550\" height=\"300\" srcset=\"https:\/\/www.portalalerta.com.br\/wp-content\/uploads\/2017\/10\/acaodestaque2017.jpg 200w, https:\/\/www.portalalerta.com.br\/wp-content\/uploads\/2017\/10\/acaodestaque2017-50x27.jpg 50w, https:\/\/www.portalalerta.com.br\/wp-content\/uploads\/2017\/10\/acaodestaque2017-138x75.jpg 138w\" sizes=\"(max-width: 550px) 100vw, 550px\" \/>Na quarta-feira, 11 de setembro 2017, o SEFE \u2013 Sistema Educacional Fam\u00edlia Escola divulgou a lista dos finalistas do 7\u00ba PR\u00caMIO A\u00c7\u00c3O DESTAQUE. Na oportunidade agradeceram a todos os profissionais que se inscreveram e que, com seu trabalho, contribu\u00edram\u00a0 com a qualidade da educa\u00e7\u00e3o p\u00fablica. Parabenizaram todos os finalistas.<\/p>\n<\/div>\n<div class=\"itemFullText\">\n<p><img decoding=\"async\" src=\"http:\/\/pombalalerta.com.br\/images\/realcalcadosn.jpg\" border=\"0\" \/>O pr\u00eamio em quest\u00e3o \u00e9 divido em 11 categorias e mais uma denominada SEFE INDICA. Professores de todo o Brasil foram escolhidos, sendo que do Estado da Bahia, somente a Professora Claudiane Dantas, da rede municipal\u00a0 de ensino da Prefeitura de Ribeira do Pombal, atuando na Creche Elias Ven\u00e2ncio de Souza, foi\u00a0 classificada na CATEGORIA II com o seu trabalho denominado \u201c A CULTURA POPULAR VEIO NOS VISITAR &#8230; BRINCAMOS E EXPERIMENTAMOS\u201d,\u00a0 que dentro em breve em Curitiba.<\/p>\n<p>O SEFE \u00e9 uma empresa paranaense, atuante h\u00e1 mais de 20 anos, em diversos estados brasileiros, que desenvolveu uma proposta inovadora destinada \u00e0s escolas da rede p\u00fablica de ensino envolvendo aluno, fam\u00edlia e escola. Essa proposta, adotada pela Secret\u00e1ria de Educa\u00e7\u00e3o do Munic\u00edpio de Ribeira do Pombal, foi denominada Sistema Educacional Fam\u00edlia e Escola e tem como objetivo contribuir com as Secretarias Municipais nas a\u00e7\u00f5es pr\u00f3prias da \u00e1rea educacional.<\/p>\n<p><img decoding=\"async\" src=\"http:\/\/pombalalerta.com.br\/images\/claudianedantas.jpg\" border=\"0\" \/>No seu facebook, que tem a frase\u00a0 \u201cOrgulho de Ser Professora\u201d Claudiane Dantas fez a seguinte postagem: \u201cuuuupiiiii. ..OBRIGADA DEUS, Marcia Regina, Wagna Moura, Cidynha, Silvana Abade, Juliane, Juciara&#8230;.enfim, todos que contribu\u00edram e torceram para que eu conseguisse chegar at\u00e9 onde cheguei. N\u00e3o podendo esquecer dos principais respons\u00e1veis, meus pequeninos (Alunos). Sem palavras .Obrigada o SEFE pela oportunidade! !!. Parab\u00e9ns Professora.<\/p>\n<p><em>Fonte: Joilson Costa, R\u00e1dio Pombal FM.<\/em><\/p>\n<\/div>\n","protected":false},"excerpt":{"rendered":"<p>Na quarta-feira, 11 de setembro 2017, o SEFE \u2013 Sistema Educacional Fam\u00edlia Escola divulgou a lista dos finalistas do 7\u00ba PR\u00caMIO A\u00c7\u00c3O DESTAQUE. Na oportunidade agradeceram a todos os profissionais que se inscreveram e que, com seu trabalho, contribu\u00edram\u00a0 com a qualidade da educa\u00e7\u00e3o p\u00fablica. Parabenizaram todos os finalistas. O pr\u00eamio em quest\u00e3o \u00e9 divido &hellip;<\/p>\n","protected":false},"author":1,"featured_media":69,"comment_status":"open","ping_status":"open","sticky":false,"template":"","format":"standard","meta":{"om_disable_all_campaigns":false,"_monsterinsights_skip_tracking":false,"_monsterinsights_sitenote_active":false,"_monsterinsights_sitenote_note":"","_monsterinsights_sitenote_category":0,"footnotes":""},"categories":[3],"tags":[],"class_list":["post-68","post","type-post","status-publish","format-standard","has-post-thumbnail","hentry","category-ribeira-do-pombal"],"aioseo_notices":[],"_links":{"self":[{"href":"https:\/\/www.portalalerta.com.br\/index.php\/wp-json\/wp\/v2\/posts\/68","targetHints":{"allow":["GET"]}}],"collection":[{"href":"https:\/\/www.portalalerta.com.br\/index.php\/wp-json\/wp\/v2\/posts"}],"about":[{"href":"https:\/\/www.portalalerta.com.br\/index.php\/wp-json\/wp\/v2\/types\/post"}],"author":[{"embeddable":true,"href":"https:\/\/www.portalalerta.com.br\/index.php\/wp-json\/wp\/v2\/users\/1"}],"replies":[{"embeddable":true,"href":"https:\/\/www.portalalerta.com.br\/index.php\/wp-json\/wp\/v2\/comments?post=68"}],"version-history":[{"count":0,"href":"https:\/\/www.portalalerta.com.br\/index.php\/wp-json\/wp\/v2\/posts\/68\/revisions"}],"wp:featuredmedia":[{"embeddable":true,"href":"https:\/\/www.portalalerta.com.br\/index.php\/wp-json\/wp\/v2\/media\/69"}],"wp:attachment":[{"href":"https:\/\/www.portalalerta.com.br\/index.php\/wp-json\/wp\/v2\/media?parent=68"}],"wp:term":[{"taxonomy":"category","embeddable":true,"href":"https:\/\/www.portalalerta.com.br\/index.php\/wp-json\/wp\/v2\/categories?post=68"},{"taxonomy":"post_tag","embeddable":true,"href":"https:\/\/www.portalalerta.com.br\/index.php\/wp-json\/wp\/v2\/tags?post=68"}],"curies":[{"name":"wp","href":"https:\/\/api.w.org\/{rel}","templated":true}]}}