{"id":68345,"date":"2025-01-28T09:00:00","date_gmt":"2025-01-28T12:00:00","guid":{"rendered":"https:\/\/www.portalalerta.com.br\/?p=68345"},"modified":"2025-01-28T00:43:36","modified_gmt":"2025-01-28T03:43:36","slug":"diplomata-dos-eua-e-chamado-ao-itamaraty-para-esclarecimentos","status":"publish","type":"post","link":"https:\/\/www.portalalerta.com.br\/index.php\/2025\/01\/28\/diplomata-dos-eua-e-chamado-ao-itamaraty-para-esclarecimentos\/","title":{"rendered":"Diplomata dos EUA \u00e9 chamado ao Itamaraty para esclarecimentos"},"content":{"rendered":"\n<p>Governo brasileiro quer explica\u00e7\u00f5es sobre den\u00fancia de maus-tratos<\/p>\n\n\n\n<!--more-->\n\n\n\n<p>A secret\u00e1ria de Comunidades Brasileiras no Exterior e Assuntos Consulares e Jur\u00eddicos do Minist\u00e9rio das Rela\u00e7\u00f5es Exteriores, M\u00e1rcia Loureiro, reuniu-se na tarde desta segunda-feira (27), em Bras\u00edlia, com o encarregado de neg\u00f3cios da Embaixada dos Estados Unidos no Brasil, Gabriel Escobar, para tratar sobre a deporta\u00e7\u00e3o de brasileiros no \u00faltimo fim de semana.<\/p>\n\n\n\n<p>A convoca\u00e7\u00e3o pelo Pal\u00e1cio do Itamaraty \u00e9 um gesto diplom\u00e1tico que expressa descontentamento de um pa\u00eds com outro. A realiza\u00e7\u00e3o da reuni\u00e3o foi confirmada \u00e0&nbsp;<strong>Ag\u00eancia Brasil<\/strong>&nbsp;por fontes do governo brasileiro e tamb\u00e9m pela diplomacia norte-americana. &nbsp;<\/p>\n\n\n\n<p>Segundo os relatos, durante a reuni\u00e3o, o Itamaraty solicitou esclarecimentos do governo americano sobre o tratamento dispensado a brasileiros deportados em um voo fretado pelos Estados Unidos, que chegou ao pa\u00eds na \u00faltima sexta-feira (24).<\/p>\n\n\n<div class=\"wp-block-image\">\n<figure class=\"alignleft size-large is-resized\"><img fetchpriority=\"high\" decoding=\"async\" src=\"https:\/\/www.portalalerta.com.br\/wp-content\/uploads\/2024\/04\/autoescola-emprego-1024x1024.jpg\" alt=\"\" class=\"wp-image-55693\" width=\"435\" height=\"435\" srcset=\"https:\/\/www.portalalerta.com.br\/wp-content\/uploads\/2024\/04\/autoescola-emprego-1024x1024.jpg 1024w, https:\/\/www.portalalerta.com.br\/wp-content\/uploads\/2024\/04\/autoescola-emprego-240x240.jpg 240w, https:\/\/www.portalalerta.com.br\/wp-content\/uploads\/2024\/04\/autoescola-emprego-768x768.jpg 768w, https:\/\/www.portalalerta.com.br\/wp-content\/uploads\/2024\/04\/autoescola-emprego.jpg 1080w\" sizes=\"(max-width: 435px) 100vw, 435px\" \/><\/figure><\/div>\n\n\n<p>Os cidad\u00e3os brasileiros estavam detidos nos Estados Unidos por n\u00e3o possu\u00edrem a documenta\u00e7\u00e3o de imigra\u00e7\u00e3o exigida, e alegaram que, durante a viagem, permaneceram algemados, foram agredidos e tiveram priva\u00e7\u00e3o de banheiro e alimenta\u00e7\u00e3o. Brasil e EUA t\u00eam acordo vigente de deporta\u00e7\u00e3o, mas o tratado prev\u00ea tratamento digno e humanit\u00e1rio, o que n\u00e3o ocorreu.<\/p>\n\n\n\n<p>Ap\u00f3s uma escala t\u00e9cnica em Manaus, o governo brasileiro interveio na situa\u00e7\u00e3o, por iniciativa do presidente Luiz In\u00e1cio Lula da Silva, determinando a&nbsp;<a href=\"https:\/\/agenciabrasil.ebc.com.br\/geral\/noticia\/2025-01\/governo-brasileiro-determina-retirada-de-algemas-de-deportados-dos-eua\" target=\"_blank\" rel=\"noreferrer noopener\"><strong>retirada das algemas<\/strong><\/a>, prestando assist\u00eancia humanit\u00e1ria e enviando um avi\u00e3o da For\u00e7a A\u00e9rea Brasileira (FAB) para buscar os nacionais deportados e envi\u00e1-los at\u00e9 o destino final previsto, Belo Horizonte. O grupo desembarcou na capital mineira no s\u00e1bado (25).<\/p>\n\n\n\n<p>Esta foi a primeira leva de brasileiros deportados desde a posse do presidente Donald Trump, que prometeu toler\u00e2ncia zero com a imigra\u00e7\u00e3o ilegal no pa\u00eds. Gabriel Escobar \u00e9 atualmente o representante da diplomacia americana no Brasil, ap\u00f3s a sa\u00edda da embaixadora Elizabeth Bagley, indicada pelo governo anterior, de Joe Biden, mas que deixou o posto na capital brasileira.<br><br>\u00c0 reportagem, a Embaixada dos Estados Unidos confirmou a realiza\u00e7\u00e3o do que chamou de uma &#8220;reuni\u00e3o t\u00e9cnica&#8221; com autoridades do Minist\u00e9rio das Rela\u00e7\u00f5es Exteriores, mas n\u00e3o deu detalhes sobre o que foi conversado no encontro.<\/p>\n\n\n\n<p>Fonte: Ag\u00eancia Brasil<\/p>\n","protected":false},"excerpt":{"rendered":"<p>Governo brasileiro quer explica\u00e7\u00f5es sobre den\u00fancia de maus-tratos<\/p>\n","protected":false},"author":2,"featured_media":68344,"comment_status":"open","ping_status":"open","sticky":false,"template":"","format":"standard","meta":{"om_disable_all_campaigns":false,"_monsterinsights_skip_tracking":false,"_monsterinsights_sitenote_active":false,"_monsterinsights_sitenote_note":"","_monsterinsights_sitenote_category":0,"footnotes":""},"categories":[34,70,35,69,21],"tags":[100,71,48,93,75,4178,4180,3349,3780,327,129,107,4181,5273,132,230,339,106,203,120,51,109,88,47,111,190],"class_list":["post-68345","post","type-post","status-publish","format-standard","has-post-thumbnail","hentry","category-brasil","category-destaques","category-mundo","category-noticias2","category-politica","tag-adustina","tag-antas","tag-araci","tag-brasil","tag-cicero-dantas","tag-cipo-2","tag-crisopolis-2","tag-deportacao","tag-diplomata","tag-eua","tag-euclides-da-cunha","tag-fatima","tag-heliopolis-2","tag-itamaraty","tag-itapicuru","tag-jeremoabo","tag-mundo","tag-nova-soure","tag-novo-triunfo","tag-olindina","tag-paripiranga","tag-quijingue","tag-ribeira-do-amparo","tag-ribeira-do-pombal","tag-sitio-do-quinto","tag-tucano"],"aioseo_notices":[],"_links":{"self":[{"href":"https:\/\/www.portalalerta.com.br\/index.php\/wp-json\/wp\/v2\/posts\/68345","targetHints":{"allow":["GET"]}}],"collection":[{"href":"https:\/\/www.portalalerta.com.br\/index.php\/wp-json\/wp\/v2\/posts"}],"about":[{"href":"https:\/\/www.portalalerta.com.br\/index.php\/wp-json\/wp\/v2\/types\/post"}],"author":[{"embeddable":true,"href":"https:\/\/www.portalalerta.com.br\/index.php\/wp-json\/wp\/v2\/users\/2"}],"replies":[{"embeddable":true,"href":"https:\/\/www.portalalerta.com.br\/index.php\/wp-json\/wp\/v2\/comments?post=68345"}],"version-history":[{"count":1,"href":"https:\/\/www.portalalerta.com.br\/index.php\/wp-json\/wp\/v2\/posts\/68345\/revisions"}],"predecessor-version":[{"id":68346,"href":"https:\/\/www.portalalerta.com.br\/index.php\/wp-json\/wp\/v2\/posts\/68345\/revisions\/68346"}],"wp:featuredmedia":[{"embeddable":true,"href":"https:\/\/www.portalalerta.com.br\/index.php\/wp-json\/wp\/v2\/media\/68344"}],"wp:attachment":[{"href":"https:\/\/www.portalalerta.com.br\/index.php\/wp-json\/wp\/v2\/media?parent=68345"}],"wp:term":[{"taxonomy":"category","embeddable":true,"href":"https:\/\/www.portalalerta.com.br\/index.php\/wp-json\/wp\/v2\/categories?post=68345"},{"taxonomy":"post_tag","embeddable":true,"href":"https:\/\/www.portalalerta.com.br\/index.php\/wp-json\/wp\/v2\/tags?post=68345"}],"curies":[{"name":"wp","href":"https:\/\/api.w.org\/{rel}","templated":true}]}}