{"id":68347,"date":"2025-01-28T09:01:00","date_gmt":"2025-01-28T12:01:00","guid":{"rendered":"https:\/\/www.portalalerta.com.br\/?p=68347"},"modified":"2025-01-28T00:46:47","modified_gmt":"2025-01-28T03:46:47","slug":"homem-e-preso-por-porte-ilegal-de-arma-de-fogo-e-disparos-em-via-publica-em-euclides-da-cunha-ba","status":"publish","type":"post","link":"https:\/\/www.portalalerta.com.br\/index.php\/2025\/01\/28\/homem-e-preso-por-porte-ilegal-de-arma-de-fogo-e-disparos-em-via-publica-em-euclides-da-cunha-ba\/","title":{"rendered":"Homem \u00e9 preso por porte ilegal de arma de fogo, e disparos em via p\u00fablica, em Euclides da Cunha-BA"},"content":{"rendered":"\n<p>Nesta segunda-feira (28), policiais militares da Companhia de Emprego T\u00e1tico Operacional (CETO) do 5\u00ba Batalh\u00e3o\/ Euclides da Cunha-BA, prenderam um homem por porte ilegal de arma de fogo, e disparos em via p\u00fablica.<\/p>\n\n\n\n<!--more-->\n\n\n<div class=\"wp-block-image\">\n<figure class=\"alignleft size-full is-resized\"><img fetchpriority=\"high\" decoding=\"async\" src=\"https:\/\/www.portalalerta.com.br\/wp-content\/uploads\/2025\/01\/Vola-as-aulas-Real-Calcados-2025.jpg\" alt=\"\" class=\"wp-image-67304\" width=\"435\" height=\"435\" srcset=\"https:\/\/www.portalalerta.com.br\/wp-content\/uploads\/2025\/01\/Vola-as-aulas-Real-Calcados-2025.jpg 500w, https:\/\/www.portalalerta.com.br\/wp-content\/uploads\/2025\/01\/Vola-as-aulas-Real-Calcados-2025-240x240.jpg 240w\" sizes=\"(max-width: 435px) 100vw, 435px\" \/><\/figure><\/div>\n\n\n<p>O caso teria acontecido no \u00faltimo domingo (26), por\u00e9m os militares realizaram dilig\u00eancias com o objetivo de capturarem o autor, que foi encontrado em sua resid\u00eancia. O rapaz entregou espontaneamente a arma de fogo, um rev\u00f3lver cal. 38 que estava com todas as muni\u00e7\u00f5es intactas.<\/p>\n\n\n\n<p>Tanto o autor, quanto a arma em quest\u00e3o, foram conduzidos e apresentados na Delegacia de Pol\u00edcia Civil, para a ado\u00e7\u00e3o das medidas cab\u00edveis. O rapaz n\u00e3o teve a identidade divulgada.<\/p>\n\n\n\n<p><em>Reda\u00e7\u00e3o: Portal Alerta<\/em><\/p>\n","protected":false},"excerpt":{"rendered":"<p>Nesta segunda-feira (28), policiais militares da Companhia de Emprego T\u00e1tico Operacional (CETO) do 5\u00ba Batalh\u00e3o\/ Euclides da Cunha-BA, prenderam um homem por porte ilegal de arma de fogo, e disparos em via p\u00fablica.<\/p>\n","protected":false},"author":2,"featured_media":68348,"comment_status":"open","ping_status":"open","sticky":false,"template":"","format":"standard","meta":{"om_disable_all_campaigns":false,"_monsterinsights_skip_tracking":false,"_monsterinsights_sitenote_active":false,"_monsterinsights_sitenote_note":"","_monsterinsights_sitenote_category":0,"footnotes":""},"categories":[70,17,69,32,22],"tags":[387,100,71,48,409,75,4178,4180,375,7744,129,107,4181,132,230,106,203,120,51,83,77,109,88,47,111,190],"class_list":["post-68347","post","type-post","status-publish","format-standard","has-post-thumbnail","hentry","category-destaques","category-euclides-da-cunha","category-noticias2","category-regiao","category-seguranca","tag-5o-bpm","tag-adustina","tag-antas","tag-araci","tag-ceto","tag-cicero-dantas","tag-cipo-2","tag-crisopolis-2","tag-disparos-de-arma-de-fogo","tag-disparos-em-via-publica","tag-euclides-da-cunha","tag-fatima","tag-heliopolis-2","tag-itapicuru","tag-jeremoabo","tag-nova-soure","tag-novo-triunfo","tag-olindina","tag-paripiranga","tag-porte-ilegal-de-arma-de-fogo","tag-preso","tag-quijingue","tag-ribeira-do-amparo","tag-ribeira-do-pombal","tag-sitio-do-quinto","tag-tucano"],"aioseo_notices":[],"_links":{"self":[{"href":"https:\/\/www.portalalerta.com.br\/index.php\/wp-json\/wp\/v2\/posts\/68347","targetHints":{"allow":["GET"]}}],"collection":[{"href":"https:\/\/www.portalalerta.com.br\/index.php\/wp-json\/wp\/v2\/posts"}],"about":[{"href":"https:\/\/www.portalalerta.com.br\/index.php\/wp-json\/wp\/v2\/types\/post"}],"author":[{"embeddable":true,"href":"https:\/\/www.portalalerta.com.br\/index.php\/wp-json\/wp\/v2\/users\/2"}],"replies":[{"embeddable":true,"href":"https:\/\/www.portalalerta.com.br\/index.php\/wp-json\/wp\/v2\/comments?post=68347"}],"version-history":[{"count":1,"href":"https:\/\/www.portalalerta.com.br\/index.php\/wp-json\/wp\/v2\/posts\/68347\/revisions"}],"predecessor-version":[{"id":68350,"href":"https:\/\/www.portalalerta.com.br\/index.php\/wp-json\/wp\/v2\/posts\/68347\/revisions\/68350"}],"wp:featuredmedia":[{"embeddable":true,"href":"https:\/\/www.portalalerta.com.br\/index.php\/wp-json\/wp\/v2\/media\/68348"}],"wp:attachment":[{"href":"https:\/\/www.portalalerta.com.br\/index.php\/wp-json\/wp\/v2\/media?parent=68347"}],"wp:term":[{"taxonomy":"category","embeddable":true,"href":"https:\/\/www.portalalerta.com.br\/index.php\/wp-json\/wp\/v2\/categories?post=68347"},{"taxonomy":"post_tag","embeddable":true,"href":"https:\/\/www.portalalerta.com.br\/index.php\/wp-json\/wp\/v2\/tags?post=68347"}],"curies":[{"name":"wp","href":"https:\/\/api.w.org\/{rel}","templated":true}]}}