{"id":68351,"date":"2025-01-28T09:02:00","date_gmt":"2025-01-28T12:02:00","guid":{"rendered":"https:\/\/www.portalalerta.com.br\/?p=68351"},"modified":"2025-01-28T00:50:31","modified_gmt":"2025-01-28T03:50:31","slug":"com-maturidade-e-o-centro-que-reune-pt-e-pl-diz-motta-sobre-eleicao","status":"publish","type":"post","link":"https:\/\/www.portalalerta.com.br\/index.php\/2025\/01\/28\/com-maturidade-e-o-centro-que-reune-pt-e-pl-diz-motta-sobre-eleicao\/","title":{"rendered":"Com maturidade, \u00e9 o centro que re\u00fane PT e PL, diz Motta sobre elei\u00e7\u00e3o"},"content":{"rendered":"\n<p>Jantar com lideran\u00e7as pol\u00edticas de esquerda, centro e direita celebrou Hugo Motta como sucessor de Arthur Lira na presid\u00eancia na C\u00e2mara<\/p>\n\n\n\n<!--more-->\n\n\n\n<p>Em S\u00e3o Paulo, um jantar suprapartid\u00e1rio reuniu l\u00edderes do governo, do centro e da oposi\u00e7\u00e3o em apoio ao deputado federal Hugo Motta (Republicanos-PB), que deve presidir a C\u00e2mara pelos pr\u00f3ximos dois anos.<\/p>\n\n\n\n<p>O evento, em uma pizzaria no centro de S\u00e3o Paulo, reuniu o governador Tarc\u00edsio de Freitas (Republicanos), presidentes de partidos, ministros e deputados federais pelo estado, que organizaram o evento.<\/p>\n\n\n\n<p>Em discurso no sal\u00e3o, Hugo defendeu a postura de \u201cdi\u00e1logo\u201d e \u201cmaturidade\u201d dos partidos de centro, que possibilita a reuni\u00e3o de advers\u00e1rios pol\u00edticos sob um mesmo projeto.<\/p>\n\n\n\n<p>\u201c\u00c9 esse centro que, com di\u00e1logo e maturidade, d\u00e1 uma demonstra\u00e7\u00e3o de poder aqui, termos representantes do Partido dos Trabalhadores ao lado do Partido Liberal\u201d, afirmou Hugo Motta.<\/p>\n\n\n\n<p>No jantar, o deputado federal Kiko Celeguim (PT-SP) discursou em nome do PT. J\u00e1 pelo lado do PL, esteve presente o l\u00edder nacional da legenda, Valdemar da Costa Neto.<\/p>\n\n\n<div class=\"wp-block-image\">\n<figure class=\"alignleft size-large is-resized\"><img fetchpriority=\"high\" decoding=\"async\" src=\"https:\/\/www.portalalerta.com.br\/wp-content\/uploads\/2024\/12\/Sabino-Carrinho-de-mao-1024x1024.jpeg\" alt=\"\" class=\"wp-image-65525\" width=\"435\" height=\"435\" srcset=\"https:\/\/www.portalalerta.com.br\/wp-content\/uploads\/2024\/12\/Sabino-Carrinho-de-mao-1024x1024.jpeg 1024w, https:\/\/www.portalalerta.com.br\/wp-content\/uploads\/2024\/12\/Sabino-Carrinho-de-mao-240x240.jpeg 240w, https:\/\/www.portalalerta.com.br\/wp-content\/uploads\/2024\/12\/Sabino-Carrinho-de-mao-768x768.jpeg 768w, https:\/\/www.portalalerta.com.br\/wp-content\/uploads\/2024\/12\/Sabino-Carrinho-de-mao.jpeg 1080w\" sizes=\"(max-width: 435px) 100vw, 435px\" \/><\/figure><\/div>\n\n\n<p>\u201cO centro pol\u00edtico do pa\u00eds \u00e9 muitas vezes criticado, pois transparece que o centro \u00e9 uma aus\u00eancia de posi\u00e7\u00e3o\u201d, disse o deputado paraibano.<\/p>\n\n\n\n<p>\u201cN\u00e3o, o centro \u00e9 uma aus\u00eancia de preconceitos. N\u00e3o temos preconceitos de onde a ideia vem. Se ela \u00e9 boa para o pa\u00eds, temos a capacidade de buscar e implement\u00e1-la\u201d, afirmou.<\/p>\n\n\n\n<p>O jantar teve discursos assinalando Hugo Motta como continuidade do consenso pol\u00edtico formado por Arthur Lira (PP-AL), que deixa a presid\u00eancia da Casa ap\u00f3s quatro anos.<\/p>\n\n\n\n<p>\u201cEssa \u00e9 a foto da sua gest\u00e3o, Arthur Lira\u201d, afirmou Gilberto Kassab, presidente nacional do PSD, em discurso.<\/p>\n\n\n\n<p>Foi no entorno de Lira que se construiu o acordo que, no pr\u00f3ximo s\u00e1bado (1\u00b0), deve levar Hugo Motta a se tornar o presidente mais jovem da hist\u00f3ria da C\u00e2mara, aos 35 anos.<\/p>\n\n\n\n<p>Motta conta com o apoio de 17 partidos para ser al\u00e7ado ao comando da Casa. Juntos, os partidos somam 488 deputados.<\/p>\n\n\n\n<p>Com tamanho apoio, Motta se credencia para superar o recorde da reelei\u00e7\u00e3o de Lira como presidente, em 2023, quando recebeu 464 votos no Plen\u00e1rio.<\/p>\n\n\n\n<p>\u201cNas minhas contas, voc\u00ea vai ter entre 470 a 487. Estou come\u00e7ando a apostar para ganhar esse neg\u00f3cio no pr\u00f3ximo s\u00e1bado\u201d, afirmou Paulinho da For\u00e7a, presidente nacional do Solidariedade.<\/p>\n\n\n\n<p>Motta disputa a presid\u00eancia contra Marcel van Hattem (Novo-RS) e o Pastor Henrique Vieira (PSOL-RJ). O Novo conta com quatro deputados e o PSOL, 13.<\/p>\n\n\n\n<p>\u201cTivemos uma elei\u00e7\u00e3o que foi uma lavada (em 2023), mas foi a reelei\u00e7\u00e3o do Arthur\u201d, afirmou Valdemar. \u201cMas ter uma elei\u00e7\u00e3o (com ampla margem de votos) de sa\u00edda? Meus parab\u00e9ns, Arthur\u201d, acrescentou.<\/p>\n\n\n\n<p>O jantar faz parte do encerramento da campanha de Hugo Motta \u00e0 presid\u00eancia. Nesta ter\u00e7a-feira (28), a celebra\u00e7\u00e3o vai ser repetida no Rio de Janeiro \u2013 desta vez, em uma churrascaria.<\/p>\n\n\n\n<p><em>Fonte: CNN Brasil<\/em><\/p>\n","protected":false},"excerpt":{"rendered":"<p>Jantar com lideran\u00e7as pol\u00edticas de esquerda, centro e direita celebrou Hugo Motta como sucessor de Arthur Lira na presid\u00eancia na C\u00e2mara<\/p>\n","protected":false},"author":2,"featured_media":68349,"comment_status":"open","ping_status":"open","sticky":false,"template":"","format":"standard","meta":{"om_disable_all_campaigns":false,"_monsterinsights_skip_tracking":false,"_monsterinsights_sitenote_active":false,"_monsterinsights_sitenote_note":"","_monsterinsights_sitenote_category":0,"footnotes":""},"categories":[34,70,69,21],"tags":[100,71,48,93,75,4178,4180,129,107,4181,7745,132,230,106,203,120,51,3391,304,109,88,47,111,190],"class_list":["post-68351","post","type-post","status-publish","format-standard","has-post-thumbnail","hentry","category-brasil","category-destaques","category-noticias2","category-politica","tag-adustina","tag-antas","tag-araci","tag-brasil","tag-cicero-dantas","tag-cipo-2","tag-crisopolis-2","tag-euclides-da-cunha","tag-fatima","tag-heliopolis-2","tag-hugo-mota","tag-itapicuru","tag-jeremoabo","tag-nova-soure","tag-novo-triunfo","tag-olindina","tag-paripiranga","tag-pl","tag-pt","tag-quijingue","tag-ribeira-do-amparo","tag-ribeira-do-pombal","tag-sitio-do-quinto","tag-tucano"],"aioseo_notices":[],"_links":{"self":[{"href":"https:\/\/www.portalalerta.com.br\/index.php\/wp-json\/wp\/v2\/posts\/68351","targetHints":{"allow":["GET"]}}],"collection":[{"href":"https:\/\/www.portalalerta.com.br\/index.php\/wp-json\/wp\/v2\/posts"}],"about":[{"href":"https:\/\/www.portalalerta.com.br\/index.php\/wp-json\/wp\/v2\/types\/post"}],"author":[{"embeddable":true,"href":"https:\/\/www.portalalerta.com.br\/index.php\/wp-json\/wp\/v2\/users\/2"}],"replies":[{"embeddable":true,"href":"https:\/\/www.portalalerta.com.br\/index.php\/wp-json\/wp\/v2\/comments?post=68351"}],"version-history":[{"count":1,"href":"https:\/\/www.portalalerta.com.br\/index.php\/wp-json\/wp\/v2\/posts\/68351\/revisions"}],"predecessor-version":[{"id":68352,"href":"https:\/\/www.portalalerta.com.br\/index.php\/wp-json\/wp\/v2\/posts\/68351\/revisions\/68352"}],"wp:featuredmedia":[{"embeddable":true,"href":"https:\/\/www.portalalerta.com.br\/index.php\/wp-json\/wp\/v2\/media\/68349"}],"wp:attachment":[{"href":"https:\/\/www.portalalerta.com.br\/index.php\/wp-json\/wp\/v2\/media?parent=68351"}],"wp:term":[{"taxonomy":"category","embeddable":true,"href":"https:\/\/www.portalalerta.com.br\/index.php\/wp-json\/wp\/v2\/categories?post=68351"},{"taxonomy":"post_tag","embeddable":true,"href":"https:\/\/www.portalalerta.com.br\/index.php\/wp-json\/wp\/v2\/tags?post=68351"}],"curies":[{"name":"wp","href":"https:\/\/api.w.org\/{rel}","templated":true}]}}