{"id":68569,"date":"2025-02-03T07:00:00","date_gmt":"2025-02-03T10:00:00","guid":{"rendered":"https:\/\/www.portalalerta.com.br\/?p=68569"},"modified":"2025-02-02T22:29:11","modified_gmt":"2025-02-03T01:29:11","slug":"governo-de-pernambuco-proibe-torcida-em-jogos-do-sport-e-do-santa-cruz","status":"publish","type":"post","link":"https:\/\/www.portalalerta.com.br\/index.php\/2025\/02\/03\/governo-de-pernambuco-proibe-torcida-em-jogos-do-sport-e-do-santa-cruz\/","title":{"rendered":"Governo de Pernambuco pro\u00edbe torcida em jogos do Sport e do Santa Cruz"},"content":{"rendered":"\n<p>Medida foi tomada ap\u00f3s confrontos nas ruas do Recife antes de cl\u00e1ssico<\/p>\n\n\n\n<!--more-->\n\n\n\n<p>Horas ap\u00f3s membros de torcidas organizadas do Sport e do Santa Cruz protagonizarem, no \u00faltimo s\u00e1bado (1), violentos confrontos nas ruas do Recife, o Governo de Pernambuco anunciou que as duas equipes n\u00e3o poder\u00e3o contar com a presen\u00e7a de torcidas em seus est\u00e1dios em suas pr\u00f3ximas cinco partidas, seja pelo Campeonato Pernambucano ou pela Copa do Nordeste.<\/p>\n\n\n\n<p>Em postagem nas redes sociais, a governadora de Pernambuco, Raquel Lyra, anunciou outras medidas para combater a viol\u00eancia no futebol: \u201cAl\u00e9m disso, vamos trabalhar para que a compra de ingressos, a partir de agora, seja feita com cadastro biom\u00e9trico e reconhecimento facial. Neste per\u00edodo, atuaremos em conjunto com as recomenda\u00e7\u00f5es do Minist\u00e9rio P\u00fablico para garantir que o futebol pernambucano volte a ser um espa\u00e7o de paz. Estou trabalhando com a equipe do Governo desde o primeiro momento, e tomando as devidas provid\u00eancias para punir os v\u00e2ndalos respons\u00e1veis pela barb\u00e1rie vista mais cedo no Recife. Cerca de 700 policiais est\u00e3o destinados para a miss\u00e3o e os feridos est\u00e3o sendo atendidos no HR. Os verdadeiros torcedores e a popula\u00e7\u00e3o n\u00e3o podem e n\u00e3o v\u00e3o ficar acuados pelos que usam o futebol para praticar viol\u00eancia\u201d.<\/p>\n\n\n\n<p>Por\u00e9m, a iniciativa de proibir a presen\u00e7a de p\u00fablico n\u00e3o foi bem recebida pelo Sport, que afirmou, em nota publicada neste domingo (2): \u201cO Sport Club do Recife lamenta profundamente os atos de viol\u00eancia ocorridos no Recife no \u00faltimo s\u00e1bado, antes da partida contra o Santa Cruz. O clube, no entanto, discorda veementemente da \u2018solu\u00e7\u00e3o\u2019 apresentada pelo Governo do Estado, que pro\u00edbe a presen\u00e7a da torcida do Sport nos pr\u00f3ximos cinco jogos na Ilha do Retiro\u201d.<\/p>\n\n\n<div class=\"wp-block-image\">\n<figure class=\"alignleft size-full\"><img fetchpriority=\"high\" decoding=\"async\" width=\"400\" height=\"500\" src=\"https:\/\/www.portalalerta.com.br\/wp-content\/uploads\/2025\/01\/Liquida-Verao-Real-2025.jpg\" alt=\"\" class=\"wp-image-68486\" srcset=\"https:\/\/www.portalalerta.com.br\/wp-content\/uploads\/2025\/01\/Liquida-Verao-Real-2025.jpg 400w, https:\/\/www.portalalerta.com.br\/wp-content\/uploads\/2025\/01\/Liquida-Verao-Real-2025-192x240.jpg 192w\" sizes=\"(max-width: 400px) 100vw, 400px\" \/><\/figure><\/div>\n\n\n<p>Segundo a dire\u00e7\u00e3o do Le\u00e3o, \u201ca medida tomada penaliza apenas os verdadeiros torcedores, enquanto os respons\u00e1veis pelos atos criminosos seguem impunes, al\u00e9m de prejudicar uma cadeia do futebol\u201d.<\/p>\n\n\n\n<p>\u201cO Sport reitera que n\u00e3o tem responsabilidade pela seguran\u00e7a p\u00fablica nas ruas e nem pelo planejamento das for\u00e7as de seguran\u00e7a. Mesmo com a presen\u00e7a policial, os criminosos conseguiram se enfrentar e transformar as ruas do Recife em um cen\u00e1rio de guerra, evidenciando falhas no planejamento das autoridades. O clube n\u00e3o aceitar\u00e1 essa decis\u00e3o, que considera ineficaz, e tomar\u00e1 todas as medidas cab\u00edveis para garantir seus direitos, inclusive recorrendo ao Poder Judici\u00e1rio, sempre em defesa de seus torcedores e da sua comunidade. O Sport Club do Recife reafirma seu compromisso com a seguran\u00e7a e o bem-estar dos torcedores e seguir\u00e1 trabalhando para proporcionar um ambiente seguro e acolhedor para todos\u201d, concluiu a equipe na nota.<\/p>\n\n\n\n<p><em>Pernambuco-01\/02\/2025 Selvageria e brutalidade s\u00e3o registradas antes do cl\u00e1ssico Santa Cruz x Sport Club do Recife,um dos principais do estado do Pernambuco.&nbsp;<strong>Fotos redes sociais X<\/strong><\/em><\/p>\n\n\n\n<p><strong>Brigas generalizadas<\/strong><\/p>\n\n\n\n<p>Ap\u00f3s confrontos entre membros de torcidas organizadas do Santa Cruz e do Sport, 12 pessoas foram levadas no \u00faltimo s\u00e1bado para o Hospital da Restaura\u00e7\u00e3o, em Recife. Em nota publicada pela unidade de sa\u00fade, foi informado que na ocasi\u00e3o nove v\u00edtimas de agress\u00e3o f\u00edsica tinham sido liberadas ap\u00f3s atendimento e tr\u00eas foram internadas.<\/p>\n\n\n\n<p>As brigas generalizadas aconteceram antes do cl\u00e1ssico entre Santa Cruz e Sport, pelo Campeonato Pernambucano, que foi mantido apesar da confus\u00e3o. Diversos v\u00eddeos publicados nas redes sociais mostram cenas de extrema viol\u00eancia.<\/p>\n\n\n\n<p>Em nota publicada no \u00faltimo s\u00e1bado, a Secretaria de Defesa Social de Pernambuco informou que 14 pessoas foram&nbsp;detidas. Antes do jogo, cerca de 650 foram conduzidas at\u00e9 o Batalh\u00e3o de Pol\u00edcia de Choque (BPChoque) e passaram por revista, sendo acompanhadas at\u00e9 o local da partida.<\/p>\n\n\n\n<p><em>Fonte: Ag\u00eancia Brasil<\/em><\/p>\n","protected":false},"excerpt":{"rendered":"<p>Medida foi tomada ap\u00f3s confrontos nas ruas do Recife antes de cl\u00e1ssico<\/p>\n","protected":false},"author":2,"featured_media":68570,"comment_status":"open","ping_status":"open","sticky":false,"template":"","format":"standard","meta":{"om_disable_all_campaigns":false,"_monsterinsights_skip_tracking":false,"_monsterinsights_sitenote_active":false,"_monsterinsights_sitenote_note":"","_monsterinsights_sitenote_category":0,"footnotes":""},"categories":[34,70,2,69,22],"tags":[100,71,48,75,4178,4180,96,129,107,97,4181,132,230,106,203,120,51,109,88,47,7757,111,7756,6734,190,4943],"class_list":["post-68569","post","type-post","status-publish","format-standard","has-post-thumbnail","hentry","category-brasil","category-destaques","category-esportes","category-noticias2","category-seguranca","tag-adustina","tag-antas","tag-araci","tag-cicero-dantas","tag-cipo-2","tag-crisopolis-2","tag-esporte","tag-euclides-da-cunha","tag-fatima","tag-futebol","tag-heliopolis-2","tag-itapicuru","tag-jeremoabo","tag-nova-soure","tag-novo-triunfo","tag-olindina","tag-paripiranga","tag-quijingue","tag-ribeira-do-amparo","tag-ribeira-do-pombal","tag-santa-cruz","tag-sitio-do-quinto","tag-sport-recife","tag-torcidas-organizadas","tag-tucano","tag-violencia-2"],"aioseo_notices":[],"_links":{"self":[{"href":"https:\/\/www.portalalerta.com.br\/index.php\/wp-json\/wp\/v2\/posts\/68569","targetHints":{"allow":["GET"]}}],"collection":[{"href":"https:\/\/www.portalalerta.com.br\/index.php\/wp-json\/wp\/v2\/posts"}],"about":[{"href":"https:\/\/www.portalalerta.com.br\/index.php\/wp-json\/wp\/v2\/types\/post"}],"author":[{"embeddable":true,"href":"https:\/\/www.portalalerta.com.br\/index.php\/wp-json\/wp\/v2\/users\/2"}],"replies":[{"embeddable":true,"href":"https:\/\/www.portalalerta.com.br\/index.php\/wp-json\/wp\/v2\/comments?post=68569"}],"version-history":[{"count":1,"href":"https:\/\/www.portalalerta.com.br\/index.php\/wp-json\/wp\/v2\/posts\/68569\/revisions"}],"predecessor-version":[{"id":68571,"href":"https:\/\/www.portalalerta.com.br\/index.php\/wp-json\/wp\/v2\/posts\/68569\/revisions\/68571"}],"wp:featuredmedia":[{"embeddable":true,"href":"https:\/\/www.portalalerta.com.br\/index.php\/wp-json\/wp\/v2\/media\/68570"}],"wp:attachment":[{"href":"https:\/\/www.portalalerta.com.br\/index.php\/wp-json\/wp\/v2\/media?parent=68569"}],"wp:term":[{"taxonomy":"category","embeddable":true,"href":"https:\/\/www.portalalerta.com.br\/index.php\/wp-json\/wp\/v2\/categories?post=68569"},{"taxonomy":"post_tag","embeddable":true,"href":"https:\/\/www.portalalerta.com.br\/index.php\/wp-json\/wp\/v2\/tags?post=68569"}],"curies":[{"name":"wp","href":"https:\/\/api.w.org\/{rel}","templated":true}]}}