{"id":68572,"date":"2025-02-03T07:01:00","date_gmt":"2025-02-03T10:01:00","guid":{"rendered":"https:\/\/www.portalalerta.com.br\/?p=68572"},"modified":"2025-02-03T07:46:13","modified_gmt":"2025-02-03T10:46:13","slug":"cinco-jacares-do-papo-amarelo-sao-resgatados-no-acude-de-ribeira-do-pombal","status":"publish","type":"post","link":"https:\/\/www.portalalerta.com.br\/index.php\/2025\/02\/03\/cinco-jacares-do-papo-amarelo-sao-resgatados-no-acude-de-ribeira-do-pombal\/","title":{"rendered":"Cinco Jacar\u00e9s do Papo Amarelo s\u00e3o resgatados no A\u00e7ude de Ribeira do Pombal"},"content":{"rendered":"\n<p>Na \u00faltima sexta-feira (31), pescadores que estavam no a\u00e7ude de Ribeira do Pombal avistaram cinco jacar\u00e9s da esp\u00e9cie\u00a0<strong>Caiman latirostris<\/strong>, popularmente conhecida como\u00a0<strong>Jacar\u00e9 do Papo Amarelo<\/strong>. Diante da situa\u00e7\u00e3o, a Secretaria Municipal de Meio Ambiente foi acionada e, ap\u00f3s averigua\u00e7\u00e3o, confirmou a presen\u00e7a dos animais.<\/p>\n\n\n\n<!--more-->\n\n\n\n<p>O Instituto do Meio Ambiente e Recursos H\u00eddricos (INEMA) foi notificado e enviou uma equipe para realizar o resgate. A opera\u00e7\u00e3o contou tamb\u00e9m com o apoio do Corpo de Bombeiros, devido \u00e0 localiza\u00e7\u00e3o dos jacar\u00e9s em um po\u00e7o de aproximadamente&nbsp;<strong>3,5 metros de profundidade<\/strong>.<\/p>\n\n\n\n<p>Ap\u00f3s serem retirados, os animais foram medidos, sendo&nbsp;<strong>quatro deles com cerca de 60 cm e um maior, com aproximadamente 1 metro<\/strong>. O resgate come\u00e7ou por volta das 11h da manh\u00e3 e s\u00f3 foi finalizado \u00e0s 18h30. Os jacar\u00e9s foram encaminhados para o&nbsp;<strong>Centro Estadual de Triagem de Animais Silvestres (CETAS\/INEMA)<\/strong>, onde passar\u00e3o por avalia\u00e7\u00e3o antes de serem devolvidos ao habitat natural.<\/p>\n\n\n<div class=\"wp-block-image\">\n<figure class=\"alignleft size-large is-resized\"><img fetchpriority=\"high\" decoding=\"async\" src=\"https:\/\/www.portalalerta.com.br\/wp-content\/uploads\/2024\/12\/Sabino-Carrinho-de-mao-1024x1024.jpeg\" alt=\"\" class=\"wp-image-65525\" width=\"435\" height=\"435\" srcset=\"https:\/\/www.portalalerta.com.br\/wp-content\/uploads\/2024\/12\/Sabino-Carrinho-de-mao-1024x1024.jpeg 1024w, https:\/\/www.portalalerta.com.br\/wp-content\/uploads\/2024\/12\/Sabino-Carrinho-de-mao-240x240.jpeg 240w, https:\/\/www.portalalerta.com.br\/wp-content\/uploads\/2024\/12\/Sabino-Carrinho-de-mao-768x768.jpeg 768w, https:\/\/www.portalalerta.com.br\/wp-content\/uploads\/2024\/12\/Sabino-Carrinho-de-mao.jpeg 1080w\" sizes=\"(max-width: 435px) 100vw, 435px\" \/><\/figure><\/div>\n\n\n<p>Em entrevista ao&nbsp;<strong>Dia a Dia Nordeste<\/strong>, o bi\u00f3logo&nbsp;<strong>Tiago Rehem<\/strong>, da Secretaria de Meio Ambiente, explicou que, apesar de&nbsp;<strong>n\u00e3o serem nativos da regi\u00e3o<\/strong>, os jacar\u00e9s&nbsp;<strong>n\u00e3o causam desequil\u00edbrio ambiental, muito pelo contr\u00e1rio<\/strong>. Segundo ele, esp\u00e9cies de peixes como o&nbsp;<strong>tambaqui<\/strong>, que podem chegar a 1 metro de comprimento, fazem parte da cadeia alimentar dos jacar\u00e9s, assim como&nbsp;<strong>capivaras e carpas<\/strong>, que se reproduzem rapidamente.<\/p>\n\n\n\n<p>Ele ainda lembrou que a Prefeitura realiza periodicamente o&nbsp;<strong>peixamento<\/strong>&nbsp;das \u00e1guas p\u00fablicas e, sem a presen\u00e7a dos jacar\u00e9s, a&nbsp;<strong>popula\u00e7\u00e3o desses peixes poderia sair do controle<\/strong>.<\/p>\n\n\n\n<p>Os jacar\u00e9s v\u00eam sendo avistados na regi\u00e3o&nbsp;<strong>desde a d\u00e9cada de 1980<\/strong>, e costumam&nbsp;<strong>se deslocar em per\u00edodos chuvosos<\/strong>. Uma&nbsp;<strong>f\u00eamea em idade reprodutiva pode p\u00f4r de 40 a 70 ovos<\/strong>, o que justifica o aumento no n\u00famero de registros da esp\u00e9cie na cidade.<\/p>\n\n\n\n<p>&nbsp;<strong>Orienta\u00e7\u00e3o:<\/strong>&nbsp;A Secretaria de Meio Ambiente refor\u00e7a que, ao avistar animais silvestres em \u00e1reas urbanas, a popula\u00e7\u00e3o deve evitar qualquer tipo de aproxima\u00e7\u00e3o e acionar as autoridades competentes.<\/p>\n\n\n\n<p><em>Fonte base a informa\u00e7\u00e3o: WebDi\u00e1rio<\/em><\/p>\n\n\n\n<p><em>Com informa\u00e7\u00f5es: Dia a Dia Nordeste<\/em><\/p>\n","protected":false},"excerpt":{"rendered":"<p>Na \u00faltima sexta-feira (31), pescadores que estavam no a\u00e7ude de Ribeira do Pombal avistaram cinco jacar\u00e9s da esp\u00e9cie\u00a0Caiman latirostris, popularmente conhecida como\u00a0Jacar\u00e9 do Papo Amarelo. Diante da situa\u00e7\u00e3o, a Secretaria Municipal de Meio Ambiente foi acionada e, ap\u00f3s averigua\u00e7\u00e3o, confirmou a presen\u00e7a dos animais.<\/p>\n","protected":false},"author":2,"featured_media":68573,"comment_status":"open","ping_status":"open","sticky":false,"template":"","format":"standard","meta":{"om_disable_all_campaigns":false,"_monsterinsights_skip_tracking":false,"_monsterinsights_sitenote_active":false,"_monsterinsights_sitenote_note":"","_monsterinsights_sitenote_category":0,"footnotes":""},"categories":[70,69,32,3],"tags":[],"class_list":["post-68572","post","type-post","status-publish","format-standard","has-post-thumbnail","hentry","category-destaques","category-noticias2","category-regiao","category-ribeira-do-pombal"],"aioseo_notices":[],"_links":{"self":[{"href":"https:\/\/www.portalalerta.com.br\/index.php\/wp-json\/wp\/v2\/posts\/68572","targetHints":{"allow":["GET"]}}],"collection":[{"href":"https:\/\/www.portalalerta.com.br\/index.php\/wp-json\/wp\/v2\/posts"}],"about":[{"href":"https:\/\/www.portalalerta.com.br\/index.php\/wp-json\/wp\/v2\/types\/post"}],"author":[{"embeddable":true,"href":"https:\/\/www.portalalerta.com.br\/index.php\/wp-json\/wp\/v2\/users\/2"}],"replies":[{"embeddable":true,"href":"https:\/\/www.portalalerta.com.br\/index.php\/wp-json\/wp\/v2\/comments?post=68572"}],"version-history":[{"count":2,"href":"https:\/\/www.portalalerta.com.br\/index.php\/wp-json\/wp\/v2\/posts\/68572\/revisions"}],"predecessor-version":[{"id":68581,"href":"https:\/\/www.portalalerta.com.br\/index.php\/wp-json\/wp\/v2\/posts\/68572\/revisions\/68581"}],"wp:featuredmedia":[{"embeddable":true,"href":"https:\/\/www.portalalerta.com.br\/index.php\/wp-json\/wp\/v2\/media\/68573"}],"wp:attachment":[{"href":"https:\/\/www.portalalerta.com.br\/index.php\/wp-json\/wp\/v2\/media?parent=68572"}],"wp:term":[{"taxonomy":"category","embeddable":true,"href":"https:\/\/www.portalalerta.com.br\/index.php\/wp-json\/wp\/v2\/categories?post=68572"},{"taxonomy":"post_tag","embeddable":true,"href":"https:\/\/www.portalalerta.com.br\/index.php\/wp-json\/wp\/v2\/tags?post=68572"}],"curies":[{"name":"wp","href":"https:\/\/api.w.org\/{rel}","templated":true}]}}