{"id":68640,"date":"2025-02-04T12:22:49","date_gmt":"2025-02-04T15:22:49","guid":{"rendered":"https:\/\/www.portalalerta.com.br\/?p=68640"},"modified":"2025-02-04T12:22:50","modified_gmt":"2025-02-04T15:22:50","slug":"prefeitura-de-ribeira-do-pombal-abre-processo-seletivo-interno-para-diretores-e-vice-diretores-das-escolas-municipais","status":"publish","type":"post","link":"https:\/\/www.portalalerta.com.br\/index.php\/2025\/02\/04\/prefeitura-de-ribeira-do-pombal-abre-processo-seletivo-interno-para-diretores-e-vice-diretores-das-escolas-municipais\/","title":{"rendered":"Prefeitura de Ribeira do Pombal abre Processo Seletivo Interno para Diretores e Vice-Diretores das Escolas Municipais"},"content":{"rendered":"\n<p>A Prefeitura de Ribeira do Pombal anunciou a abertura do Processo Seletivo Simplificado Interno para a fun\u00e7\u00e3o de Diretor(a) e Vice-Diretor(a) das Escolas e Centros Municipais de Educa\u00e7\u00e3o Infantil (CMEIs) da rede municipal. O edital foi publicado no Di\u00e1rio Oficial do Munic\u00edpio nesta segunda-feira (3).<\/p>\n\n\n\n<!--more-->\n\n\n\n<p>O processo tem como objetivo selecionar servidores efetivos do quadro do magist\u00e9rio municipal para assumir 18 vagas de Diretor(a) e 10 vagas de Vice-diretor(a). A sele\u00e7\u00e3o ocorrer\u00e1 com base em crit\u00e9rios t\u00e9cnicos e profissionais, garantindo que os gestores tenham experi\u00eancia e qualifica\u00e7\u00e3o para ocupar os cargos.<\/p>\n\n\n<div class=\"wp-block-image\">\n<figure class=\"alignleft size-full\"><img fetchpriority=\"high\" decoding=\"async\" width=\"400\" height=\"500\" src=\"https:\/\/www.portalalerta.com.br\/wp-content\/uploads\/2025\/01\/Liquida-Verao-Real-2025.jpg\" alt=\"\" class=\"wp-image-68486\" srcset=\"https:\/\/www.portalalerta.com.br\/wp-content\/uploads\/2025\/01\/Liquida-Verao-Real-2025.jpg 400w, https:\/\/www.portalalerta.com.br\/wp-content\/uploads\/2025\/01\/Liquida-Verao-Real-2025-192x240.jpg 192w\" sizes=\"(max-width: 400px) 100vw, 400px\" \/><\/figure><\/div>\n\n\n<p>Etapas do Processo Seletivo<\/p>\n\n\n\n<p>Os candidatos passar\u00e3o pelas seguintes fases:<\/p>\n\n\n\n<p>An\u00e1lise documental e curricular \u2013 verifica\u00e7\u00e3o dos requisitos m\u00ednimos e pontua\u00e7\u00e3o por t\u00edtulos e experi\u00eancia profissional.<\/p>\n\n\n\n<p>Entrevista \u2013 avalia\u00e7\u00e3o de habilidades e perfil de lideran\u00e7a.<\/p>\n\n\n\n<p>Apresenta\u00e7\u00e3o de Plano de Gest\u00e3o \u2013 etapa consultiva em que os candidatos exp\u00f5em suas propostas para a escola.<\/p>\n\n\n\n<p>Inscri\u00e7\u00f5es<\/p>\n\n\n\n<p>&nbsp;Per\u00edodo: 06 a 14 de fevereiro de 2025<\/p>\n\n\n\n<p>Local: Secretaria Municipal de Educa\u00e7\u00e3o \u2013 Av. Oliveira Brito, 607, Centro, Ribeira do Pombal<\/p>\n\n\n\n<p>&nbsp;Documenta\u00e7\u00e3o necess\u00e1ria: RG, CPF, comprovante de resid\u00eancia, diploma de gradua\u00e7\u00e3o, certid\u00e3o de antecedentes criminais, entre outros listados no edital.<\/p>\n\n\n\n<p>A nomea\u00e7\u00e3o dos aprovados ter\u00e1 validade de dois anos, podendo ser renovada conforme as necessidades da administra\u00e7\u00e3o p\u00fablica. O resultado final ser\u00e1 divulgado em 18 de mar\u00e7o de 2025.<\/p>\n\n\n\n<p>Os interessados devem acompanhar o andamento do processo pelo site oficial da Prefeitura.<\/p>\n\n\n\n<p>&nbsp;<em>Fonte: SECOM\/ Ribeira do Pombal<\/em><\/p>\n","protected":false},"excerpt":{"rendered":"<p>A Prefeitura de Ribeira do Pombal anunciou a abertura do Processo Seletivo Simplificado Interno para a fun\u00e7\u00e3o de Diretor(a) e Vice-Diretor(a) das Escolas e Centros Municipais de Educa\u00e7\u00e3o Infantil (CMEIs) da rede municipal. O edital foi publicado no Di\u00e1rio Oficial do Munic\u00edpio nesta segunda-feira (3).<\/p>\n","protected":false},"author":2,"featured_media":68639,"comment_status":"open","ping_status":"open","sticky":false,"template":"","format":"standard","meta":{"om_disable_all_campaigns":false,"_monsterinsights_skip_tracking":false,"_monsterinsights_sitenote_active":false,"_monsterinsights_sitenote_note":"","_monsterinsights_sitenote_category":0,"footnotes":""},"categories":[70,20,69,32,3],"tags":[100,71,48,75,4178,4180,1262,6281,140,1808,129,107,4181,132,230,106,203,120,51,109,88,47,111,190,7761,7762],"class_list":["post-68640","post","type-post","status-publish","format-standard","has-post-thumbnail","hentry","category-destaques","category-educacao","category-noticias2","category-regiao","category-ribeira-do-pombal","tag-adustina","tag-antas","tag-araci","tag-cicero-dantas","tag-cipo-2","tag-crisopolis-2","tag-diretor","tag-diretora","tag-educacao","tag-eleicao","tag-euclides-da-cunha","tag-fatima","tag-heliopolis-2","tag-itapicuru","tag-jeremoabo","tag-nova-soure","tag-novo-triunfo","tag-olindina","tag-paripiranga","tag-quijingue","tag-ribeira-do-amparo","tag-ribeira-do-pombal","tag-sitio-do-quinto","tag-tucano","tag-vice-diretor","tag-vice-diretora"],"aioseo_notices":[],"_links":{"self":[{"href":"https:\/\/www.portalalerta.com.br\/index.php\/wp-json\/wp\/v2\/posts\/68640","targetHints":{"allow":["GET"]}}],"collection":[{"href":"https:\/\/www.portalalerta.com.br\/index.php\/wp-json\/wp\/v2\/posts"}],"about":[{"href":"https:\/\/www.portalalerta.com.br\/index.php\/wp-json\/wp\/v2\/types\/post"}],"author":[{"embeddable":true,"href":"https:\/\/www.portalalerta.com.br\/index.php\/wp-json\/wp\/v2\/users\/2"}],"replies":[{"embeddable":true,"href":"https:\/\/www.portalalerta.com.br\/index.php\/wp-json\/wp\/v2\/comments?post=68640"}],"version-history":[{"count":2,"href":"https:\/\/www.portalalerta.com.br\/index.php\/wp-json\/wp\/v2\/posts\/68640\/revisions"}],"predecessor-version":[{"id":68642,"href":"https:\/\/www.portalalerta.com.br\/index.php\/wp-json\/wp\/v2\/posts\/68640\/revisions\/68642"}],"wp:featuredmedia":[{"embeddable":true,"href":"https:\/\/www.portalalerta.com.br\/index.php\/wp-json\/wp\/v2\/media\/68639"}],"wp:attachment":[{"href":"https:\/\/www.portalalerta.com.br\/index.php\/wp-json\/wp\/v2\/media?parent=68640"}],"wp:term":[{"taxonomy":"category","embeddable":true,"href":"https:\/\/www.portalalerta.com.br\/index.php\/wp-json\/wp\/v2\/categories?post=68640"},{"taxonomy":"post_tag","embeddable":true,"href":"https:\/\/www.portalalerta.com.br\/index.php\/wp-json\/wp\/v2\/tags?post=68640"}],"curies":[{"name":"wp","href":"https:\/\/api.w.org\/{rel}","templated":true}]}}