{"id":68643,"date":"2025-02-04T12:27:27","date_gmt":"2025-02-04T15:27:27","guid":{"rendered":"https:\/\/www.portalalerta.com.br\/?p=68643"},"modified":"2025-02-04T12:27:28","modified_gmt":"2025-02-04T15:27:28","slug":"banco-central-sinaliza-que-inflacao-pode-estourar-a-meta-em-junho","status":"publish","type":"post","link":"https:\/\/www.portalalerta.com.br\/index.php\/2025\/02\/04\/banco-central-sinaliza-que-inflacao-pode-estourar-a-meta-em-junho\/","title":{"rendered":"Banco Central sinaliza que infla\u00e7\u00e3o pode estourar a meta em junho"},"content":{"rendered":"\n<p>Na \u00faltima reuni\u00e3o, o Comit\u00ea de Pol\u00edtica Monet\u00e1ria subiu a taxa b\u00e1sica de juros para 13,25%<\/p>\n\n\n\n<!--more-->\n\n\n\n<p>O&nbsp;Banco Central (BC)&nbsp;informou nesta ter\u00e7a-feira (4) que a infla\u00e7\u00e3o deve fechar junho acima da meta de 3%, com intervalo de toler\u00e2ncia de at\u00e9 4,5%.<\/p>\n\n\n\n<p>A informa\u00e7\u00e3o consta na ata do&nbsp;Comit\u00ea de Pol\u00edtica Monet\u00e1ria (Copom)&nbsp;divulgada nesta ter\u00e7a-feira (4).<\/p>\n\n\n\n<p>Em 2025, passou a valer uma nova sistem\u00e1tica da meta de infla\u00e7\u00e3o em que o BC perseguir\u00e1 uma meta cont\u00ednua, na qual a varia\u00e7\u00e3o do \u00cdndice Nacional de Pre\u00e7os ao Consumidor Amplo (IPCA) \u00e9 considerada m\u00eas a m\u00eas.<\/p>\n\n\n\n<p>Com a altera\u00e7\u00e3o, a autoridade monet\u00e1ria s\u00f3 descumprir\u00e1 a meta se o acumulado de 12 meses ficar fora do intervalo proposto ao longo de seis meses consecutivos.<\/p>\n\n\n\n<p>\u201cFoi destacado, na an\u00e1lise de curto prazo, que, em se concretizando as proje\u00e7\u00f5es do cen\u00e1rio de refer\u00eancia, a infla\u00e7\u00e3o acumulada em doze meses permanecer\u00e1 acima do limite superior do intervalo de toler\u00e2ncia da meta nos pr\u00f3ximos seis meses consecutivos. Desse modo, com a infla\u00e7\u00e3o de junho deste ano, configurar-se-ia descumprimento da meta sob a nova sistem\u00e1tica do regime de metas\u201d, diz o texto.<\/p>\n\n\n<div class=\"wp-block-image\">\n<figure class=\"alignleft size-large is-resized\"><img fetchpriority=\"high\" decoding=\"async\" src=\"https:\/\/www.portalalerta.com.br\/wp-content\/uploads\/2024\/12\/Sabino-Carrinho-de-mao-1024x1024.jpeg\" alt=\"\" class=\"wp-image-65525\" width=\"435\" height=\"435\" srcset=\"https:\/\/www.portalalerta.com.br\/wp-content\/uploads\/2024\/12\/Sabino-Carrinho-de-mao-1024x1024.jpeg 1024w, https:\/\/www.portalalerta.com.br\/wp-content\/uploads\/2024\/12\/Sabino-Carrinho-de-mao-240x240.jpeg 240w, https:\/\/www.portalalerta.com.br\/wp-content\/uploads\/2024\/12\/Sabino-Carrinho-de-mao-768x768.jpeg 768w, https:\/\/www.portalalerta.com.br\/wp-content\/uploads\/2024\/12\/Sabino-Carrinho-de-mao.jpeg 1080w\" sizes=\"(max-width: 435px) 100vw, 435px\" \/><\/figure><\/div>\n\n\n<p>Dessa forma, caso a meta seja descumprida em junho, o presidente do BC, Gabriel Gal\u00edpolo, ter\u00e1 que escrever uma nova carta neste ano para explicar infla\u00e7\u00e3o fora da meta.<\/p>\n\n\n\n<p><a href=\"https:\/\/www.cnnbrasil.com.br\/economia\/macroeconomia\/galipolo-deve-escrever-duas-cartas-para-explicar-inflacao-fora-da-meta-no-1o-semestre\/#:~:text=A%20meta%20estabelecida%20pelo%20Conselho,%2C%20at%C3%A9%204%2C50%25.\">Em janeiro, Gal\u00edpolo enviou uma carta ao ministro da Fazenda, Fernando Haddad, para explicar o estouro da meta da infla\u00e7\u00e3o de 2024<\/a>.<\/p>\n\n\n\n<p>O IPCA encerrou o per\u00edodo de janeiro a dezembro de 2024 em 4,83%. Segundo a ata do Copom, a infla\u00e7\u00e3o deve encerrar 2025 em 5,2%.<\/p>\n\n\n\n<p>No documento, o colegiado cita a&nbsp;<a href=\"https:\/\/www.cnnbrasil.com.br\/economia\/macroeconomia\/banco-central-cita-inflacao-e-alta-no-preco-dos-alimentos-em-ata-do-copom\/\">alta nos pre\u00e7os dos alimentos e a trajet\u00f3ria recente de alta do d\u00f3lar<\/a>, que pressiona os bens industrializados.<\/p>\n\n\n\n<p>\u201cOs pre\u00e7os de alimentos se elevaram de forma significativa, em fun\u00e7\u00e3o, dentre outros fatores, da estiagem observada ao longo do ano e da eleva\u00e7\u00e3o de pre\u00e7os de carnes, tamb\u00e9m afetada pelo ciclo do boi. Esse aumento tende a se propagar para o m\u00e9dio prazo em virtude da presen\u00e7a de importantes mecanismos inerciais da economia brasileira\u201d, diz o documento.<\/p>\n\n\n\n<p><a href=\"https:\/\/www.cnnbrasil.com.br\/economia\/macroeconomia\/copom-29-janeiro-2025\/#:~:text=O%20Comit%C3%AA%20de%20Pol%C3%ADtica%20Monet%C3%A1ria,13%2C25%25%20ao%20ano.\">Na \u00faltima reuni\u00e3o, o colegiado subiu a taxa b\u00e1sica de juros para 13,25%, alta de 1 ponto percentual<\/a>.<\/p>\n\n\n\n<p>Na ocasi\u00e3o, o colegiado refor\u00e7ou compromisso com o guidance sinalizado anteriormente, e disse que deve realizar uma alta de mesma magnitude na pr\u00f3xima reuni\u00e3o, levando a Selic a 14,25% em mar\u00e7o.<\/p>\n\n\n\n<p>\u201cPara al\u00e9m da pr\u00f3xima reuni\u00e3o, a magnitude total do ciclo de aperto monet\u00e1rio ser\u00e1 ditada pelo firme compromisso de converg\u00eancia da infla\u00e7\u00e3o \u00e0 meta e depender\u00e1 da evolu\u00e7\u00e3o da din\u00e2mica da infla\u00e7\u00e3o, em especial dos componentes mais sens\u00edveis \u00e0 atividade econ\u00f4mica e \u00e0 pol\u00edtica monet\u00e1ria, das proje\u00e7\u00f5es de infla\u00e7\u00e3o, das expectativas de infla\u00e7\u00e3o, do hiato do produto e do balan\u00e7o de riscos\u201d, diz a ata.<\/p>\n\n\n\n<p><a href=\"https:\/\/stories.cnnbrasil.com.br\/economia\/app-da-carteira-de-trabalho-digital-permite-consultar-vagas-de-emprego\/\">App da Carteira de Trabalho Digital permite consultar vagas de emprego<\/a><\/p>\n\n\n\n<p><em>Fonte: CNN Brasil<\/em><\/p>\n","protected":false},"excerpt":{"rendered":"<p>Na \u00faltima reuni\u00e3o, o Comit\u00ea de Pol\u00edtica Monet\u00e1ria subiu a taxa b\u00e1sica de juros para 13,25%<\/p>\n","protected":false},"author":2,"featured_media":16868,"comment_status":"open","ping_status":"open","sticky":false,"template":"","format":"standard","meta":{"om_disable_all_campaigns":false,"_monsterinsights_skip_tracking":false,"_monsterinsights_sitenote_active":false,"_monsterinsights_sitenote_note":"","_monsterinsights_sitenote_category":0,"footnotes":""},"categories":[34,70,69,21],"tags":[100,71,48,1486,75,4178,4180,129,107,4181,359,132,230,106,203,120,51,109,88,47,111,190],"class_list":["post-68643","post","type-post","status-publish","format-standard","has-post-thumbnail","hentry","category-brasil","category-destaques","category-noticias2","category-politica","tag-adustina","tag-antas","tag-araci","tag-banco-central","tag-cicero-dantas","tag-cipo-2","tag-crisopolis-2","tag-euclides-da-cunha","tag-fatima","tag-heliopolis-2","tag-inflacao","tag-itapicuru","tag-jeremoabo","tag-nova-soure","tag-novo-triunfo","tag-olindina","tag-paripiranga","tag-quijingue","tag-ribeira-do-amparo","tag-ribeira-do-pombal","tag-sitio-do-quinto","tag-tucano"],"aioseo_notices":[],"_links":{"self":[{"href":"https:\/\/www.portalalerta.com.br\/index.php\/wp-json\/wp\/v2\/posts\/68643","targetHints":{"allow":["GET"]}}],"collection":[{"href":"https:\/\/www.portalalerta.com.br\/index.php\/wp-json\/wp\/v2\/posts"}],"about":[{"href":"https:\/\/www.portalalerta.com.br\/index.php\/wp-json\/wp\/v2\/types\/post"}],"author":[{"embeddable":true,"href":"https:\/\/www.portalalerta.com.br\/index.php\/wp-json\/wp\/v2\/users\/2"}],"replies":[{"embeddable":true,"href":"https:\/\/www.portalalerta.com.br\/index.php\/wp-json\/wp\/v2\/comments?post=68643"}],"version-history":[{"count":1,"href":"https:\/\/www.portalalerta.com.br\/index.php\/wp-json\/wp\/v2\/posts\/68643\/revisions"}],"predecessor-version":[{"id":68644,"href":"https:\/\/www.portalalerta.com.br\/index.php\/wp-json\/wp\/v2\/posts\/68643\/revisions\/68644"}],"wp:featuredmedia":[{"embeddable":true,"href":"https:\/\/www.portalalerta.com.br\/index.php\/wp-json\/wp\/v2\/media\/16868"}],"wp:attachment":[{"href":"https:\/\/www.portalalerta.com.br\/index.php\/wp-json\/wp\/v2\/media?parent=68643"}],"wp:term":[{"taxonomy":"category","embeddable":true,"href":"https:\/\/www.portalalerta.com.br\/index.php\/wp-json\/wp\/v2\/categories?post=68643"},{"taxonomy":"post_tag","embeddable":true,"href":"https:\/\/www.portalalerta.com.br\/index.php\/wp-json\/wp\/v2\/tags?post=68643"}],"curies":[{"name":"wp","href":"https:\/\/api.w.org\/{rel}","templated":true}]}}